{"id":4547,"date":"2025-06-22T00:22:49","date_gmt":"2025-06-21T22:22:49","guid":{"rendered":"https:\/\/www.periferieprahy.cz\/blog\/?p=4547"},"modified":"2025-06-24T09:59:49","modified_gmt":"2025-06-24T07:59:49","slug":"libocke-osobnosti","status":"publish","type":"post","link":"https:\/\/www.periferieprahy.cz\/blog\/2025\/06\/22\/libocke-osobnosti\/","title":{"rendered":"Libock\u00e9 osobnosti"},"content":{"rendered":"\n<img loading=\"lazy\" decoding=\"async\" border=\"0\" src=\"https:\/\/www.periferieprahy.cz\/blog\/wp-content\/uploads\/2024\/12\/pismo7_17.gif\" width=\"89\" height=\"132\" align=\"left\"><b><font face=\"Roboto Slab\" size=\"6\" color=\"#800000\">ycht\u00e1\u0159i \n\t\t\ta starostov\u00e9<\/font><\/b><\/p>\n\t\t\t<p align=\"left\" style=\"margin-top: 0; margin-bottom: 0\">&nbsp;<\/p>\n\t\t\t<p align=\"left\" style=\"margin-top: 0; margin-bottom: 0\">\n\t\t\t<font face=\"Roboto Slab\">Podle<\/font><b><font face=\"Roboto Slab\" color=\"#FF0000\">\n\t\t\t<\/font><\/b><font face=\"Roboto Slab\">p\u0159episu matrik libock\u00fdch a \n\t\t\t&quot;Pam\u011btn\u00ed knihy libock\u00e9&quot; a z\u00e1pis\u016f v matrik\u00e1ch lze sestavit jac\u00ed \n\t\t\tmu\u017eov\u00e9 byly postaveni do \u010dela obce. Prvn\u00edm zn\u00e1m\u00fdm rycht\u00e1\u0159em byl v \n\t\t\troce 1767 <b><font size=\"4\">Mat\u011bj \u0160est\u00e1k<\/font><\/b> [s.1] (prof. Jan \n\t\t\tHerink uv\u00e1d\u00ed dokonce rok 1707). <\/font><b>\n\n\n\n<p><em>Roku 1777 p\u0159ipom\u00edn\u00e1 se v Liboci rycht\u00e1\u0159 <strong>V\u00e1cslav Tu\u010dek<\/strong><\/em> <a href=\"https:\/\/www.periferieprahy.cz\/blog\/2025\/03\/22\/c-p-13-statek-u-tucku-pozdeji-kubrovi\/#h62\">*15.8.1721<\/a> [s. 36b] z <a href=\"https:\/\/www.periferieprahy.cz\/blog\/2025\/03\/22\/c-p-13-statek-u-tucku-pozdeji-kubrovi\/\">\u010d.p.13<\/a>, syn Vojt\u011bcha Tu\u010dka. <br>&nbsp;<\/p>\n\n\n\n<p>V letech 1790 a\u017e 1802 je&nbsp; rycht\u00e1\u0159em&nbsp; <strong>Jan Tu\u010dek<\/strong> <a href=\"https:\/\/www.periferieprahy.cz\/blog\/2025\/03\/22\/c-p-13-statek-u-tucku-pozdeji-kubrovi\/#h42\">*<strong>20.5.1751<\/strong><\/a> rovn\u011b\u017e z <a href=\"file:\/\/\/C:\/Users\/jarda\/Documents\/weby\/periferieprahy\/1_cp13.htm\"> <\/a><a href=\"https:\/\/www.periferieprahy.cz\/blog\/2025\/03\/22\/c-p-13-statek-u-tucku-pozdeji-kubrovi\/\">\u010d.p.13<\/a>, syn V\u00e1clava Tu\u010dka [s. 36b]<br>&nbsp;<\/p>\n\n\n\n<p>Ze z\u00e1znamu o \u00famrt\u00ed <strong>V\u00e1clava Hole\u010dka<\/strong> z <a href=\"https:\/\/www.periferieprahy.cz\/blog\/2025\/04\/03\/c-p-17-holeckarna\/\">\u010d.p.17<\/a> je patrn\u00e9, \u017ee funkci rycht\u00e1\u0159e vykon\u00e1val i on, z\u0159ejm\u011b po Janu Tu\u010dkovi . Zem\u0159el &nbsp;<a href=\"https:\/\/www.periferieprahy.cz\/blog\/2025\/04\/03\/c-p-17-holeckarna\/#vaclav1829_tod\">\u202015.5. 1829<\/a> ve v\u011bku 85 let <em>soused a spolu rycht\u00e1\u0159.<\/em><\/p>\n\n\n\n<p>V roce 1848 \u017eil v Liboci je\u0161t\u011b jeden rycht\u00e1\u0159 z tohoto rodu. Ten ale slou\u017eil na b\u0159evnovsk\u00e9m panstv\u00ed. Dokazuje to z\u00e1pis v kronice <em>&#8230;Za bou\u0159liv\u00e9ho roku 1848, kdy v Praze bojov\u00e1no na barik\u00e1d\u00e1ch za pr\u00e1va a svobodu, vypravili se n\u011bkte\u0159\u00ed odv\u00e1\u017en\u011bj\u0161\u00ed ob\u010dan\u00e9 zdej\u0161\u00ed Pra\u017ean\u016fm na pomoc,&#8230;v\u00fdprav\u011b postavili se v \u010delo&#8230;&#8230;a sedl\u00e1k Hole\u010dek -\u010d.17 t.\u010d. t\u00e9\u017e radn\u00ed v B\u0159evnov\u011b&#8230;..<\/em>[s.41a,b]. To byl Franti\u0161ek Hole\u010dek, syn V\u00e1clava Hole\u010dka. Je uv\u00e1d\u011bn v z\u00e1znamech o narozen\u00ed potomk\u016f jako <strong><em>rycht\u00e1\u0159 na panstv\u00ed b\u0159evnovsk\u00e9m<\/em><\/strong> viz <a href=\"#alzbeta1848\">(<\/a><a href=\"https:\/\/www.periferieprahy.cz\/blog\/2025\/04\/03\/c-p-17-holeckarna\/#alzbeta1848\">Al\u017eb\u011bta *10.11.1848<\/a><a href=\"#alzbeta1848\">)<\/a>.<\/p>\n\n\n\n<p><strong>Posledn\u00edm vrchnostensk\u00fdm rycht\u00e1\u0159em<\/strong> byl <strong>V\u00e1clav \u0160est\u00e1k<\/strong> <a href=\"https:\/\/www.periferieprahy.cz\/blog\/2025\/03\/06\/c-p-7\/#M1\">*13.9.1787<\/a>&#8211; <a href=\"https:\/\/www.periferieprahy.cz\/blog\/2025\/03\/06\/c-p-7\/#M2\">\u202030.10.1862<\/a> z <a href=\"https:\/\/www.periferieprahy.cz\/blog\/2025\/03\/06\/c-p-7\/\">\u010d.p.7<\/a> <em>&#8230;jsa vyslou\u017eil\u00fdm kyrysarem t\u011bla obrovsk\u00e9ho&#8230;<\/em> [s.41a] jeho funkce skon\u010dila v roce 1849, kdy po zru\u0161en\u00ed poddanstv\u00ed&nbsp; byly z\u0159izov\u00e1ny v souladu s tehdej\u0161\u00ed \u00fastavou (4.3.1849) samospr\u00e1vn\u00e9 org\u00e1ny v \u010dele se starosty<em>&#8230;..voleni jsou obecn\u00ed starostov\u00e9 i z\u00e1stupcov\u00e9 na dobu t\u0159\u00ed rok\u016f&#8230;<\/em>[s.41b].<\/p>\n\n\n\n<p><em><strong>Prvn\u00edm volen\u00fdm starostou<\/strong> uv\u00e1d\u00ed se zde r. 1851 -1854 <strong>Jan Kubr<\/strong><\/em> [s.41b] z <a href=\"file:\/\/\/C:\/Users\/jarda\/Documents\/weby\/periferieprahy\/1_cp18.htm\">\u010d.p.18 <\/a>. Je to patrno t\u00e9\u017e ze z\u00e1znamu o narozen\u00ed syna <a href=\"file:\/\/\/C:\/Users\/jarda\/Documents\/weby\/periferieprahy\/Foto\/cp18.h95.jpg\">Franti\u0161ka *16.9.1851<\/a>, kde je uveden jako <em>roln\u00edk a p\u0159edstaven\u00fd obce libock\u00e9<\/em>.<br>&nbsp;<\/p>\n\n\n\n<p>&nbsp;<em>Od r. 1856 &#8211; 1861 byl zde obecn\u00edm starostou domk\u00e1\u0159 <strong>Josef Urban<\/strong> z \u010dp.43&#8230;.kter\u00fd jsa pletich\u00e1\u0159em a karban\u00edkem&#8230;.<\/em> [s.41b,42]<br><br><em>Po Urbanovi zvolen obec. starostou r.1861 <strong>Josef \u0160est\u00e1k<\/strong> (<\/em><a href=\"https:\/\/www.periferieprahy.cz\/blog\/2025\/03\/06\/c-p-7\/#M3\"><em>*<\/em> <em>30.11.1823<\/em><\/a><em> &#8211;<a href=\"https:\/\/www.periferieprahy.cz\/blog\/2025\/03\/06\/c-p-7\/#M4\">\u2020 16..6.1897<\/a> ) roln\u00edk z <a href=\"file:\/\/\/C:\/Users\/jarda\/Documents\/weby\/periferieprahy\/1_cp7.htm\">\u010d.p.7<\/a>, kter\u00fd m\u00edsto mu sv\u011b\u0159en\u00e9 zast\u00e1val do r. 1867<\/em> [s.42]<br><br><em>R.1867 zvolen starostou obce <strong>V\u00e1clav \u0160est\u00e1k<\/strong> (<a href=\"https:\/\/www.periferieprahy.cz\/blog\/2025\/04\/07\/c-p-18-sestakuv-a-kubruv-statek\/#vaclav1831\">*22.4.1831<\/a>) roln\u00edk z <a href=\"https:\/\/www.periferieprahy.cz\/blog\/2025\/04\/07\/c-p-18-sestakuv-a-kubruv-statek\/\">\u010d.p.18<\/a>, kter\u00fd \u00fa\u0159ad ten zast\u00e1val nep\u0159etr\u017eit\u011b po dobu 25 let, za\u010de\u017e pozd\u011bji &#8211; 1905- jmenov\u00e1n \u010destn\u00fdm ob\u010danem<\/em> [s.42].<br><br><em>P\u0159id\u011blen\u00edm Horn\u00ed Liboce k Doln\u00ed r.1892 vypsal starosta V\u00e1clav \u0160est\u00e1k prvn\u00ed spole\u010dn\u00e9 volby do obecn\u00edho zastupitelstva&#8230;.<\/em>V roce 1893 byl spole\u010dn\u00fdm starostou zvolen <strong>V\u00e1clav Kyndl<\/strong>, mistr zednick\u00fd z Horn\u00ed Liboce <a href=\"https:\/\/www.periferieprahy.cz\/blog\/2025\/04\/03\/c-p-17-holeckarna\/\">\u010d.p.17<\/a> (*1856 &#8211; \u20201922) [s.45]<br>&nbsp;<\/p>\n\n\n\n<p><br><em>&#8230;T\u00e9ho\u017e roku &#8211; 1896 &#8211; vyps\u00e1ny jsou obecn\u00ed volby&#8230; obec. starostou za III. sbor kandiduj\u00edc\u00ed zvolen byl pak <strong>Josef Ruprecht<\/strong> <\/em>(<a href=\"https:\/\/www.periferieprahy.cz\/blog\/2025\/05\/02\/c-p-44-a-c-p-297-dum-josefa-ruprechta-a-vila-cechie\/#ruprecht_29_1_1855\" data-type=\"post\" data-id=\"3294\">*29. 1. 1855<\/a> &#8211; <a href=\"https:\/\/www.periferieprahy.cz\/blog\/2025\/05\/02\/c-p-44-a-c-p-297-dum-josefa-ruprechta-a-vila-cechie\/#ruprecht_tod\">\u20209.4.1916<\/a>)<em> mistr zednick\u00fd z <a href=\"file:\/\/\/C:\/Users\/jarda\/Documents\/weby\/periferieprahy\/1_cp44.htm\">\u010d.p. 44<\/a>, kter\u00fd \u00fa\u0159ad ten dvakr\u00e1te po sob\u011b zast\u00e1val a toti\u017e po dobu \u0161esti rok\u016f. <\/em>[s.46]<br><\/p>\n\n\n<div class=\"wp-block-image\">\n<figure class=\"aligncenter size-large is-resized\"><a href=\"https:\/\/www.periferieprahy.cz\/blog\/wp-content\/uploads\/2025\/06\/cp44a.jpg\"><img loading=\"lazy\" decoding=\"async\" width=\"735\" height=\"1024\" src=\"https:\/\/www.periferieprahy.cz\/blog\/wp-content\/uploads\/2025\/06\/cp44a-735x1024.jpg\" alt=\"\" class=\"wp-image-4574\" style=\"width:275px;height:auto\" srcset=\"https:\/\/www.periferieprahy.cz\/blog\/wp-content\/uploads\/2025\/06\/cp44a-735x1024.jpg 735w, https:\/\/www.periferieprahy.cz\/blog\/wp-content\/uploads\/2025\/06\/cp44a-215x300.jpg 215w, https:\/\/www.periferieprahy.cz\/blog\/wp-content\/uploads\/2025\/06\/cp44a-108x150.jpg 108w, https:\/\/www.periferieprahy.cz\/blog\/wp-content\/uploads\/2025\/06\/cp44a-768x1070.jpg 768w, https:\/\/www.periferieprahy.cz\/blog\/wp-content\/uploads\/2025\/06\/cp44a.jpg 1015w\" sizes=\"auto, (max-width: 735px) 100vw, 735px\" \/><\/a><figcaption class=\"wp-element-caption\">Starosta Josef Ruprecht se svou druhou \u017eenou Mari\u00ed Kratochv\u00edlovou,  rok 1896<\/figcaption><\/figure>\n<\/div>\n\n\n<p><br><em>Vyps\u00e1n\u00edm obecn\u00edch voleb 1902 zvolen starostou obce p. <strong>Josef Kubr<\/strong><\/em> (<a href=\"https:\/\/www.periferieprahy.cz\/blog\/2025\/03\/20\/c-p-12-statek-u-kozaku-pozdeji-kubrovi\/#h23\">*6.4.1851<\/a>), <em>roln\u00edk&nbsp; <a href=\"https:\/\/www.periferieprahy.cz\/blog\/2025\/03\/20\/c-p-12-statek-u-kozaku-pozdeji-kubrovi\/\">\u010dp.12<\/a><\/em> [s.48]\n\n\n\n<p><strong>V&nbsp; roce 1922 byla Liboc p\u0159ipojena k Velk\u00e9 Praze a ztratila samospr\u00e1vu.<\/strong><\/p>\n\n\n<div class=\"wp-block-image\">\n<figure class=\"aligncenter size-full is-resized\"><img loading=\"lazy\" decoding=\"async\" width=\"417\" height=\"55\" src=\"https:\/\/www.periferieprahy.cz\/blog\/wp-content\/uploads\/2025\/01\/or45.gif\" alt=\"\" class=\"wp-image-148\" style=\"width:300px\"\/><\/figure>\n<\/div>\n\n\n<h2 class=\"wp-block-heading\">Dal\u0161\u00ed v\u00fdznamn\u00ed libo\u010dt\u00ed ob\u010dan\u00e9<\/h2>\n\n\n\n<div class=\"wp-block-media-text is-stacked-on-mobile is-vertically-aligned-center\" style=\"grid-template-columns:26% auto\"><figure class=\"wp-block-media-text__media\"><a href=\"https:\/\/www.periferieprahy.cz\/blog\/wp-content\/uploads\/2025\/06\/osobnost_zeyer2.jpg\"><img loading=\"lazy\" decoding=\"async\" width=\"824\" height=\"1024\" src=\"https:\/\/www.periferieprahy.cz\/blog\/wp-content\/uploads\/2025\/06\/osobnost_zeyer2-824x1024.jpg\" alt=\"\" class=\"wp-image-4589 size-full\" srcset=\"https:\/\/www.periferieprahy.cz\/blog\/wp-content\/uploads\/2025\/06\/osobnost_zeyer2-824x1024.jpg 824w, https:\/\/www.periferieprahy.cz\/blog\/wp-content\/uploads\/2025\/06\/osobnost_zeyer2-241x300.jpg 241w, https:\/\/www.periferieprahy.cz\/blog\/wp-content\/uploads\/2025\/06\/osobnost_zeyer2-121x150.jpg 121w, https:\/\/www.periferieprahy.cz\/blog\/wp-content\/uploads\/2025\/06\/osobnost_zeyer2-768x955.jpg 768w, https:\/\/www.periferieprahy.cz\/blog\/wp-content\/uploads\/2025\/06\/osobnost_zeyer2.jpg 1233w\" sizes=\"auto, (max-width: 824px) 100vw, 824px\" \/><\/a><\/figure><div class=\"wp-block-media-text__content\">\n<p>\u010cesk\u00fd \u010desk\u00fd prozaik, dramatik a epick\u00fd b\u00e1sn\u00edk *26 .4. 1841 &#8211; \u202029. 1. 1901, \u017eil n\u011bjak\u00fd \u010das ve vile&nbsp; v <a href=\"https:\/\/www.periferieprahy.cz\/blog\/2025\/05\/30\/c-p-261-zeyerova-vila\/\" data-type=\"post\" data-id=\"4024\">Libock\u00e9 \u010d. p. 261<\/a>. Vilu koupila Zeyerova matka v roce 1878. Po smrti Zeyerovy matky a zna\u010dn\u00fdch finan\u010dn\u00edch pot\u00ed\u017e\u00edch, vilu koupila spisovatelka a Zeyerova obdivovatelka Anna Lauermannov\u00e1, ale Zeyer \u017eil ve vile d\u00e1l. Posledn\u00ed l\u00e9ta \u017eivota v\u0161ak pro\u017eil u sv\u00e9ho&nbsp; p\u0159\u00edtele a mecen\u00e1\u0161e Josefa Hl\u00e1vky. Ob\u010das pob\u00fdval v Praze tak\u00e9 u sv\u00e9 sestry Heleny Jungfeldov\u00e9, u n\u00ed\u017e zem\u0159el 29. ledna 1901 po t\u011b\u017ek\u00e9 srde\u010dn\u00ed nemoci.<\/p>\n\n\n\n<p>Podle vypr\u00e1v\u011bn\u00ed Bohumila Hole\u010dka b\u00fdval t\u00e9\u017e hostem v jejich nedalek\u00e9 restauraci.<\/p>\n<\/div><\/div>\n\n\n\n<div style=\"height:24px\" aria-hidden=\"true\" class=\"wp-block-spacer\"><\/div>\n\n\n\n<div class=\"wp-block-media-text is-stacked-on-mobile\" style=\"grid-template-columns:26% auto\"><figure class=\"wp-block-media-text__media\"><a href=\"https:\/\/www.periferieprahy.cz\/blog\/wp-content\/uploads\/2025\/05\/osobnost_masin.jpg\"><img loading=\"lazy\" decoding=\"async\" width=\"350\" height=\"466\" src=\"https:\/\/www.periferieprahy.cz\/blog\/wp-content\/uploads\/2025\/05\/osobnost_masin.jpg\" alt=\"\" class=\"wp-image-3940 size-full\" srcset=\"https:\/\/www.periferieprahy.cz\/blog\/wp-content\/uploads\/2025\/05\/osobnost_masin.jpg 350w, https:\/\/www.periferieprahy.cz\/blog\/wp-content\/uploads\/2025\/05\/osobnost_masin-225x300.jpg 225w, https:\/\/www.periferieprahy.cz\/blog\/wp-content\/uploads\/2025\/05\/osobnost_masin-113x150.jpg 113w\" sizes=\"auto, (max-width: 350px) 100vw, 350px\" \/><\/a><\/figure><div class=\"wp-block-media-text__content\">\n<p>*26. 8. 1896 \u202030. 6. 1942 za prvn\u00ed sv\u011btov\u00e9 v\u00e1lky \u010dlen \u010deskoslovensk\u00fdch legi\u00ed v Rusku, \u00fa\u010dastn\u00edk boj\u016f u Zborova, Bachma\u010de a na transsibi\u0159sk\u00e9 magistr\u00e1le. Po n\u00e1vratu slou\u017eil v \u010ceskoslovensk\u00e9 arm\u00e1d\u011b.<\/p>\n\n\n\n<p>Od roku 1928 slou\u017eil u 1. d\u011blost\u0159eleck\u00e9ho pluku v ruzy\u0148sk\u00fdch kas\u00e1rn\u00e1ch jako z\u00e1stupce velitele pluku. \u017dil se svou rodinou v Litovick\u00e9 ulici \u010d.p. 357, v domech postaven\u00fdch v roce 1930 pro vojensk\u00e9 g\u00e1\u017eisty. Zde je tak\u00e9 jeho <a href=\"https:\/\/www.periferieprahy.cz\/blog\/2025\/05\/26\/c-p-217-ruzyne-kasarny\/#masin\">pam\u011btn\u00ed deska<\/a>.<\/p>\n\n\n\n<p>Po okupaci byl \u010dlenem odbojov\u00e9 organizace Obrana n\u00e1roda a spole\u010dn\u011b s pplk. Josefem Balab\u00e1nem a \u0161kpt. V\u00e1clavem Mor\u00e1vkem vytvo\u0159il zpravodajskou skupinu T\u0159i kr\u00e1lov\u00e9.Byl zat\u010den 31. 5. 1941,vysl\u00fdch\u00e1n a mu\u010den. Rozhodnut\u00edm stann\u00e9ho soudu byl popraven na kobylisk\u00e9 st\u0159elnici. Dal\u0161\u00ed podrobnosti viz <a href=\"http:\/\/www.valka.cz\/newdesign\/v900\/clanek_10415.html\">Josef Ma\u0161\u00edn &#8211; \u017eivotopis<\/a> .<\/p>\n<\/div><\/div>\n\n\n\n<div style=\"height:24px\" aria-hidden=\"true\" class=\"wp-block-spacer\"><\/div>\n\n\n\n<div class=\"wp-block-media-text is-stacked-on-mobile\" style=\"grid-template-columns:49% auto\"><figure class=\"wp-block-media-text__media\"><a href=\"https:\/\/www.periferieprahy.cz\/blog\/wp-content\/uploads\/2025\/06\/osobnost_Herink.jpg\"><img loading=\"lazy\" decoding=\"async\" width=\"1024\" height=\"768\" src=\"https:\/\/www.periferieprahy.cz\/blog\/wp-content\/uploads\/2025\/06\/osobnost_Herink-1024x768.jpg\" alt=\"\" class=\"wp-image-4585 size-full\" srcset=\"https:\/\/www.periferieprahy.cz\/blog\/wp-content\/uploads\/2025\/06\/osobnost_Herink-1024x768.jpg 1024w, https:\/\/www.periferieprahy.cz\/blog\/wp-content\/uploads\/2025\/06\/osobnost_Herink-300x225.jpg 300w, https:\/\/www.periferieprahy.cz\/blog\/wp-content\/uploads\/2025\/06\/osobnost_Herink-150x113.jpg 150w, https:\/\/www.periferieprahy.cz\/blog\/wp-content\/uploads\/2025\/06\/osobnost_Herink-768x576.jpg 768w, https:\/\/www.periferieprahy.cz\/blog\/wp-content\/uploads\/2025\/06\/osobnost_Herink.jpg 1280w\" sizes=\"auto, (max-width: 1024px) 100vw, 1024px\" \/><\/a><\/figure><div class=\"wp-block-media-text__content\">\n<p>*18.3. 1918 &#8211; \u202022.7.2012 v Praze. Byl akademick\u00fd mal\u00ed\u0159, \u017e\u00e1k Cyrila Boudy, Old\u0159icha Bla\u017e\u00ed\u010dka a Josefa Sejpka. Roku 1940 za\u010d\u00ednal jako v\u00fdtvarn\u00edk v Topi\u010dov\u011b nakladatelstv\u00ed. Jeho tv\u016fr\u010d\u00ed pr\u00e1ce je velmi rozs\u00e1hl\u00e1. Pracoval nejen jako grafik a v\u00fdtvarn\u00edk pro r\u016fzn\u00e1 nakladatelstv\u00ed, ale i jako jevi\u0161tn\u00ed v\u00fdtvarn\u00edk, v\u00edce jak 50 let byl \u010dlenem b\u0159evnovsk\u00e9ho sboru. Byl velk\u00fd znalec libock\u00e9 historie. Jeho pr\u00e1ce zve\u0159ejn\u011bn\u00e9 v \u010dasopisu B\u0159evnovan poutavou formou seznamuj\u00ed \u010dten\u00e1\u0159e s nyn\u011bj\u0161\u00ed i za\u0161lou sl\u00e1vou Liboce a jsou i velkou inspirac\u00ed pro n\u00e1s.<\/p>\n\n\n<div class=\"wp-block-image\">\n<figure class=\"aligncenter size-large is-resized\"><a href=\"https:\/\/www.periferieprahy.cz\/blog\/wp-content\/uploads\/2025\/06\/osobnost_Herink_tod.jpg\"><img loading=\"lazy\" decoding=\"async\" width=\"738\" height=\"1024\" src=\"https:\/\/www.periferieprahy.cz\/blog\/wp-content\/uploads\/2025\/06\/osobnost_Herink_tod-738x1024.jpg\" alt=\"\" class=\"wp-image-4586\" style=\"width:230px;height:auto\" srcset=\"https:\/\/www.periferieprahy.cz\/blog\/wp-content\/uploads\/2025\/06\/osobnost_Herink_tod-738x1024.jpg 738w, https:\/\/www.periferieprahy.cz\/blog\/wp-content\/uploads\/2025\/06\/osobnost_Herink_tod-216x300.jpg 216w, https:\/\/www.periferieprahy.cz\/blog\/wp-content\/uploads\/2025\/06\/osobnost_Herink_tod-108x150.jpg 108w, https:\/\/www.periferieprahy.cz\/blog\/wp-content\/uploads\/2025\/06\/osobnost_Herink_tod-768x1066.jpg 768w, https:\/\/www.periferieprahy.cz\/blog\/wp-content\/uploads\/2025\/06\/osobnost_Herink_tod-1107x1536.jpg 1107w, https:\/\/www.periferieprahy.cz\/blog\/wp-content\/uploads\/2025\/06\/osobnost_Herink_tod-1476x2048.jpg 1476w, https:\/\/www.periferieprahy.cz\/blog\/wp-content\/uploads\/2025\/06\/osobnost_Herink_tod.jpg 1638w\" sizes=\"auto, (max-width: 738px) 100vw, 738px\" \/><\/a><figcaption class=\"wp-element-caption\">Zem\u0159el velk\u00fd znalec Liboce, profesor a ak. mal\u00ed\u0159 Jan Herink<\/figcaption><\/figure>\n<\/div><\/div><\/div>\n\n\n\n<div style=\"height:24px\" aria-hidden=\"true\" class=\"wp-block-spacer\"><\/div>\n\n\n\n<div class=\"wp-block-media-text is-stacked-on-mobile\" style=\"grid-template-columns:26% auto\"><figure class=\"wp-block-media-text__media\"><a href=\"https:\/\/www.periferieprahy.cz\/blog\/wp-content\/uploads\/2025\/06\/osobnosti_mares.jpg\"><img loading=\"lazy\" decoding=\"async\" width=\"107\" height=\"120\" src=\"https:\/\/www.periferieprahy.cz\/blog\/wp-content\/uploads\/2025\/06\/osobnosti_mares.jpg\" alt=\"\" class=\"wp-image-4590 size-full\"\/><\/a><\/figure><div class=\"wp-block-media-text__content\">\n<p>Naproti kostelu v Libock\u00e9 <a href=\"https:\/\/www.periferieprahy.cz\/blog\/2025\/03\/14\/c-p-29\/\" data-type=\"post\" data-id=\"1324\">\u010d.p.29<\/a>\u00a0 \u017eil a zem\u0159el pan JUC Anton\u00edn MARE\u0160, kronik\u00e1\u0159 Liboce. D\u00edky zachov\u00e1n\u00ed p\u00edsemn\u00fdch, fotografick\u00fdch a jin\u00fdch materi\u00e1l\u016f jeho synem\u00a0 \u2020Anton\u00ednem Mare\u0161em, byly zalo\u017eeny tyto str\u00e1nky o libock\u00e9 historii.<\/p>\n<\/div><\/div>\n\n\n<div class=\"wp-block-image is-style-default\">\n<figure class=\"aligncenter size-full is-resized\"><img loading=\"lazy\" decoding=\"async\" width=\"417\" height=\"55\" src=\"https:\/\/www.periferieprahy.cz\/blog\/wp-content\/uploads\/2025\/01\/or45.gif\" alt=\"\" class=\"wp-image-148\" style=\"width:302px\"\/><\/figure>\n<\/div>\n\n\n<h2 class=\"wp-block-heading\">Osobnosti duchovn\u00ed spr\u00e1vy<\/h2>\n\n\n\n<p><em><strong>Osobnostem duchovn\u00ed spr\u00e1vy<\/strong><\/em> obce je v\u011bnov\u00e1na pozornost na str\u00e1nce libock\u00e9ho <a href=\"https:\/\/www.periferieprahy.cz\/blog\/2024\/12\/31\/c-p\/\" data-type=\"post\" data-id=\"67\">kostela<\/a> a <a href=\"https:\/\/www.periferieprahy.cz\/blog\/2025\/01\/24\/c-p-5-libocka-fara\/\" data-type=\"post\" data-id=\"1035\">fary<\/a>. P\u0159esto&nbsp; na tuto str\u00e1nku rozhodn\u011b pat\u0159\u00ed duchovn\u00ed o kter\u00fdch v\u00edme, \u017ee nejen duchovn\u00ed&nbsp; blaho obce bylo jejich&nbsp; prvo\u0159ad\u00fdm \u00fakolem.<\/p>\n\n\n\n<div class=\"wp-block-media-text is-stacked-on-mobile\" style=\"grid-template-columns:30% auto\"><figure class=\"wp-block-media-text__media\"><a href=\"https:\/\/www.periferieprahy.cz\/blog\/wp-content\/uploads\/2025\/06\/osobno2.jpg\"><img loading=\"lazy\" decoding=\"async\" width=\"685\" height=\"221\" src=\"https:\/\/www.periferieprahy.cz\/blog\/wp-content\/uploads\/2025\/06\/osobno2.jpg\" alt=\"\" class=\"wp-image-4578 size-full\" srcset=\"https:\/\/www.periferieprahy.cz\/blog\/wp-content\/uploads\/2025\/06\/osobno2.jpg 685w, https:\/\/www.periferieprahy.cz\/blog\/wp-content\/uploads\/2025\/06\/osobno2-300x97.jpg 300w, https:\/\/www.periferieprahy.cz\/blog\/wp-content\/uploads\/2025\/06\/osobno2-150x48.jpg 150w\" sizes=\"auto, (max-width: 685px) 100vw, 685px\" \/><\/a><\/figure><div class=\"wp-block-media-text__content\">\n<p><strong>Franti\u0161ek Lampa byl far\u00e1\u0159em <\/strong>v obdob\u00ed 1824 &#8211; 1851. Za jeho p\u016fsoben\u00ed, po jeho sedmn\u00e1ctilet\u00e9m jedn\u00e1n\u00ed a velk\u00e9m \u00fasil\u00ed,&nbsp; byl zbo\u0159en star\u00fd libock\u00fd kostel ve dnech od 18.4.1842 &#8211; 9.5.1842 a postaven nov\u00fd, tak jak ho zn\u00e1me i dnes&nbsp; (z\u00e1kladn\u00ed k\u00e1men byl polo\u017een 28.5.1842, kostel byl vysv\u011bcen 20.10.1844). Zalo\u017eil t\u00e9\u017e i libockou kroniku. V roce 1851 ukon\u010dil sv\u00e9 p\u016fsoben\u00ed v Liboci pro nov\u00e9 posl\u00e1n\u00ed s\u00eddeln\u00edho kanovn\u00edka v Hradci Kr\u00e1lov\u00e9, kde zem\u0159el v r. \u20201859. Bohu\u017eel nen\u00ed zn\u00e1ma jeho podoba, tak alespo\u0148 jeho podpis z matriky.<\/p>\n<\/div><\/div>\n\n\n\n<div style=\"height:24px\" aria-hidden=\"true\" class=\"wp-block-spacer\"><\/div>\n\n\n\n<div class=\"wp-block-media-text is-stacked-on-mobile\" style=\"grid-template-columns:30% auto\"><figure class=\"wp-block-media-text__media\"><a href=\"https:\/\/www.periferieprahy.cz\/blog\/wp-content\/uploads\/2025\/06\/osobnost_farar_hajek.jpg\"><img loading=\"lazy\" decoding=\"async\" width=\"503\" height=\"765\" src=\"https:\/\/www.periferieprahy.cz\/blog\/wp-content\/uploads\/2025\/06\/osobnost_farar_hajek.jpg\" alt=\"\" class=\"wp-image-4581 size-full\" srcset=\"https:\/\/www.periferieprahy.cz\/blog\/wp-content\/uploads\/2025\/06\/osobnost_farar_hajek.jpg 503w, https:\/\/www.periferieprahy.cz\/blog\/wp-content\/uploads\/2025\/06\/osobnost_farar_hajek-197x300.jpg 197w, https:\/\/www.periferieprahy.cz\/blog\/wp-content\/uploads\/2025\/06\/osobnost_farar_hajek-99x150.jpg 99w\" sizes=\"auto, (max-width: 503px) 100vw, 503px\" \/><\/a><\/figure><div class=\"wp-block-media-text__content\">\n<p><strong>Vlastimil H\u00e1lek far\u00e1\u0159<\/strong>, byl vydavatelem Farn\u00edho v\u011bstn\u00edku v letech 1908 -1916. Narozen *20. 7. 1868 v Pacov\u011b, vysv\u011bcen na kn\u011bze 19. 7. 1891,&nbsp; nositel pape\u017esk\u00e9ho vyznamen\u00e1n\u00ed Pro Eccslesia et Pontifice<\/p>\n<\/div><\/div>\n\n\n\n<div style=\"height:24px\" aria-hidden=\"true\" class=\"wp-block-spacer\"><\/div>\n\n\n\n<div class=\"wp-block-media-text is-stacked-on-mobile\" style=\"grid-template-columns:30% auto\"><figure class=\"wp-block-media-text__media\"><a href=\"https:\/\/www.periferieprahy.cz\/blog\/wp-content\/uploads\/2025\/06\/osobnost_farar_holub.jpg\"><img loading=\"lazy\" decoding=\"async\" width=\"423\" height=\"659\" src=\"https:\/\/www.periferieprahy.cz\/blog\/wp-content\/uploads\/2025\/06\/osobnost_farar_holub.jpg\" alt=\"\" class=\"wp-image-4582 size-full\" srcset=\"https:\/\/www.periferieprahy.cz\/blog\/wp-content\/uploads\/2025\/06\/osobnost_farar_holub.jpg 423w, https:\/\/www.periferieprahy.cz\/blog\/wp-content\/uploads\/2025\/06\/osobnost_farar_holub-193x300.jpg 193w, https:\/\/www.periferieprahy.cz\/blog\/wp-content\/uploads\/2025\/06\/osobnost_farar_holub-96x150.jpg 96w\" sizes=\"auto, (max-width: 423px) 100vw, 423px\" \/><\/a><\/figure><div class=\"wp-block-media-text__content\">\n<p><strong>V\u00e1clav Holub far\u00e1\u0159 <\/strong>* 1875 Sp\u00e1len\u00e9 Po\u0159\u00ed\u010d\u00ed, vysv\u011bcen na kn\u011bze 10. 7. 1898, far\u00e1\u0159em v Liboci od roku 1919 &#8211; 1951, \u20207.8.1955 Sp\u00e1len\u00e9 Po\u0159\u00ed\u010d\u00ed.<\/p>\n<\/div><\/div>\n\n\n\n<div style=\"height:24px\" aria-hidden=\"true\" class=\"wp-block-spacer\"><\/div>\n\n\n\n<div class=\"wp-block-media-text is-stacked-on-mobile\" style=\"grid-template-columns:22% auto\"><figure class=\"wp-block-media-text__media\"><a href=\"https:\/\/www.periferieprahy.cz\/blog\/wp-content\/uploads\/2025\/06\/osobnost_stibor1.jpg\"><img loading=\"lazy\" decoding=\"async\" width=\"526\" height=\"861\" src=\"https:\/\/www.periferieprahy.cz\/blog\/wp-content\/uploads\/2025\/06\/osobnost_stibor1.jpg\" alt=\"\" class=\"wp-image-4587 size-full\" srcset=\"https:\/\/www.periferieprahy.cz\/blog\/wp-content\/uploads\/2025\/06\/osobnost_stibor1.jpg 526w, https:\/\/www.periferieprahy.cz\/blog\/wp-content\/uploads\/2025\/06\/osobnost_stibor1-183x300.jpg 183w, https:\/\/www.periferieprahy.cz\/blog\/wp-content\/uploads\/2025\/06\/osobnost_stibor1-92x150.jpg 92w\" sizes=\"auto, (max-width: 526px) 100vw, 526px\" \/><\/a><\/figure><div class=\"wp-block-media-text__content\">\n<p><strong>P\u00e1ter Franti\u0161ek Stibor<\/strong> * 1. 10. 1848 \u2020 29. 4. 1935 nebyl sice libock\u00fdm far\u00e1\u0159em, slou\u017eil v Jinonick\u00e9 farnosti, ale v Liboci \u017eil a libock\u00fdm vypom\u00e1hal. Pan Anton\u00edn Mare\u0161 ve sv\u00fdch pozn\u00e1mk\u00e1ch na druh\u00e9 stran\u011b jeho portr\u00e9tu napsal: <em>P. Franti\u0161ek Stibor far\u00e1\u0159 v Jinonic\u00edch, osob. d\u011bkan, konsistorn\u00ed rada. Od r. 1924 v Liboci v d\u016fchodu, vypom\u00e1hal a\u017e do sv\u00e9 smrti v Liboci. Zaopat\u0159en kardin\u00e1lem ThDr., JUDr. Karlem Ka\u0161parem. Zem\u0159el 29. 4. 1935. Kn\u011bz &#8211; sv\u00fdm \u017eivotem sv\u011btec.&#8220;<\/em><\/p>\n\n\n<div class=\"wp-block-image\">\n<figure class=\"aligncenter size-full is-resized\"><a href=\"https:\/\/www.periferieprahy.cz\/blog\/wp-content\/uploads\/2025\/06\/osobnost_stibor2.jpg\"><img loading=\"lazy\" decoding=\"async\" width=\"503\" height=\"819\" src=\"https:\/\/www.periferieprahy.cz\/blog\/wp-content\/uploads\/2025\/06\/osobnost_stibor2.jpg\" alt=\"\" class=\"wp-image-4588\" style=\"width:205px;height:auto\" srcset=\"https:\/\/www.periferieprahy.cz\/blog\/wp-content\/uploads\/2025\/06\/osobnost_stibor2.jpg 503w, https:\/\/www.periferieprahy.cz\/blog\/wp-content\/uploads\/2025\/06\/osobnost_stibor2-184x300.jpg 184w, https:\/\/www.periferieprahy.cz\/blog\/wp-content\/uploads\/2025\/06\/osobnost_stibor2-92x150.jpg 92w\" sizes=\"auto, (max-width: 503px) 100vw, 503px\" \/><\/a><figcaption class=\"wp-element-caption\">Franti\u0161ek Stibor<\/figcaption><\/figure>\n<\/div><\/div><\/div>\n","protected":false},"excerpt":{"rendered":"<p>Str\u00e1nka V\u00e1m p\u0159edstav\u00ed n\u011bkolik v\u00fdznamn\u00fdch osobnost\u00ed. Jsou to lid\u00e9, kte\u0159\u00ed se zaslou\u017eili o rozvoj na\u0161\u00ed obce, rycht\u00e1\u0159i, starostov\u00e9, historici, duchovn\u00ed, vlastenci. Samoz\u0159ejm\u011b nezn\u00e1me v\u0161echny. Jestli n\u011bkoho zn\u00e1te, r\u00e1di dopln\u00edme.<\/p>\n","protected":false},"author":1,"featured_media":4549,"comment_status":"open","ping_status":"open","sticky":false,"template":"","format":"standard","meta":{"_exactmetrics_skip_tracking":false,"_exactmetrics_sitenote_active":false,"_exactmetrics_sitenote_note":"","_exactmetrics_sitenote_category":0,"footnotes":""},"categories":[3],"tags":[],"post_folder":[],"class_list":["post-4547","post","type-post","status-publish","format-standard","has-post-thumbnail","hentry","category-redakce"],"_links":{"self":[{"href":"https:\/\/www.periferieprahy.cz\/blog\/wp-json\/wp\/v2\/posts\/4547","targetHints":{"allow":["GET"]}}],"collection":[{"href":"https:\/\/www.periferieprahy.cz\/blog\/wp-json\/wp\/v2\/posts"}],"about":[{"href":"https:\/\/www.periferieprahy.cz\/blog\/wp-json\/wp\/v2\/types\/post"}],"author":[{"embeddable":true,"href":"https:\/\/www.periferieprahy.cz\/blog\/wp-json\/wp\/v2\/users\/1"}],"replies":[{"embeddable":true,"href":"https:\/\/www.periferieprahy.cz\/blog\/wp-json\/wp\/v2\/comments?post=4547"}],"version-history":[{"count":5,"href":"https:\/\/www.periferieprahy.cz\/blog\/wp-json\/wp\/v2\/posts\/4547\/revisions"}],"predecessor-version":[{"id":4618,"href":"https:\/\/www.periferieprahy.cz\/blog\/wp-json\/wp\/v2\/posts\/4547\/revisions\/4618"}],"wp:featuredmedia":[{"embeddable":true,"href":"https:\/\/www.periferieprahy.cz\/blog\/wp-json\/wp\/v2\/media\/4549"}],"wp:attachment":[{"href":"https:\/\/www.periferieprahy.cz\/blog\/wp-json\/wp\/v2\/media?parent=4547"}],"wp:term":[{"taxonomy":"category","embeddable":true,"href":"https:\/\/www.periferieprahy.cz\/blog\/wp-json\/wp\/v2\/categories?post=4547"},{"taxonomy":"post_tag","embeddable":true,"href":"https:\/\/www.periferieprahy.cz\/blog\/wp-json\/wp\/v2\/tags?post=4547"},{"taxonomy":"post_folder","embeddable":true,"href":"https:\/\/www.periferieprahy.cz\/blog\/wp-json\/wp\/v2\/post_folder?post=4547"}],"curies":[{"name":"wp","href":"https:\/\/api.w.org\/{rel}","templated":true}]}}