{"id":4610,"date":"2025-06-23T23:14:08","date_gmt":"2025-06-23T21:14:08","guid":{"rendered":"https:\/\/www.periferieprahy.cz\/blog\/?p=4610"},"modified":"2025-07-10T10:32:09","modified_gmt":"2025-07-10T08:32:09","slug":"zanikle-zivnosti-a-obchudky","status":"publish","type":"post","link":"https:\/\/www.periferieprahy.cz\/blog\/2025\/06\/23\/zanikle-zivnosti-a-obchudky\/","title":{"rendered":"Zanikl\u00e9 \u017eivnosti a obch\u016fdky"},"content":{"rendered":"\n<div style=\"height:2px\" aria-hidden=\"true\" class=\"wp-block-spacer\"><\/div>\n\n\n\n<b><font size=\"7\" color=\"#CC0000\">\n\t\t\t<img loading=\"lazy\" decoding=\"async\" border=\"0\" src=\"https:\/\/www.periferieprahy.cz\/blog\/wp-content\/uploads\/2024\/12\/pismo7_18.gif\" width=\"93\" height=\"135\" align=\"left\">lu\u017eby \n\t\t\ta obchody <\/font><\/b><div class=\"su-button-center\"><a href=\"https:\/\/www.periferieprahy.cz\/blog\/category\/redakce\/zivnosti_obchody\/obchody_sluzby\/\" class=\"su-button su-button-style-glass\" style=\"color:#170101;background-color:#c1beb8;border-color:#9b9894;border-radius:5px\" target=\"_blank\" rel=\"noopener noreferrer\"><span style=\"color:#170101;padding:0px 16px;font-size:13px;line-height:26px;border-color:#d4d2ce;border-radius:5px;text-shadow:none\"> Slu\u017eby a obchody<\/span><\/a><\/div>\n\t\t\t<p>V Liboci a Ruzyni bylo mnoho drobn\u00fdch i v\u011bt\u0161\u00edch obchod\u016f a \n\t\t\tprovozoven se slu\u017ebami v\u0161eho druhu. Holi\u010di, truhl\u00e1\u0159i, kol\u00e1\u0159i, \n\t\t\tsklen\u00e1\u0159i, zedn\u00edci&#8230;a mnoho dal\u0161\u00edch profes\u00ed, kter\u00e9 p\u0159in\u00e1\u0161eli \n\t\t\tlibock\u00fdm ob\u017eivu. T\u011bm je v\u011bnov\u00e1na rubrika &quot;Slu\u017eby a obchody&quot;. \n\t\t\tZvl\u00e1\u0161tn\u00ed kapitoly jsou v\u011bnov\u00e1ny zem\u011bd\u011blc\u016fm, kov\u00e1\u0159\u016fm a \u0159et\u011bzokov\u00e1\u0159\u016fm, \n\t\t\tml\u00edka\u0159\u016fm, zedn\u00edk\u016fm a \u0159ezn\u00edk\u016fm. Samostatnou kapitolou jsou t\u00e9\u017e libock\u00e9 a \n\t\t\truzy\u0148sk\u00e9 hospody a podobn\u00e1 za\u0159\u00edzen\u00ed.\n\n\n\n<div style=\"height:6px\" aria-hidden=\"true\" class=\"wp-block-spacer\"><\/div>\n\n\n\n<b><font font face=\"Robo Slab (Serif)\" size=\"7\" color=\"#CC0000\">\n<img loading=\"lazy\" decoding=\"async\" border=\"0\" src=\"https:\/\/www.periferieprahy.cz\/blog\/wp-content\/uploads\/2024\/12\/pismo7_25.gif\" width=\"94\" height=\"116\" align=\"left\">em\u011bd\u011blci<\/font><\/b><div class=\"su-button-center\"><a href=\"https:\/\/www.periferieprahy.cz\/blog\/category\/redakce\/zivnosti_obchody\/zemedelci\/\" class=\"su-button su-button-style-glass\" style=\"color:#170101;background-color:#c1beb8;border-color:#9b9894;border-radius:5px\" target=\"_blank\" rel=\"noopener noreferrer\"><span style=\"color:#170101;padding:0px 16px;font-size:13px;line-height:26px;border-color:#d4d2ce;border-radius:5px;text-shadow:none\"> Zem\u011bd\u011blci<\/span><\/a><\/div><p>\n\t\t\tNejv\u00edce Libo\u010d\u00e1k\u016f bylo je\u0161t\u011b ned\u00e1vno, p\u0159ed n\u011bjak\u00fdmi sto lety, \n\t\t\tzam\u011bstn\u00e1no v zem\u011bd\u011blstv\u00ed. V\u017edy\u0165 tam, kde je dnes skladov\u00fd are\u00e1l, \n\t\t\tkas\u00e1rna, s\u00eddli\u0161t\u011b D\u011bdina, a domy kolem dne\u0161n\u00ed Evropsk\u00e9 od Vokovic a\u017e \n\t\t\tk leti\u0161ti, to byla sam\u00e1 pole. Neexistovalo ani leti\u0161t\u011b. I zde se \n\t\t\tp\u011bstovaly brambory a obil\u00ed. Posledn\u00ed zbytky zem\u011bd\u011blsk\u00e9 \u010dinnosti lze \n\t\t\tsledovat u\u017e jen pod\u00e9l Evropsk\u00e9 pobl\u00ed\u017e \u0160est\u00e1kovy sk\u00e1ly a kolem \n\t\t\tleti\u0161t\u011b. A v Ruzyni potom okolo mohyly na B\u00edl\u00e9 Ho\u0159e. To je v\u0161e. \n\t\t\t\u017dalostn\u011b m\u00e1lo a zem\u011bd\u011blsk\u00e9 p\u016fdy st\u00e1le ub\u00fdv\u00e1 a d\u00e1l si v z\u00e1jmu \n\t\t\tokam\u017eit\u00fdch zisk\u016f pod\u0159ez\u00e1v\u00e1me v\u011btev. Pohrd\u00e1me s d\u011bdictv\u00edm, kter\u00e9 kdy\u017e \n\t\t\tpro\u0161ustrujeme, nikdy znovu nenahrad\u00edme.<\/p>\n\n\n\n<p>Nen\u00ed to tak d\u00e1vno, kdy u ka\u017ed\u00e9ho domku byla kr\u00e1l\u00edk\u00e1rna, chl\u00edvek s kozou a pras\u00e1tkem. Nen\u00ed to tak d\u00e1vno, kdy v libock\u00fdch statc\u00edch bu\u010dely kr\u00e1vy a po cest\u00e1ch hr\u010dely vozy ta\u017een\u00e9 ko\u0148mi. Na samostatn\u00fdch str\u00e1nk\u00e1ch naleznete mnoho t\u011bch domk\u016f a jejich majitel\u016f, pov\u011bt\u0161inou drobn\u00fdch zem\u011bd\u011blc\u016f, ale tak\u00e9 velk\u00e9 grunty, kde hospoda\u0159ili na v\u011bt\u0161in\u011b okoln\u00edch pol\u00edch ti nejlep\u0161\u00ed sedl\u00e1ci. Zde si p\u0159ipome\u0148me:&nbsp;\u25cf \u0160est\u00e1k\u016fv statek&nbsp;<a href=\"https:\/\/www.periferieprahy.cz\/blog\/2025\/03\/06\/c-p-7\/\" data-type=\"post\" data-id=\"1142\">\u010c. p. 7<\/a>&nbsp;\u25cf Libock\u00fd dv\u016fr, Durasovi&nbsp;<a href=\"https:\/\/www.periferieprahy.cz\/blog\/2025\/03\/17\/c-p-10-statek-u-durasu\/\" data-type=\"post\" data-id=\"1460\">\u010c. p. 10<\/a>&nbsp;\u25cf Rusovi&nbsp;<a href=\"https:\/\/www.periferieprahy.cz\/blog\/2025\/03\/19\/c-p-11-statek-u-rusu\/\" data-type=\"post\" data-id=\"1516\">\u010c. p. 11<\/a>&nbsp;\u25cf Koz\u00e1k\u016fv statek&nbsp;<a href=\"https:\/\/www.periferieprahy.cz\/blog\/2025\/03\/20\/c-p-12-statek-u-kozaku-pozdeji-kubrovi\/\" data-type=\"post\" data-id=\"1528\">\u010c. p. 12<\/a>&nbsp;\u25cf Tu\u010dk\u016fv statek&nbsp;<a href=\"https:\/\/www.periferieprahy.cz\/blog\/2025\/03\/22\/c-p-13-statek-u-tucku-pozdeji-kubrovi\/\" data-type=\"post\" data-id=\"1599\">\u010c. p. 13<\/a>&nbsp;\u25cf Bubn\u00edkovi&nbsp;<a href=\"https:\/\/www.periferieprahy.cz\/blog\/2025\/03\/27\/c-p-14-usedlost-josefa-bubnika\/\" data-type=\"post\" data-id=\"1910\">\u010c. p. 14<\/a>&nbsp;\u25cf Hole\u010dk\u016fv statek&nbsp;<a href=\"https:\/\/www.periferieprahy.cz\/blog\/2025\/04\/03\/c-p-17-holeckarna\/\" data-type=\"post\" data-id=\"2068\">\u010c. p. 17<\/a>&nbsp;\u25cf Nejv\u011bt\u0161\u00ed \u0160est\u00e1k\u016fv a Kubr\u016fv statek&nbsp;<a href=\"https:\/\/www.periferieprahy.cz\/blog\/2025\/04\/07\/c-p-18-sestakuv-a-kubruv-statek\/\" data-type=\"post\" data-id=\"2299\">\u010c. p. 18<\/a>&nbsp;\u25cf Ku\u010derovi&nbsp;<a href=\"https:\/\/www.periferieprahy.cz\/blog\/2025\/04\/24\/c-p-36-hostinec-u-kuceru\/\" data-type=\"post\" data-id=\"2989\">\u010c. p. 36<\/a>.<\/p>\n\n\n<div class=\"wp-block-image\">\n<figure class=\"aligncenter size-full is-resized\"><img loading=\"lazy\" decoding=\"async\" width=\"900\" height=\"339\" src=\"https:\/\/www.periferieprahy.cz\/blog\/wp-content\/uploads\/2025\/01\/bila_hora9.jpg\" alt=\"\" class=\"wp-image-615\" style=\"width:750px\" srcset=\"https:\/\/www.periferieprahy.cz\/blog\/wp-content\/uploads\/2025\/01\/bila_hora9.jpg 900w, https:\/\/www.periferieprahy.cz\/blog\/wp-content\/uploads\/2025\/01\/bila_hora9-300x113.jpg 300w, https:\/\/www.periferieprahy.cz\/blog\/wp-content\/uploads\/2025\/01\/bila_hora9-768x289.jpg 768w\" sizes=\"auto, (max-width: 900px) 100vw, 900px\" \/><figcaption class=\"wp-element-caption\">Od mohyly je zaj\u00edmav\u00fd pohled jak na Ruzy\u0148 a objekty leti\u0161t\u011b. Vpravo dole je zachycen vodojem na t\u011blese b\u00fdval\u00e9ho cukrovarnick\u00e9ho kom\u00edna. Na sn\u00edmku jsou t\u00e9\u017e zachyceny posledn\u00ed zbytky zem\u011bd\u011blsk\u00e9 \u010dinnosti okolo ruzy\u0148sk\u00e9ho leti\u0161t\u011b. Fotografov\u00e1no od mohyly na B\u00edl\u00e9 Ho\u0159e, kde je rovn\u011b\u017e jedno z posledn\u00edch pol\u00ed.<\/figcaption><\/figure>\n<\/div>\n\n<div class=\"wp-block-image\">\n<figure class=\"aligncenter size-large is-resized\"><img loading=\"lazy\" decoding=\"async\" width=\"1024\" height=\"347\" src=\"https:\/\/www.periferieprahy.cz\/blog\/wp-content\/uploads\/2025\/01\/13-1024x347.jpg\" alt=\"\" class=\"wp-image-558\" style=\"width:750px\" srcset=\"https:\/\/www.periferieprahy.cz\/blog\/wp-content\/uploads\/2025\/01\/13-1024x347.jpg 1024w, https:\/\/www.periferieprahy.cz\/blog\/wp-content\/uploads\/2025\/01\/13-300x102.jpg 300w, https:\/\/www.periferieprahy.cz\/blog\/wp-content\/uploads\/2025\/01\/13-768x260.jpg 768w, https:\/\/www.periferieprahy.cz\/blog\/wp-content\/uploads\/2025\/01\/13-1536x521.jpg 1536w, https:\/\/www.periferieprahy.cz\/blog\/wp-content\/uploads\/2025\/01\/13.jpg 1598w\" sizes=\"auto, (max-width: 1024px) 100vw, 1024px\" \/><figcaption class=\"wp-element-caption\">Pohled na oboru s letohr\u00e1dkem Hv\u011bzda z B\u00edl\u00e9 Hory. \nUprost\u0159ed z\u00e1stavby je obhospoda\u0159ov\u00e1no jedno z posledn\u00edch pol\u00ed. Jak dlouho m\u016f\u017ee toto m\u00edsto odolat drav\u00fdm developer\u016fm? <\/figcaption><\/figure>\n<\/div>\n\n<div class=\"wp-block-image\">\n<figure class=\"aligncenter size-full is-resized\"><img loading=\"lazy\" decoding=\"async\" width=\"953\" height=\"282\" src=\"https:\/\/www.periferieprahy.cz\/blog\/wp-content\/uploads\/2025\/04\/zivnos47.jpg\" alt=\"\" class=\"wp-image-2567\" style=\"width:750px\" srcset=\"https:\/\/www.periferieprahy.cz\/blog\/wp-content\/uploads\/2025\/04\/zivnos47.jpg 953w, https:\/\/www.periferieprahy.cz\/blog\/wp-content\/uploads\/2025\/04\/zivnos47-300x89.jpg 300w, https:\/\/www.periferieprahy.cz\/blog\/wp-content\/uploads\/2025\/04\/zivnos47-768x227.jpg 768w\" sizes=\"auto, (max-width: 953px) 100vw, 953px\" \/><figcaption class=\"wp-element-caption\">Pod\u00e9l Evropsk\u00e9 je travnat\u00fd p\u00e1s s ke\u0159i a za n\u00edm pole  t\u00e1hnouc\u00ed se od \u0160est\u00e1kovy sk\u00e1ly skoro ke k\u0159i\u017eovatce Evropsk\u00e9 s Pra\u017esk\u00fdm okruhem na Dlouh\u00e9 m\u00edli. I zde je velk\u00e9 nebezpe\u010d\u00ed, \u017ee tu nakonec budou st\u00e1t sklen\u011bn\u00e9 a p\u0159esv\u011btlen\u00e9 pal\u00e1ce. U\u017e zazn\u011bl pokryteck\u00fd n\u00e1zor, \u017ee je ned\u016fstojn\u00e9, aby Praha v\u00edtala n\u00e1v\u0161t\u011bvn\u00edky cestuj\u00edc\u00ed z leti\u0161t\u011b jen travou a ke\u0159i. <\/figcaption><\/figure>\n<\/div>\n\n\n<img loading=\"lazy\" decoding=\"async\" border=\"0\" src=\"https:\/\/www.periferieprahy.cz\/blog\/wp-content\/uploads\/2024\/12\/pismo7_10.gif\" width=\"92\" height=\"124\" align=\"left\"><b><font size=\"7\" color=\"#CC0000\">ov\u00e1\u0159i \n\t\t\ta \u0159et\u011bzokov\u00e1\u0159i<\/font><\/b><div class=\"su-button-center\"><a href=\"https:\/\/www.periferieprahy.cz\/blog\/category\/redakce\/zivnosti_obchody\/kovari\/\" class=\"su-button su-button-style-glass\" style=\"color:#170101;background-color:#c1beb8;border-color:#9b9894;border-radius:5px\" target=\"_blank\" rel=\"noopener noreferrer\"><span style=\"color:#170101;padding:0px 16px;font-size:13px;line-height:26px;border-color:#d4d2ce;border-radius:5px;text-shadow:none\"> Kov\u00e1\u0159i a \u0159et\u011bzokov\u00e1\u0159i<\/span><\/a><\/div><p><i><font color=\"\">&#8230; Na druh\u00e9m \n\t\t\tm\u00edst\u011b se na\u0161e obec vyzna\u010dovala v\u00fdrobou \u0159et\u011bz\u016f a udidel. Proto byla \n\t\t\tkovadlina sly\u0161et v obci po cel\u00fd den. \u0158\u00edk\u00e1valo se jim \u0159et\u00edzk\u00e1\u0159i nebo \n\t\t\ttak\u00e9 cvoka\u0159i. Bylo to \u0159emeslo d\u011bdi\u010dn\u00e9, p\u0159ech\u00e1zelo z pokolen\u00ed na \n\t\t\tpokolen\u00ed a v t\u011bchto dob\u00e1ch bylo velice v\u00fdnosn\u00e9 <\/font><\/i>[<a target=\"_self\" href=\"https:\/\/www.periferieprahy.cz\/blog\/wp-content\/uploads\/2025\/01\/palat_moje_pameti.pdf#page=10\">v\u00edce \n\t\t\tna s. 17<\/a>]\n<p align=\"justify\"><font color=\"\"><i>\u017divnost \u0159et\u011bzokov\u00e1\u0159sk\u00e1 ve zdej\u0161\u00ed obci \n\t\t\tv hojn\u00e9 m\u00ed\u0159e provozov\u00e1na, byla p\u016fvodn\u011b zanesena do obce &#8211; \n\t\t\tMalob\u0159evnovsk\u00e9 &#8211; snad B\u00edl\u00e9 Hory na po\u010d\u00e1tku let sedmdes\u00e1t\u00fdch 18. \n\t\t\tstolet\u00ed Janem Va\u0148kem ze Zelen\u00e9 Hory &#8211; m\u00edstn\u00ed obec Kl\u00e1\u0161tern\u00e9 Hory, \n\t\t\tkter\u00fd se tam byl p\u0159ist\u011bhoval. Odtud teprve p\u0159enesena na po\u010d\u00e1tku 19. \n\t\t\tstolet\u00ed jeho synem do Liboce, kter\u00fd se do zdej\u0161\u00ed obce p\u0159i\u017eenil. \n\t\t\tV\u00fdroba \u0159et\u011bz\u016f byla s prvopo\u010d\u00e1tku r\u00e1zu primitivn\u00edho, tak\u017ee star\u00e9 \n\t\t\t\u017eelezo muselo b\u00fdti vykov\u00e1v\u00e1no na \u017eelezo okrouhl\u00e9, na\u010de\u017e toto za \n\t\t\ttepla v \u010dl\u00e1nky oh\u00fdb\u00e1no a pak teprv v \u0159et\u011bz sva\u0159eno. V primitivn\u00ed \n\t\t\tt\u00e9to form\u011b udr\u017eela se v\u00fdroba ta do r. 1858, po kter\u00e9m\u017e roce \n\t\t\trozmachem velkopr\u016fmyslu \u017eelez\u00e1\u0159sk\u00e9ho a zdokonalen\u00edm stroj\u016f, po\u010dali \n\t\t\tv\u00fdrob\u011b \u0159et\u011bz\u016f nast\u00e1vati lep\u0161\u00ed \u010dasy, jeliko\u017e zapo\u010dato s vyr\u00e1b\u011bn\u00edm \n\t\t\tv\u00e1lcovan\u00e9ho \u017eeleza ve dr\u00e1t, \u010d\u00edm\u017e jednak vzhled \u0159et\u011bz\u016f se zlep\u0161il \n\t\t\tje\u017eto odpadla dosti obt\u00ed\u017en\u00e1 pr\u00e1ce s vykov\u00e1v\u00e1n\u00edm okrouhliny na zp\u016fsob \n\t\t\tdr\u00e1tu, \u010d\u00edm\u017e tak\u00e9 v\u00fdroba \u0159et\u011bz\u016f stoupati za\u010dala. <\/i><\/font>[<a target=\"_self\" href=\"https:\/\/www.periferieprahy.cz\/blog\/wp-content\/uploads\/2025\/01\/farni_kronika1.pdf#page=27\">v\u00edce \n\t\t\tna s.40, 41, 41a<\/a>] <\/p>\n\n\n\n<p>V roce 1895 bylo zalo\u017eeno Spole\u010denstv\u00ed \u0159et\u011bzokov\u00e1\u0159\u016f, kter\u00e9 \u010d\u00edtalo na 40 \u017eivnostn\u00edk\u016f, 48 d\u011bln\u00edk\u016f a 16 u\u010d\u0148\u016f. Spole\u010denstvo si tak\u00e9 po\u0159\u00eddilo parn\u00ed &#8222;pucova\u010dku&#8220; &#8211; &#8222;\u0161ajrova\u010dku&#8220; ve kter\u00e9 se \u0159et\u011bzy \u010distily a le\u0161tily. St\u00e1la na pozemku truhl\u00e1rny&nbsp; pana Josefa Herycha u <a href=\"https:\/\/www.periferieprahy.cz\/blog\/2025\/04\/23\/c-p-33-truhlarstvi-herych\/\" data-type=\"post\" data-id=\"2921\">\u010d. p. 33<\/a>  a vyu\u017e\u00edvala p\u0159ebyte\u010dnou p\u00e1ru, kterou pan Herych \u0159et\u011bzokov\u00e1\u0159\u016fm zdarma poskytoval. P\u016fvodn\u011b se \u0159et\u011bzy \u010distily v sudech, vz\u00e1jemn\u00fdm t\u0159en\u00edm. Sudy&nbsp; se ot\u00e1\u010dely ru\u010dn\u011b pomoc\u00ed p\u0159evod\u016f a kliky. Pozd\u011bji se do sud\u016f p\u0159id\u00e1valy kameny nebo d\u0159evo a t\u00edm se dosahovalo lep\u0161\u00edch v\u00fdsledk\u016f ve vzhledu \u0159et\u011bz\u016f.<\/p>\n\n\n\n<p>Kov\u00e1\u0159\u016f a \u0159et\u011bzokov\u00e1\u0159\u016f pracovalo v Liboci cel\u00e1 \u0159ada. Uve\u010fme zde ty, kter\u00e9 se n\u00e1m poda\u0159ilo objevit.<\/p>\n\n\n\n<ul class=\"wp-block-list\">\n<li><a href=\"https:\/\/www.periferieprahy.cz\/blog\/2025\/01\/22\/c-p-3-chalupa-sokolovna\/\">\u010c.p. 3<\/a>    r. 1872 V\u00e1clav Kn\u00ed\u017ee kov\u00e1\u0159; r. 1889 Franti\u0161ek Kn\u00ed\u017ee kov\u00e1\u0159; r. 1907 Josef Jandovsk\u00fd kov\u00e1\u0159 a Josef Jandovsk\u00fd \u0159et\u011bzokov\u00e1\u0159.<\/li>\n\n\n\n<li><a href=\"https:\/\/www.periferieprahy.cz\/blog\/2025\/03\/19\/c-p-11-statek-u-rusu\/\" data-type=\"post\" data-id=\"1516\">\u010c.p. 11<\/a> kolem r. 1900 Pr\u016f\u0161a, \u0159et\u011bzokov\u00e1\u0159<\/li>\n\n\n\n<li><a href=\"https:\/\/www.periferieprahy.cz\/blog\/2025\/03\/27\/c-p-14-usedlost-josefa-bubnika\/\" data-type=\"post\" data-id=\"1910\">\u010c.p. 14<\/a> r.1899 Emanuel Pr\u016f\u0161a \u0159et\u011bzokov\u00e1\u0159<\/li>\n\n\n\n<li><a href=\"https:\/\/www.periferieprahy.cz\/blog\/2025\/04\/09\/c-p-19-hlouskovi\/\" data-type=\"post\" data-id=\"2364\">\u010c.p. 19<\/a> r. 1875 Anton\u00edn Feierfrim mistr kov\u00e1\u0159sk\u00fd<\/li>\n\n\n\n<li><a href=\"https:\/\/www.periferieprahy.cz\/blog\/2025\/04\/11\/c-p-20-ruzyne-u-mariku\/\" data-type=\"post\" data-id=\"2434\">\u010c.p. 20<\/a> p\u0159ed r. 1840 Franti\u0161ek Proch\u00e1zka \u0159et\u011bzokov\u00e1\u0159<\/li>\n\n\n\n<li>\u010c.p. 21  p\u0159ed r. 1840 Josef Vo\u0161kliv\u00fd<\/li>\n\n\n\n<li><a href=\"https:\/\/www.periferieprahy.cz\/blog\/2025\/04\/24\/c-p-36-hostinec-u-kuceru\/\" data-type=\"post\" data-id=\"2989\">\u010c.p. 36<\/a> r. 1774 Kri\u0161tof&nbsp; \u0158eho\u0159 kov\u00e1\u0159. V \u010d.p. 36 byla kov\u00e1rna mnoho let a vyst\u0159\u00eddalo se zde mnoho kov\u00e1\u0159sk\u00fdch tovary\u0161\u016f a d\u011bln\u00edk\u016f.<\/li>\n\n\n\n<li><a href=\"https:\/\/www.periferieprahy.cz\/blog\/2025\/04\/28\/c-p-42-restaurace-u-vlku\/\">\u010c.p. 42<\/a> r. 1789 Kri\u0161tof&nbsp; \u0158eho\u0159 kov\u00e1\u0159; r. 1814 Jan \u0158eho\u0159 mistr kov\u00e1\u0159sk\u00fd; r. 1821 Anton\u00edn Novotn\u00fd mistr kov\u00e1\u0159sk\u00fd; r. 1836 Jan \u0158eho\u0159 mistr kov\u00e1\u0159sk\u00fd; r. 1842 Josef Jab\u016frek mistr kov\u00e1\u0159sk\u00fd; r. 1868 Josef Vesel\u00fd kov\u00e1\u0159; r. 1900 Josef Vesel\u00fd \u0159et\u011bzokov\u00e1\u0159<\/li>\n\n\n\n<li><a href=\"https:\/\/www.periferieprahy.cz\/blog\/2025\/04\/30\/c-p-43-zimovy\/\" data-type=\"post\" data-id=\"3276\">\u010c.p. 43<\/a> kolem roku 1781 Kri\u0161tof \u0158eho\u0159 kov\u00e1\u0159<\/li>\n\n\n\n<li><a href=\"https:\/\/www.periferieprahy.cz\/blog\/2025\/05\/10\/c-p-66-zackovi-zabransti\/\" data-type=\"post\" data-id=\"3543\">\u010c.p. 66<\/a> kolem roku 1900 Josef \u017d\u00e1\u010dek kov\u00e1\u0159 a Anton\u00edn Fiala \u0159et\u011bzokov\u00e1\u0159<\/li>\n\n\n\n<li><a href=\"https:\/\/www.periferieprahy.cz\/blog\/2025\/05\/08\/zanikla-litovicka-c-p-61-67-69-70-76-82-83\/\" data-type=\"post\" data-id=\"3441\">\u010c.p. 67<\/a> kolem roku 1900 Jan \u017d\u00e1\u010dek, pozd\u011bji Sala\u010d<\/li>\n\n\n\n<li><a href=\"https:\/\/www.periferieprahy.cz\/blog\/2025\/05\/08\/zanikla-litovicka-c-p-61-67-69-70-76-82-83\/\" data-type=\"post\" data-id=\"3441\">\u010c.p. 76<\/a> kolem roku 1900 Anton\u00edn B\u00edl\u00fd, 1906 Josef&nbsp; Majer<\/li>\n\n\n\n<li><a href=\"https:\/\/www.periferieprahy.cz\/blog\/2025\/05\/08\/zanikla-litovicka-c-p-61-67-69-70-76-82-83\/\" data-type=\"post\" data-id=\"3441\">\u010c.p. 82<\/a> kolem roku 1900 V\u00e1clav S\u00fdkora, 1910 Anton\u00edn N\u011bmec<\/li>\n\n\n\n<li><a href=\"https:\/\/www.periferieprahy.cz\/blog\/2025\/05\/08\/zanikla-litovicka-c-p-61-67-69-70-76-82-83\/\">\u010c.p. 83<\/a> kolem roku 1900 Josef Kindl<\/li>\n<\/ul>\n\n\n<div class=\"su-custom-gallery su-custom-gallery-align-center su-custom-gallery-title-hover su-lightbox-gallery\"><div class=\"su-custom-gallery-slide\" style=\"width:280px;height:290px\"><a href=\"https:\/\/www.periferieprahy.cz\/blog\/wp-content\/uploads\/2025\/05\/litovic_6.jpg\" title=\"\u0158et\u011bzokov\u00e1\u0159 Josef Kindl (*1858 + 1937) s man\u017eelkou Dorotou (*1859 +1917) z \u010dp. 83.  Obr\u00e1zek poslal na hali\u010dskou frontu jednomu ze sv\u00fdch p\u011bti syn\u016f, a ten se s n\u00edm bohud\u00edk \u0161\u0165astn\u011b vr\u00e1til dom\u016f.\"><img loading=\"lazy\" decoding=\"async\" src=\"https:\/\/www.periferieprahy.cz\/blog\/wp-content\/uploads\/2025\/05\/litovic_6-280x290.jpg\" alt=\"\u0158et\u011bzokov\u00e1\u0159 Josef Kindl (*1858 + 1937) s man\u017eelkou Dorotou (*1859 +1917) z \u010dp. 83.  Obr\u00e1zek poslal na hali\u010dskou frontu jednomu ze sv\u00fdch p\u011bti syn\u016f, a ten se s n\u00edm bohud\u00edk \u0161\u0165astn\u011b vr\u00e1til dom\u016f.\" width=\"280\" height=\"290\" \/><span class=\"su-custom-gallery-title\">\u0158et\u011bzokov\u00e1\u0159 Josef Kindl (*1858 + 1937) s man\u017eelkou Dorotou (*1859 +1917) z \u010dp. 83.  Obr\u00e1zek poslal na hali\u010dskou frontu jednomu ze sv\u00fdch p\u011bti syn\u016f, a ten se s n\u00edm bohud\u00edk \u0161\u0165astn\u011b vr\u00e1til dom\u016f.<\/span><\/a><\/div><div class=\"su-custom-gallery-slide\" style=\"width:280px;height:290px\"><a href=\"https:\/\/www.periferieprahy.cz\/blog\/wp-content\/uploads\/2025\/05\/litovic_7.jpg\" title=\"\u0158et\u011bzokov\u00e1\u0159 Josef Kindl (*1858 + 1937) z \u010d.p. 83\"><img loading=\"lazy\" decoding=\"async\" src=\"https:\/\/www.periferieprahy.cz\/blog\/wp-content\/uploads\/2025\/05\/litovic_7-280x290.jpg\" alt=\"\u0158et\u011bzokov\u00e1\u0159 Josef Kindl (*1858 + 1937) z \u010d.p. 83\" width=\"280\" height=\"290\" \/><span class=\"su-custom-gallery-title\">\u0158et\u011bzokov\u00e1\u0159 Josef Kindl (*1858 + 1937) z \u010d.p. 83<\/span><\/a><\/div><div class=\"su-clear\"><\/div><\/div>\n\n\n\n<b><font size=\"7\" color=\"#CC0000\">\n<img loading=\"lazy\" decoding=\"async\" border=\"0\" src=\"https:\/\/www.periferieprahy.cz\/blog\/wp-content\/uploads\/2024\/12\/pismo7_12.gif\" width=\"130\" height=\"150\" align=\"left\">l\u00edka\u0159i<\/font><\/b><div class=\"su-button-center\"><a href=\"https:\/\/www.periferieprahy.cz\/blog\/category\/redakce\/zivnosti_obchody\/mlikari\/\" class=\"su-button su-button-style-glass\" style=\"color:#170101;background-color:#c1beb8;border-color:#9b9894;border-radius:5px\" target=\"_blank\" rel=\"noopener noreferrer\"><span style=\"color:#170101;padding:0px 16px;font-size:13px;line-height:26px;border-color:#d4d2ce;border-radius:5px;text-shadow:none\"> Ml\u00edka\u0159i<\/span><\/a><\/div><p>\n\t\t\tdruh\u00e1, hodn\u011b roz\u0161\u00ed\u0159en\u00e1 \u017eivnost byli libo\u010dt\u00ed ml\u00edka\u0159i. M\u011bl bych sice \n\t\t\tps\u00e1t spr\u00e1vn\u011b ml\u00e9ka\u0159i, ale mn\u011b se l\u00edb\u00ed ta nespisovn\u00e1 varianta jednak \n\t\t\tproto, \u017ee ve star\u00fdch dokumentech byla \u010dasto pou\u017e\u00edv\u00e1na a jednak \n\t\t\tproto. \u017ee ta spisovn\u00e1 s t\u00edm &quot;\u00e9&quot; je takov\u00e1 me\u010div\u00e1 a nelibozvu\u010dn\u00e1. <i>\n\t\t\t<font color=\"\">V\u0161echny ty rodiny byly v\u017edy finan\u010dn\u011b siln\u00e9 a \n\t\t\tv\u0161eobecn\u011b se jim \u0159\u00edkalo &quot;p\u00e1ni cmrda\u0159i&quot;. Tento obchod byl tak\u00e9 \n\t\t\t\u00fazkostliv\u011b chr\u00e1n\u011bn. Jejich dcery se provd\u00e1valy v\u00fdhradn\u011b za hochy z \n\t\t\tt\u00e9ho\u017e povol\u00e1n\u00ed a proto ml\u00edka\u0159sk\u00fd obchod u n\u00e1s byl vlastn\u011b sam\u00e9 \n\t\t\tp\u0159\u00edbuzenstvo <\/font><\/i>[<a target=\"_self\" href=\"https:\/\/www.periferieprahy.cz\/blog\/wp-content\/uploads\/2025\/01\/palat_moje_pameti.pdf#page=10\">v\u00edce \n\t\t\tna s. 17<\/a>].&nbsp; V \u010dem ta \u017eivnost spo\u010d\u00edvala. Ml\u00edka\u0159i&nbsp; \n\t\t\tvyj\u00ed\u017ed\u011bli do okoln\u00edch zem\u011bd\u011blsk\u00fdch usedlost\u00ed a od sedl\u00e1k\u016f vykupovali \n\t\t\tml\u00edko. <font color=\"\"><i>To pak druh\u00fd den \u010dasn\u011b zr\u00e1na ve 2 -3 \n\t\t\thodiny rozv\u00e1\u017eeli po Praze. Byli\u0165 tehdy jedin\u00fdm z\u00e1sobitelem Prahy \n\t\t\tml\u00edkem.<\/i><\/font>&nbsp;Konec jejich \u00e9ry nastal zprovozn\u011bn\u00edm \n\t\t\thostivick\u00e9 ml\u00e9k\u00e1rny a&nbsp;&nbsp; z\u00e1kazem prodej neo\u0161et\u0159en\u00e9ho ml\u00e9ka \n\t\t\tv roce 1935.\n\n\n\n<p>V poz\u016fstalosti pana \u2020JUC Mare\u0161e se dochovalo i n\u011bkolik hezk\u00fdch fotografi\u00ed a pozn\u00e1mek, tak se s V\u00e1mi o n\u011b pod\u011bl\u00edm.<\/p>\n\n\n<div class=\"su-image-carousel  su-image-carousel-columns-3 su-image-carousel-has-spacing su-image-carousel-crop su-image-carousel-crop-1-1 su-image-carousel-has-lightbox su-image-carousel-has-outline su-image-carousel-adaptive su-image-carousel-slides-style-default su-image-carousel-controls-style-dark su-image-carousel-align-center\" style=\"max-width:800px\" data-flickity-options='{\"groupCells\":true,\"cellSelector\":\".su-image-carousel-item\",\"adaptiveHeight\":false,\"cellAlign\":\"left\",\"prevNextButtons\":true,\"pageDots\":true,\"autoPlay\":5000,\"imagesLoaded\":true,\"contain\":true,\"selectedAttraction\":0.1499999999999999944488848768742172978818416595458984375,\"friction\":1}' id=\"su_image_carousel_69f4b6ab7931e\"><div class=\"su-image-carousel-item\"><div class=\"su-image-carousel-item-content\"><a href=\"https:\/\/www.periferieprahy.cz\/blog\/wp-content\/uploads\/2025\/04\/ruz_cp22n.jpg\" data-caption=\"Libo\u010dt\u00ed ml\u00edka\u0159i zaj\u00ed\u017ed\u011bli pro ml\u00edko do statk\u016f hostivick\u00fdch. Zde stoj\u00ed u hostince &quot;U koruny&quot;, jinak &quot;Na Nov\u00e9&quot; zvan\u00e9ho. Vlevo u vozu ml\u00edka\u0159 Josef Vesel\u00fd, vedle n\u011bho stoj\u00ed b\u011blohorsk\u00fd sedl\u00e1k Pisk\u00e1\u010dek. Mu\u017e s holbou piva hostivick\u00fd sedl\u00e1k V\u00e1clav Kubr a b\u00edl\u00e9ho kon\u011b ko\u010d\u00edruje Karel \u010cerven\u00fd z Liboce. Stav podle oken a fas\u00e1dy nazna\u010duje, \u017ee to bude nejstar\u0161\u00ed dochovan\u00e1 fotografie. Stav je\u0161t\u011b p\u0159ed rekonstrukc\u00ed do podoby jakou zn\u00e1me dnes [ asi kolem roku 1900 Mare\u0161].\"><img loading=\"lazy\" decoding=\"async\" width=\"992\" height=\"627\" src=\"https:\/\/www.periferieprahy.cz\/blog\/wp-content\/uploads\/2025\/04\/ruz_cp22n.jpg\" class=\"\" alt=\"\" srcset=\"https:\/\/www.periferieprahy.cz\/blog\/wp-content\/uploads\/2025\/04\/ruz_cp22n.jpg 992w, https:\/\/www.periferieprahy.cz\/blog\/wp-content\/uploads\/2025\/04\/ruz_cp22n-300x190.jpg 300w, https:\/\/www.periferieprahy.cz\/blog\/wp-content\/uploads\/2025\/04\/ruz_cp22n-768x485.jpg 768w\" sizes=\"auto, (max-width: 992px) 100vw, 992px\" \/><span>Libo\u010dt\u00ed ml\u00edka\u0159i zaj\u00ed\u017ed\u011bli pro ml\u00edko do statk\u016f hostivick\u00fdch. Zde stoj\u00ed u hostince \"U koruny\", jinak \"Na Nov\u00e9\" zvan\u00e9ho. Vlevo u vozu ml\u00edka\u0159 Josef Vesel\u00fd, vedle n\u011bho stoj\u00ed b\u011blohorsk\u00fd sedl\u00e1k Pisk\u00e1\u010dek. Mu\u017e s holbou piva hostivick\u00fd sedl\u00e1k V\u00e1clav Kubr a b\u00edl\u00e9ho kon\u011b ko\u010d\u00edruje Karel \u010cerven\u00fd z Liboce. Stav podle oken a fas\u00e1dy nazna\u010duje, \u017ee to bude nejstar\u0161\u00ed dochovan\u00e1 fotografie. Stav je\u0161t\u011b p\u0159ed rekonstrukc\u00ed do podoby jakou zn\u00e1me dnes [ asi kolem roku 1900 Mare\u0161].<\/span><\/a><\/div><\/div><div class=\"su-image-carousel-item\"><div class=\"su-image-carousel-item-content\"><a href=\"https:\/\/www.periferieprahy.cz\/blog\/wp-content\/uploads\/2025\/04\/zivnosti_2.jpg\" data-caption=\"Rod ml\u00edka\u0159\u016f z Liboce. Anna a Anton\u00edn Hole\u010dkovi, Liboc, V domc\u00edch 12 Sed\u00edc\u00ed: Jaroslav - syn, Anna jeho  matka, Anton\u00edn jeho otec. Stoj\u00edc\u00ed zleva: dal\u0161\u00ed synov\u00e9 Gefreiter (svobodn\u00edk)  Franti\u0161ek Hole\u010dek  v uniform\u011b c. a k. arm\u00e1dy, byl asi dekorov\u00e1n medail\u00ed &quot;Za state\u010dnost&quot; (Tapferkeitsmedaille), Josef, Anton\u00edn o p\u0159\u00edtel \u0160ofr v dragounsk\u00e9 uniform\u011b (m\u00e1 i ostruhy). Rok 1902.\"><img loading=\"lazy\" decoding=\"async\" width=\"886\" height=\"677\" src=\"https:\/\/www.periferieprahy.cz\/blog\/wp-content\/uploads\/2025\/04\/zivnosti_2.jpg\" class=\"\" alt=\"\" srcset=\"https:\/\/www.periferieprahy.cz\/blog\/wp-content\/uploads\/2025\/04\/zivnosti_2.jpg 886w, https:\/\/www.periferieprahy.cz\/blog\/wp-content\/uploads\/2025\/04\/zivnosti_2-300x229.jpg 300w, https:\/\/www.periferieprahy.cz\/blog\/wp-content\/uploads\/2025\/04\/zivnosti_2-768x587.jpg 768w\" sizes=\"auto, (max-width: 886px) 100vw, 886px\" \/><span>Rod ml\u00edka\u0159\u016f z Liboce. Anna a Anton\u00edn Hole\u010dkovi, Liboc, V domc\u00edch 12 Sed\u00edc\u00ed: Jaroslav - syn, Anna jeho  matka, Anton\u00edn jeho otec. Stoj\u00edc\u00ed zleva: dal\u0161\u00ed synov\u00e9 Gefreiter (svobodn\u00edk)  Franti\u0161ek Hole\u010dek  v uniform\u011b c. a k. arm\u00e1dy, byl asi dekorov\u00e1n medail\u00ed \"Za state\u010dnost\" (Tapferkeitsmedaille), Josef, Anton\u00edn o p\u0159\u00edtel \u0160ofr v dragounsk\u00e9 uniform\u011b (m\u00e1 i ostruhy). Rok 1902.<\/span><\/a><\/div><\/div><div class=\"su-image-carousel-item\"><div class=\"su-image-carousel-item-content\"><a href=\"https:\/\/www.periferieprahy.cz\/blog\/wp-content\/uploads\/2025\/04\/zivnosti_5.jpg\" data-caption=\"Op\u011bt Jarda Hole\u010dek se sv\u00fdm kon\u00edkem a fasu\u0148kem. Bohu\u017eel nev\u00edm, kdo je ten \u010dlov\u011bk za Jardou. [z poz\u016fstalosti p. Mare\u0161e]\"><img loading=\"lazy\" decoding=\"async\" width=\"457\" height=\"636\" src=\"https:\/\/www.periferieprahy.cz\/blog\/wp-content\/uploads\/2025\/04\/zivnosti_5.jpg\" class=\"\" alt=\"\" srcset=\"https:\/\/www.periferieprahy.cz\/blog\/wp-content\/uploads\/2025\/04\/zivnosti_5.jpg 457w, https:\/\/www.periferieprahy.cz\/blog\/wp-content\/uploads\/2025\/04\/zivnosti_5-216x300.jpg 216w\" sizes=\"auto, (max-width: 457px) 100vw, 457px\" \/><span>Op\u011bt Jarda Hole\u010dek se sv\u00fdm kon\u00edkem a fasu\u0148kem. Bohu\u017eel nev\u00edm, kdo je ten \u010dlov\u011bk za Jardou. [z poz\u016fstalosti p. Mare\u0161e]<\/span><\/a><\/div><\/div><div class=\"su-image-carousel-item\"><div class=\"su-image-carousel-item-content\"><a href=\"https:\/\/www.periferieprahy.cz\/blog\/wp-content\/uploads\/2025\/04\/zivnosti_3.jpg\" data-caption=\"\u017de obchod s ml\u00edkem byl rentabiln\u00ed sv\u011bd\u010d\u00ed to, \u017ee si Jaroslav Hole\u010dek mohl  pozd\u011bji, kolem roku 1925, po\u0159\u00eddit v r\u00e1mci modernizace i automobil. [z poz\u016fstalosti p. Mare\u0161e]\"><img loading=\"lazy\" decoding=\"async\" width=\"977\" height=\"678\" src=\"https:\/\/www.periferieprahy.cz\/blog\/wp-content\/uploads\/2025\/04\/zivnosti_3.jpg\" class=\"\" alt=\"\" srcset=\"https:\/\/www.periferieprahy.cz\/blog\/wp-content\/uploads\/2025\/04\/zivnosti_3.jpg 977w, https:\/\/www.periferieprahy.cz\/blog\/wp-content\/uploads\/2025\/04\/zivnosti_3-300x208.jpg 300w, https:\/\/www.periferieprahy.cz\/blog\/wp-content\/uploads\/2025\/04\/zivnosti_3-768x533.jpg 768w\" sizes=\"auto, (max-width: 977px) 100vw, 977px\" \/><span>\u017de obchod s ml\u00edkem byl rentabiln\u00ed sv\u011bd\u010d\u00ed to, \u017ee si Jaroslav Hole\u010dek mohl  pozd\u011bji, kolem roku 1925, po\u0159\u00eddit v r\u00e1mci modernizace i automobil. [z poz\u016fstalosti p. Mare\u0161e]<\/span><\/a><\/div><\/div><div class=\"su-image-carousel-item\"><div class=\"su-image-carousel-item-content\"><a href=\"https:\/\/www.periferieprahy.cz\/blog\/wp-content\/uploads\/2025\/04\/zivnosti_6.jpg\" data-caption=\"Vlkovi, ml\u00edka\u0159i z \u010d.p. 47 v ulici U Stud\u00e1nky, dne\u0161n\u00ed  \u00dazk\u00e1.\"><img loading=\"lazy\" decoding=\"async\" width=\"895\" height=\"689\" src=\"https:\/\/www.periferieprahy.cz\/blog\/wp-content\/uploads\/2025\/04\/zivnosti_6.jpg\" class=\"\" alt=\"\" srcset=\"https:\/\/www.periferieprahy.cz\/blog\/wp-content\/uploads\/2025\/04\/zivnosti_6.jpg 895w, https:\/\/www.periferieprahy.cz\/blog\/wp-content\/uploads\/2025\/04\/zivnosti_6-300x231.jpg 300w, https:\/\/www.periferieprahy.cz\/blog\/wp-content\/uploads\/2025\/04\/zivnosti_6-768x591.jpg 768w\" sizes=\"auto, (max-width: 895px) 100vw, 895px\" \/><span>Vlkovi, ml\u00edka\u0159i z \u010d.p. 47 v ulici U Stud\u00e1nky, dne\u0161n\u00ed  \u00dazk\u00e1.<\/span><\/a><\/div><\/div><\/div><script id=\"su_image_carousel_69f4b6ab7931e_script\">if(window.SUImageCarousel){setTimeout(function() {window.SUImageCarousel.initGallery(document.getElementById(\"su_image_carousel_69f4b6ab7931e\"))}, 0);}var su_image_carousel_69f4b6ab7931e_script=document.getElementById(\"su_image_carousel_69f4b6ab7931e_script\");if(su_image_carousel_69f4b6ab7931e_script){su_image_carousel_69f4b6ab7931e_script.parentNode.removeChild(su_image_carousel_69f4b6ab7931e_script);}<\/script>\n\n\n\n<p>N\u011bkolik dal\u0161\u00edch ml\u00edka\u0159\u016f, kter\u00e9 se poda\u0159ilo v r\u016fzn\u00fdch pramenech nal\u00e9zt:<\/p>\n\n\n\n<ul class=\"wp-block-list\">\n<li><a href=\"https:\/\/www.periferieprahy.cz\/blog\/2025\/01\/22\/c-p-3-chalupa-sokolovna\/\">\u010c.p. 3<\/a>   kolem roku 1828 V\u00e1clav Kn\u00ed\u017ee krej\u010d\u00ed a ml\u00edka\u0159<\/li>\n\n\n\n<li><a href=\"https:\/\/www.periferieprahy.cz\/blog\/2025\/03\/10\/c-p-8-tonkovi\/\" data-type=\"post\" data-id=\"1195\">\u010c.p. 8<\/a>   r. 1877 V\u00e1clav Zaj\u00edc, kolem r. 1886 Josef Hour ( otec Anny provdan\u00e9 za Anton\u00edna Hole\u010dka&nbsp; z <a href=\"https:\/\/www.periferieprahy.cz\/blog\/2025\/04\/14\/c-p-25-holeckovi-mlikari\/\" data-type=\"post\" data-id=\"2579\">\u010d.p. 25<\/a>),&nbsp; r. 1903&nbsp; V\u00e1clav Vesel\u00fd<\/li>\n\n\n\n<li><a href=\"https:\/\/www.periferieprahy.cz\/blog\/2025\/04\/14\/c-p-25-holeckovi-mlikari\/\" data-type=\"post\" data-id=\"2579\">\u010c.p. 25<\/a>  r. 1899 Anton\u00edn Hole\u010dek a kolem roku 1920 Jaroslav Hole\u010dek <\/li>\n\n\n\n<li><a href=\"https:\/\/www.periferieprahy.cz\/blog\/2025\/04\/15\/c-p-26-letni-byt-ignace-rziwnatze\/\">\u010c.p. 26<\/a>  r.1861 Eduard Nov\u00e1k a V\u00e1clav \u0160est\u00e1k<\/li>\n\n\n\n<li><a href=\"https:\/\/www.periferieprahy.cz\/blog\/2025\/03\/14\/c-p-29\/\" data-type=\"post\" data-id=\"1324\">\u010c.p. 29<\/a>  kolem roku 1810 Veronika Rejtharov\u00e1 pozd\u011bji Bryndov\u00e1, kolem roku 1836 Jan Brynda<\/li>\n\n\n\n<li><a href=\"https:\/\/www.periferieprahy.cz\/blog\/2025\/04\/23\/c-p-33-truhlarstvi-herych\/\" data-type=\"post\" data-id=\"2921\">\u010c.p. 33<\/a>  kolem roku 1870 Magdalena Herychov\u00e1<\/li>\n\n\n\n<li><a href=\"https:\/\/www.periferieprahy.cz\/blog\/2025\/04\/24\/c-p-36-hostinec-u-kuceru\/\" data-type=\"post\" data-id=\"2989\">\u010c.p. 36<\/a>  r. 1871 Josef Ku\u010dera ml\u00edka\u0159 a majitel hostince<\/li>\n\n\n\n<li><a href=\"https:\/\/www.periferieprahy.cz\/blog\/2025\/04\/30\/c-p-43-zimovy\/\">\u010c.p. 43<\/a>  podle n\u011bkter\u00fdch pramen\u016f zde Jan Zima provozoval t\u00e9\u017e obchod s ml\u00e9kem, ale nepoda\u0159ilo se ov\u011b\u0159it<\/li>\n\n\n\n<li>\u010c.p. 47  po roce 1900 Marie Vlkov\u00e1<\/li>\n\n\n\n<li>\u010c.p. 49  r.1884 Josef Ku\u010dera<\/li>\n\n\n\n<li>\u010c.p. 55  kolem roku 1890<\/li>\n\n\n\n<li><a href=\"https:\/\/www.periferieprahy.cz\/blog\/2025\/06\/01\/c-p-268-u-ceske-koruny\/\">\u010c.p. 268<\/a>  r.1845 Vojt\u011bch S\u00fdkora<\/li>\n<\/ul>\n\n\n\n<b><font size=\"7\" color=\"#CC0000\">\n\t\t\t<img loading=\"lazy\" decoding=\"async\" border=\"0\" src=\"https:\/\/www.periferieprahy.cz\/blog\/wp-content\/uploads\/2024\/12\/pismo7_25.gif\" width=\"94\" height=\"116\" align=\"left\">edn\u00edci<\/font><\/b><p align=\"left\">\n\t\t\tDal\u0161\u00ed roz\u0161\u00ed\u0159enou profes\u00ed v obci byli zedn\u00edci. Pod\u00edleli se na \n\t\t\tsoukrom\u00fdch stavb\u00e1ch statk\u016f, rodinn\u00fdch domk\u016f, d\u00edlen, ale i na \n\t\t\tstavb\u00e1ch prosp\u011b\u0161n\u00fdch ve\u0159ejnosti. Pod\u00edvejme se na n\u011bkolik fotografi\u00ed, \n\t\t\tkter\u00e9 dokumentuj\u00ed jejich \u010dinnost. P\u0159ehl\u00eddka za\u010d\u00edn\u00e1 v\u00fdstavbou sokolovny:\n\n\n<div class=\"su-image-carousel  su-image-carousel-columns-2 su-image-carousel-has-spacing su-image-carousel-crop su-image-carousel-crop-4-3 su-image-carousel-has-lightbox su-image-carousel-has-outline su-image-carousel-adaptive su-image-carousel-slides-style-default su-image-carousel-controls-style-dark su-image-carousel-align-center\" style=\"max-width:800px\" data-flickity-options='{\"groupCells\":true,\"cellSelector\":\".su-image-carousel-item\",\"adaptiveHeight\":false,\"cellAlign\":\"left\",\"prevNextButtons\":true,\"pageDots\":true,\"autoPlay\":5000,\"imagesLoaded\":true,\"contain\":true,\"selectedAttraction\":0.1499999999999999944488848768742172978818416595458984375,\"friction\":1}' id=\"su_image_carousel_69f4b6ab7b269\"><div class=\"su-image-carousel-item\"><div class=\"su-image-carousel-item-content\"><a href=\"https:\/\/www.periferieprahy.cz\/blog\/wp-content\/uploads\/2025\/05\/156_2.jpg\" data-caption=\"Nad\u0161en\u00ed a el\u00e1n k pr\u00e1ci pro blaho obce.\"><img loading=\"lazy\" decoding=\"async\" width=\"800\" height=\"484\" src=\"https:\/\/www.periferieprahy.cz\/blog\/wp-content\/uploads\/2025\/05\/156_2.jpg\" class=\"\" alt=\"\" srcset=\"https:\/\/www.periferieprahy.cz\/blog\/wp-content\/uploads\/2025\/05\/156_2.jpg 800w, https:\/\/www.periferieprahy.cz\/blog\/wp-content\/uploads\/2025\/05\/156_2-300x182.jpg 300w, https:\/\/www.periferieprahy.cz\/blog\/wp-content\/uploads\/2025\/05\/156_2-768x465.jpg 768w\" sizes=\"auto, (max-width: 800px) 100vw, 800px\" \/><span>Nad\u0161en\u00ed a el\u00e1n k pr\u00e1ci pro blaho obce.<\/span><\/a><\/div><\/div><div class=\"su-image-carousel-item\"><div class=\"su-image-carousel-item-content\"><a href=\"https:\/\/www.periferieprahy.cz\/blog\/wp-content\/uploads\/2025\/05\/156_3.jpg\" data-caption=\"Z pr\u016fb\u011bhu v\u00fdstavby.\"><img loading=\"lazy\" decoding=\"async\" width=\"800\" height=\"552\" src=\"https:\/\/www.periferieprahy.cz\/blog\/wp-content\/uploads\/2025\/05\/156_3.jpg\" class=\"\" alt=\"\" srcset=\"https:\/\/www.periferieprahy.cz\/blog\/wp-content\/uploads\/2025\/05\/156_3.jpg 800w, https:\/\/www.periferieprahy.cz\/blog\/wp-content\/uploads\/2025\/05\/156_3-300x207.jpg 300w, https:\/\/www.periferieprahy.cz\/blog\/wp-content\/uploads\/2025\/05\/156_3-768x530.jpg 768w\" sizes=\"auto, (max-width: 800px) 100vw, 800px\" \/><span>Z pr\u016fb\u011bhu v\u00fdstavby.<\/span><\/a><\/div><\/div><div class=\"su-image-carousel-item\"><div class=\"su-image-carousel-item-content\"><a href=\"https:\/\/www.periferieprahy.cz\/blog\/wp-content\/uploads\/2025\/05\/156_4.jpg\" data-caption=\"Z pr\u016fb\u011bhu v\u00fdstavby\"><img loading=\"lazy\" decoding=\"async\" width=\"800\" height=\"517\" src=\"https:\/\/www.periferieprahy.cz\/blog\/wp-content\/uploads\/2025\/05\/156_4.jpg\" class=\"\" alt=\"\" srcset=\"https:\/\/www.periferieprahy.cz\/blog\/wp-content\/uploads\/2025\/05\/156_4.jpg 800w, https:\/\/www.periferieprahy.cz\/blog\/wp-content\/uploads\/2025\/05\/156_4-300x194.jpg 300w, https:\/\/www.periferieprahy.cz\/blog\/wp-content\/uploads\/2025\/05\/156_4-768x496.jpg 768w\" sizes=\"auto, (max-width: 800px) 100vw, 800px\" \/><span>Z pr\u016fb\u011bhu v\u00fdstavby<\/span><\/a><\/div><\/div><div class=\"su-image-carousel-item\"><div class=\"su-image-carousel-item-content\"><a href=\"https:\/\/www.periferieprahy.cz\/blog\/wp-content\/uploads\/2025\/05\/156_5.jpg\" data-caption=\"Hrub\u00e1 stavba se bl\u00ed\u017e\u00ed ke konci\"><img loading=\"lazy\" decoding=\"async\" width=\"800\" height=\"562\" src=\"https:\/\/www.periferieprahy.cz\/blog\/wp-content\/uploads\/2025\/05\/156_5.jpg\" class=\"\" alt=\"\" srcset=\"https:\/\/www.periferieprahy.cz\/blog\/wp-content\/uploads\/2025\/05\/156_5.jpg 800w, https:\/\/www.periferieprahy.cz\/blog\/wp-content\/uploads\/2025\/05\/156_5-300x211.jpg 300w, https:\/\/www.periferieprahy.cz\/blog\/wp-content\/uploads\/2025\/05\/156_5-768x540.jpg 768w\" sizes=\"auto, (max-width: 800px) 100vw, 800px\" \/><span>Hrub\u00e1 stavba se bl\u00ed\u017e\u00ed ke konci<\/span><\/a><\/div><\/div><div class=\"su-image-carousel-item\"><div class=\"su-image-carousel-item-content\"><a href=\"https:\/\/www.periferieprahy.cz\/blog\/wp-content\/uploads\/2025\/04\/zivnosti_7.jpg\" data-caption=\"Libo\u010dt\u00ed zedn\u00edci, rok 1908-1909. bohu\u017eel nev\u00edme co je to za stavbu. Nepozn\u00e1 to n\u011bkdo t\u0159eba podle fas\u00e1dy? Na dal\u0161\u00edm sn\u00edmku jsou p. Mare\u0161em uvedena n\u011bkter\u00e1 jm\u00e9na.\"><img loading=\"lazy\" decoding=\"async\" width=\"1220\" height=\"890\" src=\"https:\/\/www.periferieprahy.cz\/blog\/wp-content\/uploads\/2025\/04\/zivnosti_7.jpg\" class=\"\" alt=\"\" srcset=\"https:\/\/www.periferieprahy.cz\/blog\/wp-content\/uploads\/2025\/04\/zivnosti_7.jpg 1220w, https:\/\/www.periferieprahy.cz\/blog\/wp-content\/uploads\/2025\/04\/zivnosti_7-300x219.jpg 300w, https:\/\/www.periferieprahy.cz\/blog\/wp-content\/uploads\/2025\/04\/zivnosti_7-1024x747.jpg 1024w, https:\/\/www.periferieprahy.cz\/blog\/wp-content\/uploads\/2025\/04\/zivnosti_7-768x560.jpg 768w\" sizes=\"auto, (max-width: 1220px) 100vw, 1220px\" \/><span>Libo\u010dt\u00ed zedn\u00edci, rok 1908-1909. bohu\u017eel nev\u00edme co je to za stavbu. Nepozn\u00e1 to n\u011bkdo t\u0159eba podle fas\u00e1dy? Na dal\u0161\u00edm sn\u00edmku jsou p. Mare\u0161em uvedena n\u011bkter\u00e1 jm\u00e9na.<\/span><\/a><\/div><\/div><div class=\"su-image-carousel-item\"><div class=\"su-image-carousel-item-content\"><a href=\"https:\/\/www.periferieprahy.cz\/blog\/wp-content\/uploads\/2025\/04\/zivnosti_8.jpg\" data-caption=\"\"><img loading=\"lazy\" decoding=\"async\" width=\"1051\" height=\"550\" src=\"https:\/\/www.periferieprahy.cz\/blog\/wp-content\/uploads\/2025\/04\/zivnosti_8.jpg\" class=\"\" alt=\"\" srcset=\"https:\/\/www.periferieprahy.cz\/blog\/wp-content\/uploads\/2025\/04\/zivnosti_8.jpg 1051w, https:\/\/www.periferieprahy.cz\/blog\/wp-content\/uploads\/2025\/04\/zivnosti_8-300x157.jpg 300w, https:\/\/www.periferieprahy.cz\/blog\/wp-content\/uploads\/2025\/04\/zivnosti_8-1024x536.jpg 1024w, https:\/\/www.periferieprahy.cz\/blog\/wp-content\/uploads\/2025\/04\/zivnosti_8-768x402.jpg 768w\" sizes=\"auto, (max-width: 1051px) 100vw, 1051px\" \/><span><\/span><\/a><\/div><\/div><div class=\"su-image-carousel-item\"><div class=\"su-image-carousel-item-content\"><a href=\"https:\/\/www.periferieprahy.cz\/blog\/wp-content\/uploads\/2025\/05\/litovic_9.jpg\" data-caption=\"Zedn\u00edk Zaj\u00edc  opravuje Sala\u010dovu kov\u00e1rnu v roce 1910-1911 v\u00edce na rubu fotografie\"><img loading=\"lazy\" decoding=\"async\" width=\"1083\" height=\"687\" src=\"https:\/\/www.periferieprahy.cz\/blog\/wp-content\/uploads\/2025\/05\/litovic_9.jpg\" class=\"\" alt=\"\" srcset=\"https:\/\/www.periferieprahy.cz\/blog\/wp-content\/uploads\/2025\/05\/litovic_9.jpg 1083w, https:\/\/www.periferieprahy.cz\/blog\/wp-content\/uploads\/2025\/05\/litovic_9-300x190.jpg 300w, https:\/\/www.periferieprahy.cz\/blog\/wp-content\/uploads\/2025\/05\/litovic_9-1024x650.jpg 1024w, https:\/\/www.periferieprahy.cz\/blog\/wp-content\/uploads\/2025\/05\/litovic_9-768x487.jpg 768w\" sizes=\"auto, (max-width: 1083px) 100vw, 1083px\" \/><span>Zedn\u00edk Zaj\u00edc  opravuje Sala\u010dovu kov\u00e1rnu v roce 1910-1911 v\u00edce na rubu fotografie<\/span><\/a><\/div><\/div><div class=\"su-image-carousel-item\"><div class=\"su-image-carousel-item-content\"><a href=\"https:\/\/www.periferieprahy.cz\/blog\/wp-content\/uploads\/2025\/05\/litovic_10.jpg\" data-caption=\"Rub vedlej\u0161\u00ed fotografie\"><img loading=\"lazy\" decoding=\"async\" width=\"1085\" height=\"691\" src=\"https:\/\/www.periferieprahy.cz\/blog\/wp-content\/uploads\/2025\/05\/litovic_10.jpg\" class=\"\" alt=\"\" srcset=\"https:\/\/www.periferieprahy.cz\/blog\/wp-content\/uploads\/2025\/05\/litovic_10.jpg 1085w, https:\/\/www.periferieprahy.cz\/blog\/wp-content\/uploads\/2025\/05\/litovic_10-300x191.jpg 300w, https:\/\/www.periferieprahy.cz\/blog\/wp-content\/uploads\/2025\/05\/litovic_10-1024x652.jpg 1024w, https:\/\/www.periferieprahy.cz\/blog\/wp-content\/uploads\/2025\/05\/litovic_10-768x489.jpg 768w\" sizes=\"auto, (max-width: 1085px) 100vw, 1085px\" \/><span>Rub vedlej\u0161\u00ed fotografie<\/span><\/a><\/div><\/div><div class=\"su-image-carousel-item\"><div class=\"su-image-carousel-item-content\"><a href=\"https:\/\/www.periferieprahy.cz\/blog\/wp-content\/uploads\/2025\/04\/zivnosti_9.jpg\" data-caption=\"Stavba domu pana Josefa \u0160\u00edmy  v Ruzyni \u010d.p. 132, dne\u0161n\u00ed ulice Stochovsk\u00e1. V pozad\u00ed je  obora &quot;Hv\u011bzda&quot;. S p\u0159isp\u011bn\u00edm pan\u00ed Vladim\u00edry Tomanov\u00e9.\"><img loading=\"lazy\" decoding=\"async\" width=\"1103\" height=\"690\" src=\"https:\/\/www.periferieprahy.cz\/blog\/wp-content\/uploads\/2025\/04\/zivnosti_9.jpg\" class=\"\" alt=\"\" srcset=\"https:\/\/www.periferieprahy.cz\/blog\/wp-content\/uploads\/2025\/04\/zivnosti_9.jpg 1103w, https:\/\/www.periferieprahy.cz\/blog\/wp-content\/uploads\/2025\/04\/zivnosti_9-300x188.jpg 300w, https:\/\/www.periferieprahy.cz\/blog\/wp-content\/uploads\/2025\/04\/zivnosti_9-1024x641.jpg 1024w, https:\/\/www.periferieprahy.cz\/blog\/wp-content\/uploads\/2025\/04\/zivnosti_9-768x480.jpg 768w\" sizes=\"auto, (max-width: 1103px) 100vw, 1103px\" \/><span>Stavba domu pana Josefa \u0160\u00edmy  v Ruzyni \u010d.p. 132, dne\u0161n\u00ed ulice Stochovsk\u00e1. V pozad\u00ed je  obora \"Hv\u011bzda\". S p\u0159isp\u011bn\u00edm pan\u00ed Vladim\u00edry Tomanov\u00e9.<\/span><\/a><\/div><\/div><div class=\"su-image-carousel-item\"><div class=\"su-image-carousel-item-content\"><a href=\"https:\/\/www.periferieprahy.cz\/blog\/wp-content\/uploads\/2025\/06\/cp312_2.jpg\" data-caption=\"Bra\u0161kovsk\u00e1  ulice \u010d. p. 312 stav k 23.3.1934\"><img loading=\"lazy\" decoding=\"async\" width=\"480\" height=\"352\" src=\"https:\/\/www.periferieprahy.cz\/blog\/wp-content\/uploads\/2025\/06\/cp312_2.jpg\" class=\"\" alt=\"\" srcset=\"https:\/\/www.periferieprahy.cz\/blog\/wp-content\/uploads\/2025\/06\/cp312_2.jpg 480w, https:\/\/www.periferieprahy.cz\/blog\/wp-content\/uploads\/2025\/06\/cp312_2-300x220.jpg 300w, https:\/\/www.periferieprahy.cz\/blog\/wp-content\/uploads\/2025\/06\/cp312_2-150x110.jpg 150w\" sizes=\"auto, (max-width: 480px) 100vw, 480px\" \/><span>Bra\u0161kovsk\u00e1  ulice \u010d. p. 312 stav k 23.3.1934<\/span><\/a><\/div><\/div><div class=\"su-image-carousel-item\"><div class=\"su-image-carousel-item-content\"><a href=\"https:\/\/www.periferieprahy.cz\/blog\/wp-content\/uploads\/2025\/06\/cp312_1.jpg\" data-caption=\"Bra\u0161kovsk\u00e1 ulice \u010d. p. 312 Stavebn\u00ed pr\u00e1ce k 21.3.1934.V pozad\u00ed domy v ulici Za vokovickou vozovnou.\"><img loading=\"lazy\" decoding=\"async\" width=\"480\" height=\"354\" src=\"https:\/\/www.periferieprahy.cz\/blog\/wp-content\/uploads\/2025\/06\/cp312_1.jpg\" class=\"\" alt=\"\" srcset=\"https:\/\/www.periferieprahy.cz\/blog\/wp-content\/uploads\/2025\/06\/cp312_1.jpg 480w, https:\/\/www.periferieprahy.cz\/blog\/wp-content\/uploads\/2025\/06\/cp312_1-300x221.jpg 300w, https:\/\/www.periferieprahy.cz\/blog\/wp-content\/uploads\/2025\/06\/cp312_1-150x111.jpg 150w\" sizes=\"auto, (max-width: 480px) 100vw, 480px\" \/><span>Bra\u0161kovsk\u00e1 ulice \u010d. p. 312 Stavebn\u00ed pr\u00e1ce k 21.3.1934.V pozad\u00ed domy v ulici Za vokovickou vozovnou.<\/span><\/a><\/div><\/div><div class=\"su-image-carousel-item\"><div class=\"su-image-carousel-item-content\"><a href=\"https:\/\/www.periferieprahy.cz\/blog\/wp-content\/uploads\/2025\/06\/cp312.jpg\" data-caption=\"Bra\u0161kovsk\u00e1 ulice \u010d. p. 312. Parta stava\u0159\u016f. V pozad\u00ed zadn\u00ed trakt domu \u010d.321 v ulici U kolej\u00ed. Nepozn\u00e1te n\u011bkoho z t\u011bchto pracovit\u00fdch lid\u00ed?\"><img loading=\"lazy\" decoding=\"async\" width=\"480\" height=\"339\" src=\"https:\/\/www.periferieprahy.cz\/blog\/wp-content\/uploads\/2025\/06\/cp312.jpg\" class=\"\" alt=\"\" srcset=\"https:\/\/www.periferieprahy.cz\/blog\/wp-content\/uploads\/2025\/06\/cp312.jpg 480w, https:\/\/www.periferieprahy.cz\/blog\/wp-content\/uploads\/2025\/06\/cp312-300x212.jpg 300w, https:\/\/www.periferieprahy.cz\/blog\/wp-content\/uploads\/2025\/06\/cp312-150x106.jpg 150w\" sizes=\"auto, (max-width: 480px) 100vw, 480px\" \/><span>Bra\u0161kovsk\u00e1 ulice \u010d. p. 312. Parta stava\u0159\u016f. V pozad\u00ed zadn\u00ed trakt domu \u010d.321 v ulici U kolej\u00ed. Nepozn\u00e1te n\u011bkoho z t\u011bchto pracovit\u00fdch lid\u00ed?<\/span><\/a><\/div><\/div><\/div><script id=\"su_image_carousel_69f4b6ab7b269_script\">if(window.SUImageCarousel){setTimeout(function() {window.SUImageCarousel.initGallery(document.getElementById(\"su_image_carousel_69f4b6ab7b269\"))}, 0);}var su_image_carousel_69f4b6ab7b269_script=document.getElementById(\"su_image_carousel_69f4b6ab7b269_script\");if(su_image_carousel_69f4b6ab7b269_script){su_image_carousel_69f4b6ab7b269_script.parentNode.removeChild(su_image_carousel_69f4b6ab7b269_script);}<\/script>\n\n\n\n<p>V z\u00e1v\u011bru kapitoly o zedn\u00edc\u00edch si p\u0159ipome\u0148me i libock\u00e9 stavitele. Asi nejzn\u00e1m\u011bj\u0161\u00ed byli Josef Ruprecht *29. 1. 1855 &#8211; \u20209.4.1916 &#8211; mistr zednick\u00fd a libock\u00fd starosta z <a href=\"https:\/\/www.periferieprahy.cz\/blog\/2025\/05\/02\/c-p-44-a-c-p-297-dum-josefa-ruprechta-a-vila-cechie\/\">\u010d.p.44<\/a>. Dal\u0161\u00edm byl Jaroslav Hlou\u0161ek *15.10.1897 z <a href=\"https:\/\/www.periferieprahy.cz\/blog\/2025\/04\/09\/c-p-19-hlouskovi\/\" data-type=\"post\" data-id=\"2364\">\u010d.p. 19<\/a>, syn zedn\u00edka&nbsp; Anton\u00edna Hlou\u0161ka *1865.<\/p>\n\n\n<div class=\"su-custom-gallery su-custom-gallery-align-center su-custom-gallery-title-hover su-lightbox-gallery\"><div class=\"su-custom-gallery-slide\" style=\"width:280px;height:450px\"><a href=\"https:\/\/www.periferieprahy.cz\/blog\/wp-content\/uploads\/2025\/06\/cp44a.jpg\" title=\"Starosta a stavitel Josef Ruprecht se svou druhou \u017eenou Mari\u00ed Kratochv\u00edlovou,  rok 1896\"><img loading=\"lazy\" decoding=\"async\" src=\"https:\/\/www.periferieprahy.cz\/blog\/wp-content\/uploads\/2025\/06\/cp44a-280x450.jpg\" alt=\"Starosta a stavitel Josef Ruprecht se svou druhou \u017eenou Mari\u00ed Kratochv\u00edlovou,  rok 1896\" width=\"280\" height=\"450\" \/><span class=\"su-custom-gallery-title\">Starosta a stavitel Josef Ruprecht se svou druhou \u017eenou Mari\u00ed Kratochv\u00edlovou,  rok 1896<\/span><\/a><\/div><div class=\"su-custom-gallery-slide\" style=\"width:280px;height:450px\"><a href=\"https:\/\/www.periferieprahy.cz\/blog\/wp-content\/uploads\/2025\/04\/cp19b.jpg\" title=\"Zedn\u00edk Anton\u00edn Hlou\u0161ek a jeho \u017eena Antonie, rozen\u00e1 Mikov\u00e1.\"><img loading=\"lazy\" decoding=\"async\" src=\"https:\/\/www.periferieprahy.cz\/blog\/wp-content\/uploads\/2025\/04\/cp19b-280x450.jpg\" alt=\"Zedn\u00edk Anton\u00edn Hlou\u0161ek a jeho \u017eena Antonie, rozen\u00e1 Mikov\u00e1.\" width=\"280\" height=\"450\" \/><span class=\"su-custom-gallery-title\">Zedn\u00edk Anton\u00edn Hlou\u0161ek a jeho \u017eena Antonie, rozen\u00e1 Mikov\u00e1.<\/span><\/a><\/div><div class=\"su-custom-gallery-slide\" style=\"width:280px;height:450px\"><a href=\"https:\/\/www.periferieprahy.cz\/blog\/wp-content\/uploads\/2025\/04\/cp19a.jpg\" title=\"Jaroslav Hlou\u0161ek se stal libock\u00fdm stavitelem.\"><img loading=\"lazy\" decoding=\"async\" src=\"https:\/\/www.periferieprahy.cz\/blog\/wp-content\/uploads\/2025\/04\/cp19a-280x450.jpg\" alt=\"Jaroslav Hlou\u0161ek se stal libock\u00fdm stavitelem.\" width=\"280\" height=\"450\" \/><span class=\"su-custom-gallery-title\">Jaroslav Hlou\u0161ek se stal libock\u00fdm stavitelem.<\/span><\/a><\/div><div class=\"su-clear\"><\/div><\/div>\n\n\n\n<img loading=\"lazy\" decoding=\"async\" border=\"0\" src=\"https:\/\/www.periferieprahy.cz\/blog\/wp-content\/uploads\/2024\/12\/pismo7_17a.gif\" width=\"111\" height=\"151\" align=\"left\"><b><font size=\"7\" color=\"#CC0000\">ezn\u00edci<\/font><\/b><p align=\"justify\">\n\t\t\tRovn\u011b\u017e velmi star\u00e9 \u0159emeslo. I kdy\u017e jich v Liboci nebylo tolik jako \n\t\t\tt\u0159eba kov\u00e1\u0159\u016f, byla to \u017eivnost pro blaho obyvatel cel\u00e9 obce \n\t\t\tnepostradateln\u00e1. Nejstar\u0161\u00ed nalezen\u00fd z\u00e1znam o t\u00e9to \u017eivnosti je zat\u00edm \n\t\t\tv <a href=\"https:\/\/www.periferieprahy.cz\/blog\/2025\/04\/15\/c-p-26-letni-byt-ignace-rziwnatze\/\">\u010d.p.26<\/a> z roku 1773. To zde \u017eil \u0159ezn\u00edk Jan Fridlovsk\u00fd. Dal\u0161\u00ed je z&nbsp;&nbsp; <a href=\"https:\/\/www.periferieprahy.cz\/blog\/2025\/04\/17\/c-p-30-v-liboci-a-c-p-519-v-ruzyni\/\">\u010d.p. 30<\/a> kde v roce 1774 p\u016fsobil \u0159ezn\u00edk \n\t\t\tAnton\u00edn David, kter\u00fd svou \u017eivnost pozd\u011bji v r. 1777 m\u011bl v&nbsp;\n\t\t\t<a href=\"https:\/\/www.periferieprahy.cz\/blog\/2025\/03\/10\/c-p-8-tonkovi\/\">\u010d.p. 8<\/a> . N\u011bkolik generac\u00ed \u0159ezn\u00edk\u016f bylo v \n\t\t\t<a href=\"https:\/\/www.periferieprahy.cz\/blog\/2025\/03\/29\/c-p-15-reznik-jan-svoboda\/\">\u010d.p. \n\t\t\t15<\/a>; v roce 1796 je to Jan Svoboda, 1826 Josef Ka\u010daba a v roce 1908 \n\t\t\tAnton\u00edn T\u016fma. V roce 1862 v <a href=\"https:\/\/www.periferieprahy.cz\/blog\/2025\/03\/29\/c-p-16-vajsuv-a-zvonickuv-domek\/\">\u010d.p. 16<\/a> p\u016fsobil \n\t\t\t\u0159ezn\u00edk&nbsp; V\u00e1clav Hal\u00edk, a&nbsp; v hostinci &quot;U \u0160varc\u016f&quot;\n\t\t\t<a href=\"https:\/\/www.periferieprahy.cz\/blog\/2025\/04\/18\/c-p-31-hostinec-p-vaclava-svarce\/\">\u010d.p. 31<\/a> byl v roce 1889 \u0159ezn\u00edk Josef T\u016fma. \n\t\t\tn\u011bkdy po prvn\u00ed sv\u011btov\u00e9 v\u00e1lce bylo podle pam\u011bt\u00ed pana \u2020Mare\u0161e mlad\u0161\u00edho&nbsp; \n\t\t\t\u0159eznictv\u00ed pana Kresy v <a href=\"https:\/\/www.periferieprahy.cz\/blog\/2025\/06\/07\/c-p-279-kresovo-reznictvi\/\">\u010d.p. 279<\/a> . V \n\t\t\tnovodob\u00e9 historii podle vzpom\u00ednek pam\u011btn\u00edk\u016f to byla \u0159eznictv\u00ed pana \n\t\t\tDolej\u0161e v <a href=\"https:\/\/www.periferieprahy.cz\/blog\/2025\/05\/16\/c-p-124-reznictvi-pana-dolejse\/\">\u010d.p. 124<\/a>; v\n\t\t\t<a href=\"https:\/\/www.periferieprahy.cz\/blog\/2025\/05\/22\/c-p-175-c-p-211\/\">\u010d.p. 175<\/a> m\u011bl \u0159eznictv\u00ed pan Bro\u017eek, v\n\t\t\t<a href=\"https:\/\/www.periferieprahy.cz\/blog\/2025\/06\/09\/c-p-291\/\">\u010d.p.291<\/a> pan Hampl, v <a href=\"https:\/\/www.periferieprahy.cz\/blog\/2025\/06\/11\/c-p-306-reznik-pan-nohavec\/\">\n\t\t\t\u010d.p. 306<\/a> pan Nohavec a v <a href=\"https:\/\/www.periferieprahy.cz\/blog\/2025\/06\/13\/c-p-374-reznictvi-pana-samka\/\">\u010d.p. 374<\/a> pan \n\t\t\tSamek. Jeden \u010das b\u00fdvalo \u0159eznictv\u00ed i v <a href=\"https:\/\/www.periferieprahy.cz\/blog\/2025\/06\/09\/c-p-292-sodovkarna-pana-hudce\/\">\u010d.p. 292<\/a>, \n\t\t\tkam chodili nakupovat i obyvatel\u00e9 nedalek\u00e9ho, nov\u011b vybudovan\u00e9ho \n\t\t\ts\u00eddli\u0161t\u011b Pet\u0159iny.<\/p>\n\n\n\n<p>A na z\u00e1v\u011br jedna z\u00e1hada. V poz\u016fstalosti pana \u2020JUC Mare\u0161e, v kartonech o Liboci je i jedna fotografie \u0159eznictv\u00ed pana Bed\u0159icha O\u010den\u00e1\u0161ka. Bylo asi n\u011bkde v Liboci nebo v nedalek\u00e9 Ruzyni, Vokovic\u00edch, Veleslav\u00edn\u011b \u010di B\u0159evnov\u011b. Nenapad\u00e1 V\u00e1s n\u011bkoho, kde by to mohlo b\u00fdt n\u011bkdy po\u010d\u00e1tkem 20. stol. foceno? Tak to u\u017e neplat\u00ed. Z\u00e1hada je toti\u017e objasn\u011bna p\u0159\u00edsp\u011bvkem pan\u00ed Zde\u0148ky Kov\u00e1\u0159ov\u00e9:<\/p>\n\n\n<div class=\"wp-block-image\">\n<figure class=\"aligncenter size-large is-resized\"><a href=\"https:\/\/www.periferieprahy.cz\/blog\/wp-content\/uploads\/2025\/04\/zivnosti_10.jpg\"><img loading=\"lazy\" decoding=\"async\" width=\"1024\" height=\"764\" src=\"https:\/\/www.periferieprahy.cz\/blog\/wp-content\/uploads\/2025\/04\/zivnosti_10-1024x764.jpg\" alt=\"\" class=\"wp-image-2575\" style=\"width:638px;height:auto\" srcset=\"https:\/\/www.periferieprahy.cz\/blog\/wp-content\/uploads\/2025\/04\/zivnosti_10-1024x764.jpg 1024w, https:\/\/www.periferieprahy.cz\/blog\/wp-content\/uploads\/2025\/04\/zivnosti_10-300x224.jpg 300w, https:\/\/www.periferieprahy.cz\/blog\/wp-content\/uploads\/2025\/04\/zivnosti_10-768x573.jpg 768w, https:\/\/www.periferieprahy.cz\/blog\/wp-content\/uploads\/2025\/04\/zivnosti_10-1536x1146.jpg 1536w, https:\/\/www.periferieprahy.cz\/blog\/wp-content\/uploads\/2025\/04\/zivnosti_10.jpg 1600w\" sizes=\"auto, (max-width: 1024px) 100vw, 1024px\" \/><\/a><figcaption class=\"wp-element-caption\">Ruzy\u0148, p\u0159ed hospodou &#8222;Na Nov\u00e9&#8220; \u010d.p. 22. \nPan Bed\u0159ich O\u010den\u00e1\u0161ek s p\u011bst\u011bn\u00fdm kn\u00edrem oto\u010den\u00fdm p\u011bkn\u011b nahoru je uprost\u0159ed nad t\u00edm p\u00e1nem v klobouku.<\/figcaption><\/figure>\n<\/div>\n\n\n<h2 class=\"wp-block-heading has-text-align-center\" id=\"otcenasek\">Pan Bed\u0159ich O\u010den\u00e1\u0161ek, hostinsk\u00fd a \u0159ezn\u00edk v Ruz\u00fdni,<\/h2>\n\n\n\n<p>tak zn\u00ed n\u00e1pis na n\u00e1hrobn\u00edm kameni na ruzy\u0144sk\u00e9m h\u0159bitov\u011b pod ulic\u00ed Karlovarskou u b\u00fdval\u00e9 formansk\u00e9 cesty, v r. 1913 naz\u00fdvan\u00e9m h\u0159bitov sv. V\u00e1clava dle svatov\u00e1clavsk\u00e9 kaple na n\u011bm um\u00edst\u011bn\u00e9.<br>Alespo\u0148 tak je to patrn\u00e9 ze z\u00e1znam\u016f v matrice libock\u00e9 farnosti z t\u00e9ho\u017e roku.<\/p>\n\n\n\n<p>Ale zp\u011bt k panu Bed\u0159ichu O\u010den\u00e1\u0161kovi, kter\u00e9ho zmi\u0148uje pan Jaroslav \u0160er\u00e1k.<br>Inu, p\u0159i pro\u010d\u00edt\u00e1n\u00ed v\u00fd\u0161e uveden\u00fdch str\u00e1nek mne tato z\u00e1hada zaujala\u2026 Uv\u011bdomila jsem si, \u017ee p\u0159i sv\u00e9 n\u00e1v\u0161t\u011bv\u011b v\u00fd\u0161e zm\u00edn\u011bn\u00e9ho h\u0159bitova, kde jsou pochov\u00e1ni m\u00ed p\u0159edci z tat\u00ednkovy strany, jsem vid\u011bla hezky obnoven\u00fd n\u00e1hrobn\u00ed k\u00e1men s takov\u00fdm jm\u00e9nem\u2026 P\u0159i sv\u00e9 dal\u0161\u00ed n\u00e1v\u0161t\u011bv\u011b jsem si to potvrdila a konkr\u00e9tn\u00ed v\u00fdsledek je tady:<\/p>\n\n\n<div class=\"wp-block-image\">\n<figure class=\"aligncenter size-large is-resized\"><a href=\"https:\/\/www.periferieprahy.cz\/blog\/wp-content\/uploads\/2025\/06\/ruzynsky_hrbitov_ocenasek.jpg\"><img loading=\"lazy\" decoding=\"async\" width=\"1024\" height=\"768\" src=\"https:\/\/www.periferieprahy.cz\/blog\/wp-content\/uploads\/2025\/06\/ruzynsky_hrbitov_ocenasek-1024x768.jpg\" alt=\"\" class=\"wp-image-4660\" style=\"width:478px;height:auto\" srcset=\"https:\/\/www.periferieprahy.cz\/blog\/wp-content\/uploads\/2025\/06\/ruzynsky_hrbitov_ocenasek-1024x768.jpg 1024w, https:\/\/www.periferieprahy.cz\/blog\/wp-content\/uploads\/2025\/06\/ruzynsky_hrbitov_ocenasek-300x225.jpg 300w, https:\/\/www.periferieprahy.cz\/blog\/wp-content\/uploads\/2025\/06\/ruzynsky_hrbitov_ocenasek-150x113.jpg 150w, https:\/\/www.periferieprahy.cz\/blog\/wp-content\/uploads\/2025\/06\/ruzynsky_hrbitov_ocenasek-768x576.jpg 768w, https:\/\/www.periferieprahy.cz\/blog\/wp-content\/uploads\/2025\/06\/ruzynsky_hrbitov_ocenasek.jpg 1100w\" sizes=\"auto, (max-width: 1024px) 100vw, 1024px\" \/><\/a><\/figure>\n<\/div>\n\n\n<p>Tak\u017ee v jednom m\u00e1me jasno \u2013 bylo to v Ruz\u00fdni, jak je tehd\u00e1 ps\u00e1no s dlouh\u00fdm \u201e\u00fd\u201c. Ale kdepak asi\u2026?<\/p>\n\n\n\n<p><br><\/p>\n\n\n\n<div class=\"wp-block-media-text is-stacked-on-mobile\" style=\"grid-template-columns:33% auto\"><figure class=\"wp-block-media-text__media\"><img loading=\"lazy\" decoding=\"async\" width=\"588\" height=\"680\" src=\"https:\/\/www.periferieprahy.cz\/blog\/wp-content\/uploads\/2025\/06\/ocenasek.jpg\" alt=\"\" class=\"wp-image-4658 size-full\" srcset=\"https:\/\/www.periferieprahy.cz\/blog\/wp-content\/uploads\/2025\/06\/ocenasek.jpg 588w, https:\/\/www.periferieprahy.cz\/blog\/wp-content\/uploads\/2025\/06\/ocenasek-259x300.jpg 259w, https:\/\/www.periferieprahy.cz\/blog\/wp-content\/uploads\/2025\/06\/ocenasek-130x150.jpg 130w\" sizes=\"auto, (max-width: 588px) 100vw, 588px\" \/><\/figure><div class=\"wp-block-media-text__content\">\n<p>P\u0159i dal\u0161\u00edm hled\u00e1n\u00ed a p\u00e1tr\u00e1n\u00ed vyplynuly dal\u0161\u00ed skute\u010dnosti: ve Farn\u00edm v\u011bstn\u00edku \u00fa\u0159edn\u00edm pro farnost libockou 1908, konkr\u00e9tn\u011b ze dne 1. dubna 1908, strana 2, v \u010d\u00e1sti Posv\u00e1tn\u00e9 \u00fakony (do 15. b\u0159ezna)&nbsp; je mj. uvedeno:<br>K\u0159ty narozen\u00fdch d\u00edtek v Ruzyni: \u00danor: 12. <strong>P\u0159emysl, syn Bed\u0159. O\u010den\u00e1\u0161ka, hostinsk\u00e9ho \u010d. 22<\/strong> <a href=\"file:\/\/\/C:\/Users\/jarda\/Documents\/weby\/periferieprahy\/doc\/far_vestnik1908.pdf#page=6\"><\/a><br>Tyto z\u00e1kladn\u00ed informace bylo mo\u017en\u00e9 z\u00edskat d\u00edky kr\u00e1sn\u011b obnoven\u00e9mu n\u00e1hrobn\u00edmu kameni a zde s pietou uveden\u00fdch jmen a \u017eivotn\u00edch miln\u00edk\u016f jednotliv\u00fdch osob\u2026 velk\u00e9 d\u00edky rodin\u011b za tuto p\u00e9\u010di.<\/p>\n\n\n\n<p>Jak u\u017e v\u00edme, <a href=\"https:\/\/www.periferieprahy.cz\/blog\/2025\/04\/13\/c-p-22-ruzyne-hospoda-na-nove\/\">\u010d. p. 22<\/a> m\u011bla hospoda \u201eNa nov\u00e9\u201c neboli tak\u00e9 \u201eU koruny\u201c zvan\u00e1, na Star\u00e9m n\u00e1m\u011bst\u00ed v Ruzyni. Od kdy do kdy po\u017e\u00edvala t\u011bchto n\u00e1zv\u016f nev\u00edm. Ale v\u00edm, \u017ee pan Bed\u0159ich O\u010den\u00e1\u0161ek byl zde hostinsk\u00fdm a \u0159ezn\u00edkem a d\u00edky vyobrazen\u00e9 fotografii na n\u00e1hrobn\u00edm kameni, si ho m\u016f\u017eeme uk\u00e1zat i na hromadn\u00e9 fotografii po\u0159\u00edzen\u00e9 pravd\u011bpodobn\u011b p\u0159\u00edmo p\u0159ed hospodou, a to bu\u010f p\u0159\u00edmo na chodn\u00edku p\u0159ed hospodou, nebo uvnit\u0159 na dvo\u0159e\u2026 pana O\u010den\u00e1\u0161ka s p\u011bst\u011bn\u00fdm kn\u00edrem oto\u010den\u00fdm p\u011bkn\u011b nahoru najdeme v sam\u00e9m st\u0159edu fotografie. Fotografie nemohla b\u00fdt po\u0159\u00edzena pozd\u011bji ne\u017e v r. 1913, nebo\u0165 pr\u00e1v\u011b v tomto roce dne 8. 12. pan Bed\u0159ich O\u010den\u00e1\u0161ek um\u00edr\u00e1 na tuberkul\u00f3zu, konkr\u00e9tn\u011b na \u201eInfiltrace tuberkulosn\u00ed plic\u201c\u2026 ve v\u011bku 37 let, 10 m\u011bs\u00edc\u016f a 14 dn\u016f; 8 let po svatb\u011b a ponech\u00e1vaj\u00edc\u00ed zde i sv\u00e9 dv\u011b d\u011bti &#8211; Johannu ve v\u011bku 8 a P\u0159emysla ve v\u011bku 5 let.<\/p>\n\n\n\n<p>Jistou \u201ezaj\u00edmavost\u00ed\u201c je, \u017ee v ten sam\u00fd den, kdy zem\u0159el pan Bed\u0159ich O\u010den\u00e1\u0161ek, zem\u0159ela tak\u00e9 pan\u00ed Bo\u017eena Omc\u00edrkov\u00e1 z Veleslav\u00edna \u010d. 27 \u2013 takt\u00e9\u017e na stejnou diagn\u00f3zu: \u201einfiltrace tuberkulosn\u00ed plic\u201c. Jej\u00ed mu\u017e, pan Karel Omc\u00edrek, z Veleslav\u00edna \u010d. 27, zem\u0159el takt\u00e9\u017e na tuberkul\u00f3zu plic dne 15. 9. 1913. Plicn\u00ed choroby v tu dobu asi tzv. \u201e\u0159\u00e1dily\u201c, nebo\u0165 dne 20.11.1913 zem\u0159ela pan\u00ed Anna Kubrov\u00e1 z Ruzyn\u011b \u010d. 18 na \u201ez\u00e1n\u011bt plic\u201c a dne 15.11.1913 pan\u00ed Marie Vondr\u00e1\u010dkov\u00e1 z Horn\u00ed Liboce \u010d. 14 takt\u00e9\u017e na \u201ez\u00e1n\u011bt plic\u201c.<\/p>\n\n\n\n<p><\/p>\n<\/div><\/div>\n\n\n\n<p>Jist\u011b to pro vdovu Ludmilu, kter\u00e9 bylo tehdy 27 let, nebylo jednoduch\u00e9\u2026 kdov\u00ed, co bylo d\u00e1le s \u017eivnost\u00ed hospody a \u0159eznictv\u00edm\u2026 p\u0159evzal ji n\u011bkdo, koupil ji n\u011bkdo\u2026? To zat\u00edm nev\u00edm\u2026 ale dost mo\u017en\u00e1 to byl pr\u00e1v\u011b pan Josef Juris, kter\u00fd je uveden jako hostinsk\u00fd na jedn\u00e9 z fotografi\u00ed v d\u00edle o zanikl\u00fdch hospod\u00e1ch\u2026Z n\u00e1hrobku pana Bed\u0159icha O\u010den\u00e1\u0161ka, zde uveden\u00fdch \u00fadaj\u016f a matrik vypl\u00fdv\u00e1, \u017ee se narodil dne 24. 1. 1876 v Netvo\u0159ic\u00edch \u010d. 1 jako syn Franti\u0161ka O\u010den\u00e1\u0161ka, souseda v \u010d. 1.<\/p>\n\n\n\n<p>Jist\u00e9 je, \u017ee m\u011bl je\u0161t\u011b 3, resp. 2 star\u0161\u00ed bratry, a to: \u2020<a href=\"https:\/\/ebadatelna.soapraha.cz\/d\/9561\/202\">11.2.1868 mrtv\u011b narozen\u00e9 d\u00edt\u011b<\/a> Franti\u0161ka O\u010den\u00e1\u0161ka, z\u00e1me\u010dn\u00edka a souseda z Netvo\u0159ic \u010d. 1 a Anny, roz. Zamrazilov\u00e9; *<a href=\"https:\/\/ebadatelna.soapraha.cz\/d\/9561\/210\">18.2.1869 syn Franti\u0161ek O\u010den\u00e1\u0161ek<\/a>; *<a href=\"https:\/\/ebadatelna.soapraha.cz\/d\/9561\/239\">20.10. 1872 syn Karel O\u010den\u00e1\u0161ek<\/a> a dne <strong>* <a href=\"https:\/\/ebadatelna.soapraha.cz\/d\/9561\/263\">24.1.1876 syn Bed\u0159ich O\u010den\u00e1\u0161ek<\/a> <\/strong>(po dal\u0161\u00edch mlad\u0161\u00edch sourozenc\u00edch jsem ji\u017e nep\u00e1trala).<\/p>\n\n\n\n<p>Dne <a href=\"https:\/\/ebadatelna.soapraha.cz\/d\/9691\/147\">29. 6. 1905, tedy ve sv\u00fdch 29 letech, se v Netvo\u0159ic\u00edch o\u017eenil<\/a> s tehdy je\u0161t\u011b nezletilou sle\u010dnou Ludmilou Trnkovou, nar. dne 19.9. 1885 B\u00edlsku u Vod\u0148an \u010d. 24. Jej\u00ed otec byl kamenick\u00fd mistr z Netvo\u0159ic \u010d. 7.<\/p>\n\n\n<div class=\"wp-block-image is-style-rounded\">\n<figure class=\"aligncenter size-full\"><img loading=\"lazy\" decoding=\"async\" width=\"598\" height=\"384\" src=\"https:\/\/www.periferieprahy.cz\/blog\/wp-content\/uploads\/2025\/06\/bilsko_ocenasek.jpg\" alt=\"\" class=\"wp-image-4659\" srcset=\"https:\/\/www.periferieprahy.cz\/blog\/wp-content\/uploads\/2025\/06\/bilsko_ocenasek.jpg 598w, https:\/\/www.periferieprahy.cz\/blog\/wp-content\/uploads\/2025\/06\/bilsko_ocenasek-300x193.jpg 300w, https:\/\/www.periferieprahy.cz\/blog\/wp-content\/uploads\/2025\/06\/bilsko_ocenasek-150x96.jpg 150w\" sizes=\"auto, (max-width: 598px) 100vw, 598px\" \/><figcaption class=\"wp-element-caption\">B\u00edlsko \u010d. 24, rodi\u0161t\u011b Ludmily Trnkov\u00e9, provd. O\u010den\u00e1\u0161kov\u00e9<\/figcaption><\/figure>\n<\/div>\n\n\n<p>Dne 25.8.1905 se jim narodilo jejich prvn\u00ed d\u00edt\u011b, dcera Johanna; o t\u0159i roky pozd\u011bji dne 12.2. 1908 se jim narodilo druh\u00e9 d\u00edt\u011b, chlapec P\u0159emysl, o jeho\u017e narozen\u00ed informoval ji\u017e d\u0159\u00edve zm\u00edn\u011bn\u00fd Farn\u00ed v\u011bstn\u00edk \u00fa\u0159edn\u00ed pro farnost libockou z roku 1908.<\/p>\n\n\n\n<p>Kdy, jak a pro\u010d p\u0159es\u00eddlili do Ruz\u00fdn\u011b, jak se tehdy psalo, t\u011b\u017eko \u0159\u00edci\u2026a kdov\u00ed, jak\u00fdch bylo jejich 8 let vz\u00e1jemn\u00e9ho sou\u017eit\u00ed a \u017eivota v Ruz\u00fdni, jak se jim da\u0159ilo\u2026 jist\u00e9 je, \u017ee bohu\u017eel po 8 letech pan Bed\u0159ich O\u010den\u00e1\u0161ek zem\u0159el.<br>Pan\u00ed Ludmila O\u010den\u00e1\u0161kov\u00e1, vdova, zem\u0159ela dne 23. 8. 1934 ve v\u011bku nedo\u017eit\u00fdch 49 let; prvorozen\u00e1 dcera Johanna zem\u0159ela dne 25. 8. 1987, tedy p\u0159esn\u011b v den sv\u00fdch 82. narozenin; syn P\u0159emysl zem\u0159el dne 8. 8. 1996 ve v\u011bku 88 let.<\/p>\n\n\n\n<p>Vra\u0165me se v\u0161ak je\u0161t\u011b k dochovan\u00e9 fotografii.<\/p>\n\n\n\n<p>Jak v\u00edme, v pat\u0159e zm\u00edn\u011bn\u00e9 hospody Na Nov\u00e9 b\u00fdval s\u00e1l, ve kter\u00e9m se hr\u00e1la ochotnick\u00e1 divadeln\u00ed p\u0159edstaven\u00ed. <a href=\"https:\/\/www.amaterskedivadlo.cz\/main.php?data=soubor&amp;id=3963\">Datab\u00e1ze \u010desk\u00e9ho amat\u00e9rsk\u00e9ho divadla<\/a>, uv\u00e1d\u00ed, \u017ee v Ruzyni p\u016fsobila Vz\u00e1jemn\u011b se podporuj\u00edc\u00ed ochotnick\u00e1 jednota Svornost, a to od r. zalo\u017een\u00ed 1884 do r. 1952, kdy je evidov\u00e1na posledn\u00ed zpr\u00e1va \u2013 o ukon\u010den\u00ed \u010dinnosti. Spolek ro\u010dn\u011b pravideln\u011b sehr\u00e1l 1 &#8211; 2 hry, v\u011bt\u0161inou se v\u0161ak bohu\u017eel neuv\u00e1d\u011bj\u00ed jejich n\u00e1zvy. Zde je n\u011bkolik \u010d\u00edseln\u00fdch \u00fadaj\u016f:<\/p>\n\n\n\n<ul class=\"wp-block-list\">\n<li>1884 zednick\u00fd pomocn\u00edk Jan Pulec byl inici\u00e1torem zalo\u017een\u00ed spolku. Spolek dostal jm\u00e9no \u201eVz\u00e1jemn\u011b se podporuj\u00edc\u00ed jednota Svornost pro Ruzy\u0148 a okol\u00ed\u201c Vedle vz\u00e1jemn\u00e9 podpory v programu knihovna a divadlo. S\u00eddlo v hostinci Ji\u0159\u00edho Kubra. Schv\u00e1leny stanovy.<\/li>\n\n\n\n<li>1890 starosta a roln\u00edk Josef Vr\u0161n\u00edk jmenov\u00e1n protektorem a \u010destn\u00fdm \u010dlenem.<\/li>\n\n\n\n<li>1892 slavnost sv\u011bcen\u00ed praporu<\/li>\n\n\n\n<li>1894 seps\u00e1ny d\u011bjiny desetilet\u00e9 \u010dinnosti V\u00fdnosy z divadeln\u00edch p\u0159edstaven\u00ed vedle \u010dlensk\u00fdch p\u0159\u00edsp\u011bvk\u016f se staly nejv\u00fdznamn\u011bj\u0161\u00edm zdrojem p\u0159\u00edjm\u016f. (N\u00e1zvy neuvedeny.)<\/li>\n\n\n\n<li>189x s.a. z\u00e1pis o rozpu\u0161t\u011bn\u00ed spolku.<\/li>\n\n\n\n<li>1905 Slu\u017eebn\u00edk sv\u00e9ho p\u00e1na (v hostinci \u201ena Kov\u00e1rn\u011b\u201c dne 24. dubna 1905).<\/li>\n\n\n\n<li>1906 Osudn\u00fd masopust (uvedeno, \u017ee se hraje v hostinci \u201eNa kov\u00e1rn\u011b\u201c dne 16. dubna 1906) Divotvorn\u00fd klobouk (v hostinci pana Hou\u0161ky 26. prosince 1906).<\/li>\n\n\n\n<li>1913 re\u017eis\u00e9rem Franti\u0161ek Jech<\/li>\n\n\n\n<li>1917 Dv\u011b R\u016f\u017eenky<\/li>\n\n\n\n<li>1924 Mlyn\u00e1\u0159 a jeho d\u00edt\u011b<\/li>\n\n\n\n<li>1926 P\u00edsm\u00e1kova dcera<br>1884-1952 existence spolku dolo\u017eena v SOkA Praha-z\u00e1pad<\/li>\n<\/ul>\n\n\n\n<p>Osoby na fotografii sv\u00fdm r\u016fznorod\u00fdm oble\u010den\u00edm, pokr\u00fdvkami hlavy a celkov\u00fdm vzez\u0159en\u00edm d\u011blaj\u00ed dojem jakoby to byli \u00fa\u010dinkuj\u00edc\u00ed n\u011bjak\u00e9 divadeln\u00ed hry\u2026 mo\u017en\u00e1 se m\u00fdl\u00edm a nen\u00ed tomu tak, av\u0161ak mo\u017en\u00e9 by to snad bylo\u2026 ve st\u0159edu fotografie, p\u0159\u00edmo pod panem Bed\u0159ichem O\u010den\u00e1\u0161kem, je jak\u00fdsi \u201ezbojn\u00edk\u201c v klobouku divo\u010dej\u0161\u00edho vzez\u0159en\u00ed, vedle n\u011bj d\u00edvka s kytic\u00ed (snad svatebn\u00ed?)v rukou, po jej\u00ed lev\u00e9 ruce \u0161ikmo d\u00edvka (vypadaj\u00edc\u00ed jako cik\u00e1nka) s rozpu\u0161t\u011bn\u00fdmi vlasy, p\u00e1nov\u00e9 v r\u016fzn\u00fdch pokr\u00fdvk\u00e1ch hlavy \u2013 klobouky, \u010depice s pery i bez, beranice, vlevo dva p\u00e1nov\u00e9 s placat\u00fdmi \u010depicemi s k\u0161iltem, u n\u011bkter\u00fdch se zd\u00e1, jakoby m\u011bli pod pokr\u00fdvkou paruku\u2026 \u00fapln\u011b vpravo stoj\u00edc\u00ed mu\u017e s b\u00edlou p\u00e1skou na lev\u00e9m ruk\u00e1vu a s levou rukou na klop\u011b, d\u00edvaj\u00edc\u00ed se do objektivu a vypadaj\u00edc\u00ed jako c. k. tajn\u00fd policajt z Ha\u0161kova \u0160vejka\u2026plno d\u00edtek v kroj\u00edch; z toho jedna d\u00edvka v prav\u00e9 \u010d\u00e1sti fotografie dr\u017e\u00ed v lev\u00e9 ruce prapor \u2013 bohu\u017eel nen\u00ed patrno, jak\u00fd.<\/p>\n\n\n\n<p>Fotografie na mne d\u011bl\u00e1 dojem, jakoby byla z n\u011bjak\u00e9ho kusu \u201eUhersk\u00e1 svatba\u201c \u010di n\u011bco podobn\u00e9ho\u2026 a na\u0161la jsem, \u017ee ve fondu N\u00e1rodn\u00edho muzea &#8211; Historick\u00e9 muzeum, podsb\u00edrka Divadeln\u00ed sb\u00edrka, je archivov\u00e1na cedule spole\u010dnosti Jana Hodra: Bojarova svatba \/Cik\u00e1nsk\u00e1 krev\/ (L. Ganghofer, M. Brociner) &#8211; m\u00edsto neuvedeno, jen: Ve prosp\u011bch d\u00e1msk\u00e9ho odboru \u00da. M. \u0160. pro Polici a okol\u00ed.<br>Na ceduli ze dne 16. b\u0159ezna 1912 je mj. uvedeno:Repertoirn\u00ed hra divadla \u201eUranie\u201c v Praze.<br>Nen\u00ed tedy mo\u017en\u00e9, \u017ee by dochovan\u00e1 fotografie mohla p\u0159edstavovat ochotnick\u00e9 ruzy\u0148sk\u00e9 akt\u00e9ry t\u00e9to divadeln\u00ed hry\u2026?<\/p>\n\n\n\n<p>A tady je zm\u00edn\u011bn\u00e1 cedule:<\/p>\n\n\n<div class=\"wp-block-image\">\n<figure class=\"aligncenter size-full is-resized\"><a href=\"https:\/\/www.periferieprahy.cz\/blog\/wp-content\/uploads\/2025\/06\/cedule_ocenasek.jpg\"><img loading=\"lazy\" decoding=\"async\" width=\"596\" height=\"855\" src=\"https:\/\/www.periferieprahy.cz\/blog\/wp-content\/uploads\/2025\/06\/cedule_ocenasek.jpg\" alt=\"\" class=\"wp-image-4661\" style=\"width:384px;height:auto\" srcset=\"https:\/\/www.periferieprahy.cz\/blog\/wp-content\/uploads\/2025\/06\/cedule_ocenasek.jpg 596w, https:\/\/www.periferieprahy.cz\/blog\/wp-content\/uploads\/2025\/06\/cedule_ocenasek-209x300.jpg 209w, https:\/\/www.periferieprahy.cz\/blog\/wp-content\/uploads\/2025\/06\/cedule_ocenasek-105x150.jpg 105w\" sizes=\"auto, (max-width: 596px) 100vw, 596px\" \/><\/a><\/figure>\n<\/div>\n\n\n<p>A t\u00edm tedy kon\u010d\u00ed m\u00e9 mal\u00e9 pojedn\u00e1n\u00ed o panu Bed\u0159ichu O\u010den\u00e1\u0161kovi, hostinsk\u00e9m a \u0159ezn\u00edku v Ruz\u00fdni, jeho rodin\u011b a dal\u0161\u00edch drobn\u00fdch souvislostech.<br><br>21. 7. 2023<\/p>\n\n\n\n<p>Ing. Zdenka Kov\u00e1\u0159ov\u00e1, Ruzyn\u011b<br>&nbsp;<\/p>\n","protected":false},"excerpt":{"rendered":"<p>V Liboci a Ruzyni bylo mnoho drobn\u00fdch i v\u011bt\u0161\u00edch obchod\u016f a provozoven se slu\u017ebami v\u0161eho druhu. Holi\u010di, truhl\u00e1\u0159i, kol\u00e1\u0159i, sklen\u00e1\u0159i, zedn\u00edci\u2026a mnoho dal\u0161\u00edch profes\u00ed, kter\u00e9 p\u0159in\u00e1\u0161eli libock\u00fdm ob\u017eivu. T\u011bm je v\u011bnov\u00e1na rubrika &#8222;Slu\u017eby a obchody&#8220;. Zvl\u00e1\u0161tn\u00ed rubriky jsou v\u011bnov\u00e1ny zem\u011bd\u011blc\u016fm, kov\u00e1\u0159\u016fm a \u0159et\u011bzokov\u00e1\u0159\u016fm, ml\u00edka\u0159\u016fm, zedn\u00edk\u016fm a \u0159ezn\u00edk\u016fm. Samostatnou rubrikou jsou t\u00e9\u017e libock\u00e9 a ruzy\u0148sk\u00e9 hospody a podobn\u00e1 za\u0159\u00edzen\u00ed.<\/p>\n","protected":false},"author":1,"featured_media":2571,"comment_status":"open","ping_status":"open","sticky":false,"template":"","format":"standard","meta":{"_exactmetrics_skip_tracking":false,"_exactmetrics_sitenote_active":false,"_exactmetrics_sitenote_note":"","_exactmetrics_sitenote_category":0,"footnotes":""},"categories":[3],"tags":[],"post_folder":[],"class_list":["post-4610","post","type-post","status-publish","format-standard","has-post-thumbnail","hentry","category-redakce"],"_links":{"self":[{"href":"https:\/\/www.periferieprahy.cz\/blog\/wp-json\/wp\/v2\/posts\/4610","targetHints":{"allow":["GET"]}}],"collection":[{"href":"https:\/\/www.periferieprahy.cz\/blog\/wp-json\/wp\/v2\/posts"}],"about":[{"href":"https:\/\/www.periferieprahy.cz\/blog\/wp-json\/wp\/v2\/types\/post"}],"author":[{"embeddable":true,"href":"https:\/\/www.periferieprahy.cz\/blog\/wp-json\/wp\/v2\/users\/1"}],"replies":[{"embeddable":true,"href":"https:\/\/www.periferieprahy.cz\/blog\/wp-json\/wp\/v2\/comments?post=4610"}],"version-history":[{"count":7,"href":"https:\/\/www.periferieprahy.cz\/blog\/wp-json\/wp\/v2\/posts\/4610\/revisions"}],"predecessor-version":[{"id":4916,"href":"https:\/\/www.periferieprahy.cz\/blog\/wp-json\/wp\/v2\/posts\/4610\/revisions\/4916"}],"wp:featuredmedia":[{"embeddable":true,"href":"https:\/\/www.periferieprahy.cz\/blog\/wp-json\/wp\/v2\/media\/2571"}],"wp:attachment":[{"href":"https:\/\/www.periferieprahy.cz\/blog\/wp-json\/wp\/v2\/media?parent=4610"}],"wp:term":[{"taxonomy":"category","embeddable":true,"href":"https:\/\/www.periferieprahy.cz\/blog\/wp-json\/wp\/v2\/categories?post=4610"},{"taxonomy":"post_tag","embeddable":true,"href":"https:\/\/www.periferieprahy.cz\/blog\/wp-json\/wp\/v2\/tags?post=4610"},{"taxonomy":"post_folder","embeddable":true,"href":"https:\/\/www.periferieprahy.cz\/blog\/wp-json\/wp\/v2\/post_folder?post=4610"}],"curies":[{"name":"wp","href":"https:\/\/api.w.org\/{rel}","templated":true}]}}