{"id":4732,"date":"2025-06-30T20:21:40","date_gmt":"2025-06-30T18:21:40","guid":{"rendered":"https:\/\/www.periferieprahy.cz\/blog\/?p=4732"},"modified":"2025-07-06T20:52:20","modified_gmt":"2025-07-06T18:52:20","slug":"hasici","status":"publish","type":"post","link":"https:\/\/www.periferieprahy.cz\/blog\/2025\/06\/30\/hasici\/","title":{"rendered":"Hasi\u010di"},"content":{"rendered":"\n<h2>\n\t\t\t<img loading=\"lazy\" decoding=\"async\" border=\"0\" src=\"https:\/\/www.periferieprahy.cz\/blog\/wp-content\/uploads\/2024\/12\/pismo7_4.gif\" width=\"107\" height=\"132\" align=\"left\">obrovoln\u00ed \n\t\t\thasi\u010di<a name=\"hasici\"><\/a><\/h2>\n\t\t\t<p><font color=\"\"><i>V dob\u011b, kdy je\u0161t\u011b bylo poskrovnu v \n\t\t\tokrese Sm\u00edchovsk\u00e9m hasi\u010dsk\u00fdch sbor\u016f, tu pojalo n\u011bkolik ob\u010dan\u016f \n\t\t\tm\u00edstn\u00edch my\u0161lenku, zalo\u017eiti v obci hasi\u010dsk\u00fd sbor, kter\u00fd by chr\u00e1nil \n\t\t\tnejen majetek ale i \u017eivoty sv\u00fdch spoluob\u010dan\u016f. Tento \u0161lechetn\u00fd \u00famysl \n\t\t\tproveden byl na den sv. Mikul\u00e1\u0161e r. 1873 v byt\u011b p. V\u00e1cl. \u0160est\u00e1ka \n\t\t\tobecn\u00edho starosty a roln\u00edka, za p\u0159\u00edtomnosti ob\u010dan\u016f Ant. Lebedy, \n\t\t\tV\u00e1clava Kn\u00ed\u017eete, Ferdy Umlaufa, Josefa Ku\u010dery ml\u00e9ka\u0159e a Ant. Herycha \n\t\t\ttruhl\u00e1\u0159e, \u010d\u00edm\u017e polo\u017een tak\u00e9 z\u00e1klad ku sboru zdej\u0161\u00edmu, jeho\u017e prvn\u00edm \n\t\t\tp\u0159edsedou zvolen V\u00e1cl. \u0160est\u00e1k a velitelem V\u00e1cl. Kn\u00ed\u017ee (spr\u00e1vn\u011b m\u00e1 \n\t\t\tst\u00e1ti Ant. Lebeda viz &quot;Pam\u011btn\u00ed kniha sboru hasi\u010dsk\u00e9ho v Liboci&quot;).<\/i>\n\t\t\t<i>V tom \u010dase \u010d\u00edtal sbor 12 \u010dlen\u016f \u010dinn\u00fdch a t\u0159i p\u0159isp\u00edvaj\u00edc\u00ed.<\/i><\/font><\/p>\n\n\n\n<p>Podle z\u00e1pisu ve <a href=\"https:\/\/katalog.ahmp.cz\/pragapublica\/permalink?xid=ECB6D9542D3411E0823D00166F1163D4\">Spolkov\u00e9m katastru<\/a> byla \u010dinnost spolku zastavena v roce 1943. Po v\u00e1lce byl spolek obnoven, ale po roce 1946 byl vymaz\u00e1n a v\u010dlen\u011bn do dobrovoln\u00e9 organizace \u010cs. svazu po\u017e\u00e1rn\u00ed ochrany.<\/p>\n\n\n<div class=\"su-image-carousel  su-image-carousel-columns-2 su-image-carousel-has-spacing su-image-carousel-crop su-image-carousel-crop-1-1 su-image-carousel-has-lightbox su-image-carousel-has-outline su-image-carousel-adaptive su-image-carousel-slides-style-default su-image-carousel-controls-style-dark su-image-carousel-align-center\" style=\"max-width:500px\" data-flickity-options='{\"groupCells\":true,\"cellSelector\":\".su-image-carousel-item\",\"adaptiveHeight\":false,\"cellAlign\":\"left\",\"prevNextButtons\":true,\"pageDots\":true,\"autoPlay\":2000,\"imagesLoaded\":true,\"contain\":true,\"selectedAttraction\":0.1499999999999999944488848768742172978818416595458984375,\"friction\":1}' id=\"su_image_carousel_69f5f98311b23\"><div class=\"su-image-carousel-item\"><div class=\"su-image-carousel-item-content\"><a href=\"https:\/\/www.periferieprahy.cz\/blog\/wp-content\/uploads\/2025\/06\/hasici.jpg\" data-caption=\"Z\u00e1pis v katastru spolk\u016f\"><img loading=\"lazy\" decoding=\"async\" width=\"991\" height=\"532\" src=\"https:\/\/www.periferieprahy.cz\/blog\/wp-content\/uploads\/2025\/06\/hasici.jpg\" class=\"\" alt=\"\" srcset=\"https:\/\/www.periferieprahy.cz\/blog\/wp-content\/uploads\/2025\/06\/hasici.jpg 991w, https:\/\/www.periferieprahy.cz\/blog\/wp-content\/uploads\/2025\/06\/hasici-300x161.jpg 300w, https:\/\/www.periferieprahy.cz\/blog\/wp-content\/uploads\/2025\/06\/hasici-150x81.jpg 150w, https:\/\/www.periferieprahy.cz\/blog\/wp-content\/uploads\/2025\/06\/hasici-768x412.jpg 768w\" sizes=\"auto, (max-width: 991px) 100vw, 991px\" \/><span>Z\u00e1pis v katastru spolk\u016f<\/span><\/a><\/div><\/div><div class=\"su-image-carousel-item\"><div class=\"su-image-carousel-item-content\"><a href=\"https:\/\/www.periferieprahy.cz\/blog\/wp-content\/uploads\/2025\/06\/hasici2.jpg\" data-caption=\"Z\u00e1pis v katastru spolk\u016f\"><img loading=\"lazy\" decoding=\"async\" width=\"1101\" height=\"708\" src=\"https:\/\/www.periferieprahy.cz\/blog\/wp-content\/uploads\/2025\/06\/hasici2.jpg\" class=\"\" alt=\"\" srcset=\"https:\/\/www.periferieprahy.cz\/blog\/wp-content\/uploads\/2025\/06\/hasici2.jpg 1101w, https:\/\/www.periferieprahy.cz\/blog\/wp-content\/uploads\/2025\/06\/hasici2-300x193.jpg 300w, https:\/\/www.periferieprahy.cz\/blog\/wp-content\/uploads\/2025\/06\/hasici2-1024x658.jpg 1024w, https:\/\/www.periferieprahy.cz\/blog\/wp-content\/uploads\/2025\/06\/hasici2-150x96.jpg 150w, https:\/\/www.periferieprahy.cz\/blog\/wp-content\/uploads\/2025\/06\/hasici2-768x494.jpg 768w\" sizes=\"auto, (max-width: 1101px) 100vw, 1101px\" \/><span>Z\u00e1pis v katastru spolk\u016f<\/span><\/a><\/div><\/div><\/div><script id=\"su_image_carousel_69f5f98311b23_script\">if(window.SUImageCarousel){setTimeout(function() {window.SUImageCarousel.initGallery(document.getElementById(\"su_image_carousel_69f5f98311b23\"))}, 0);}var su_image_carousel_69f5f98311b23_script=document.getElementById(\"su_image_carousel_69f5f98311b23_script\");if(su_image_carousel_69f5f98311b23_script){su_image_carousel_69f5f98311b23_script.parentNode.removeChild(su_image_carousel_69f5f98311b23_script);}<\/script>\n\n\n\n<p><em>Prvn\u00ed \u010dinnost po\u017e\u00e1rn\u00ed zah\u00e1jili dne 26. srpna 1874 p\u0159i po\u017e\u00e1ru obiln\u00edho stohu p. V\u00e1clavu Nov\u00e1kovi z <a href=\"file:\/\/\/C:\/Users\/jarda\/Documents\/weby\/periferieprahy\/1_cp14.htm\">\u010d.p. 14<\/a> n\u00e1le\u017eej\u00edc\u00ed. t\u00e9\u017e velkou svou udatnost osv\u011bd\u010dili p\u0159i velk\u00e9m po\u017e\u00e1ru, jen\u017e ve zdej\u0161\u00ed obci r. 1887 byl zu\u0159il. Ohe\u0148 z nezn\u00e1m\u00fdch p\u0159\u00ed\u010din vznikl ve statku pana Mat\u011bje Kubra (<a href=\"file:\/\/\/C:\/Users\/jarda\/Documents\/weby\/periferieprahy\/1_cp13.htm\">\u010d.p. 13<\/a>) a z\u00e1hy roz\u0161\u00ed\u0159il se na n\u00e1sleduj\u00edc\u00ed hospod\u00e1\u0159sk\u00e1 staven\u00ed. V <a href=\"file:\/\/\/C:\/Users\/jarda\/Documents\/weby\/periferieprahy\/1_cp12.htm\">\u010d.p. 12<\/a> zni\u010dil stodolu a st\u00e1je. V <a href=\"file:\/\/\/C:\/Users\/jarda\/Documents\/weby\/periferieprahy\/1_cp17.htm\">\u010d.p. 17<\/a> stodolu, st\u00e1je a obytn\u00e9 staven\u00ed. V m\u00edst\u011b vzniku po\u017e\u00e1ru &#8211; v \u010d.p. 13 &#8211; zni\u010dena stodola a obytn\u00e9 staven\u00ed. V <a href=\"file:\/\/\/C:\/Users\/jarda\/Documents\/weby\/periferieprahy\/1_cp18.htm\">\u010d.p. 18<\/a> stodola a kus st\u00e1je. Z\u00e1chrann\u00fdch prac\u00ed mimo ob\u011btavost na\u0161eho sboru a m\u00edstn\u00edch ob\u010dan\u016f, z\u00fa\u010dastnily se&nbsp; sbory okoln\u00ed.<\/em><\/p>\n\n\n\n<p><em>Hasi\u010dsk\u00e1 leza\u010dka na t\u00e9to silnici [Pelik\u00e1nova] um\u00edst\u011bn\u00e1, posavena n\u00e1kladem Hor. a Dol. Liboce 100 zl. pro hasi\u010dsk\u00fd m\u00edstn\u00ed sbor. Ve spodku jej\u00edm z\u0159\u00edzena komora ku zav\u00edr\u00e1n\u00ed tul\u00e1k\u016f, a\u010d dot\u010den\u00e9mu \u00fakolu v \u017e\u00e1dn\u00e9m p\u0159\u00edpad\u011b nevyhovuje, jeliko\u017e tito do n\u00ed v zim\u011b zav\u00edr\u00e1ni b\u00fdti nemohou by nezmrzli a v l\u00e9t\u011b by odtud nezmizeli. <\/em>[Kronika libock\u00e1 s.42b, 48a] Leza\u010dka u\u017e d\u00e1vno neexistuje, stejn\u011b jako p\u0159estal existovat i libock\u00fd sbor dobrovoln\u00fdch hasi\u010d\u016f. Jako vzpom\u00ednku si m\u016f\u017eete prohl\u00e9dnout dobov\u00e9 fotografie a sezn\u00e1mit se se <a href=\"https:\/\/www.periferieprahy.cz\/blog\/wp-content\/uploads\/2025\/01\/stanovy_hasici.pdf\">Stanovami sboru z roku 1926<\/a>.<\/p>\n\n\n<div class=\"su-image-carousel  su-image-carousel-columns-4 su-image-carousel-has-spacing su-image-carousel-crop su-image-carousel-crop-1-1 su-image-carousel-has-lightbox su-image-carousel-has-outline su-image-carousel-adaptive su-image-carousel-slides-style-default su-image-carousel-controls-style-dark su-image-carousel-align-center\" style=\"max-width:800px\" data-flickity-options='{\"groupCells\":true,\"cellSelector\":\".su-image-carousel-item\",\"adaptiveHeight\":false,\"cellAlign\":\"left\",\"prevNextButtons\":true,\"pageDots\":true,\"autoPlay\":5000,\"imagesLoaded\":true,\"contain\":true,\"selectedAttraction\":0.1499999999999999944488848768742172978818416595458984375,\"friction\":1}' id=\"su_image_carousel_69f5f983141f9\"><div class=\"su-image-carousel-item\"><div class=\"su-image-carousel-item-content\"><a href=\"https:\/\/www.periferieprahy.cz\/blog\/wp-content\/uploads\/2024\/12\/hasici_18_9_1893_uprav-scaled.jpg\" data-caption=\"Pan ing. \u010canda mi dne 15. 11. 2025 napsal: u n\u00e1s ve Sboru dobrovoln\u00fdch hasi\u010d\u016f Milevsko jsem objevil fotografii z 18.9.1893, kter\u00e1 zachycuje Sbor dobrovoln\u00fdch hasi\u010d\u016f v Liboci a \u010dleny \u017eupy Pob\u011blohorsk\u00e9.\"><img loading=\"lazy\" decoding=\"async\" width=\"2560\" height=\"1578\" src=\"https:\/\/www.periferieprahy.cz\/blog\/wp-content\/uploads\/2024\/12\/hasici_18_9_1893_uprav-scaled.jpg\" class=\"\" alt=\"\" srcset=\"https:\/\/www.periferieprahy.cz\/blog\/wp-content\/uploads\/2024\/12\/hasici_18_9_1893_uprav-scaled.jpg 2560w, https:\/\/www.periferieprahy.cz\/blog\/wp-content\/uploads\/2024\/12\/hasici_18_9_1893_uprav-300x185.jpg 300w, https:\/\/www.periferieprahy.cz\/blog\/wp-content\/uploads\/2024\/12\/hasici_18_9_1893_uprav-1024x631.jpg 1024w, https:\/\/www.periferieprahy.cz\/blog\/wp-content\/uploads\/2024\/12\/hasici_18_9_1893_uprav-768x474.jpg 768w, https:\/\/www.periferieprahy.cz\/blog\/wp-content\/uploads\/2024\/12\/hasici_18_9_1893_uprav-1536x947.jpg 1536w, https:\/\/www.periferieprahy.cz\/blog\/wp-content\/uploads\/2024\/12\/hasici_18_9_1893_uprav-2048x1263.jpg 2048w\" sizes=\"auto, (max-width: 2560px) 100vw, 2560px\" \/><span>Pan ing. \u010canda mi dne 15. 11. 2025 napsal: u n\u00e1s ve Sboru dobrovoln\u00fdch hasi\u010d\u016f Milevsko jsem objevil fotografii z 18.9.1893, kter\u00e1 zachycuje Sbor dobrovoln\u00fdch hasi\u010d\u016f v Liboci a \u010dleny \u017eupy Pob\u011blohorsk\u00e9.<\/span><\/a><\/div><\/div><div class=\"su-image-carousel-item\"><div class=\"su-image-carousel-item-content\"><a href=\"https:\/\/www.periferieprahy.cz\/blog\/wp-content\/uploads\/2024\/12\/hasici_18_9_1893-scaled-e1751306650237.jpg\" data-caption=\"Pan ing. \u010canda mi dne 15. 11. 2025 napsal: u n\u00e1s ve Sboru dobrovoln\u00fdch hasi\u010d\u016f Milevsko jsem objevil fotografii z 18.9.1893, kter\u00e1 zachycuje Sbor dobrovoln\u00fdch hasi\u010d\u016f v Liboci a \u010dleny \u017eupy Pob\u011blohorsk\u00e9.\"><img loading=\"lazy\" decoding=\"async\" width=\"2560\" height=\"1920\" src=\"https:\/\/www.periferieprahy.cz\/blog\/wp-content\/uploads\/2024\/12\/hasici_18_9_1893-scaled-e1751306650237.jpg\" class=\"\" alt=\"\" srcset=\"https:\/\/www.periferieprahy.cz\/blog\/wp-content\/uploads\/2024\/12\/hasici_18_9_1893-scaled-e1751306650237.jpg 2560w, https:\/\/www.periferieprahy.cz\/blog\/wp-content\/uploads\/2024\/12\/hasici_18_9_1893-scaled-e1751306650237-300x225.jpg 300w, https:\/\/www.periferieprahy.cz\/blog\/wp-content\/uploads\/2024\/12\/hasici_18_9_1893-scaled-e1751306650237-1024x768.jpg 1024w, https:\/\/www.periferieprahy.cz\/blog\/wp-content\/uploads\/2024\/12\/hasici_18_9_1893-scaled-e1751306650237-150x113.jpg 150w, https:\/\/www.periferieprahy.cz\/blog\/wp-content\/uploads\/2024\/12\/hasici_18_9_1893-scaled-e1751306650237-768x576.jpg 768w, https:\/\/www.periferieprahy.cz\/blog\/wp-content\/uploads\/2024\/12\/hasici_18_9_1893-scaled-e1751306650237-1536x1152.jpg 1536w, https:\/\/www.periferieprahy.cz\/blog\/wp-content\/uploads\/2024\/12\/hasici_18_9_1893-scaled-e1751306650237-2048x1536.jpg 2048w\" sizes=\"auto, (max-width: 2560px) 100vw, 2560px\" \/><span>Pan ing. \u010canda mi dne 15. 11. 2025 napsal: u n\u00e1s ve Sboru dobrovoln\u00fdch hasi\u010d\u016f Milevsko jsem objevil fotografii z 18.9.1893, kter\u00e1 zachycuje Sbor dobrovoln\u00fdch hasi\u010d\u016f v Liboci a \u010dleny \u017eupy Pob\u011blohorsk\u00e9.<\/span><\/a><\/div><\/div><div class=\"su-image-carousel-item\"><div class=\"su-image-carousel-item-content\"><a href=\"https:\/\/www.periferieprahy.cz\/blog\/wp-content\/uploads\/2025\/06\/zaj_hasici3.jpg\" data-caption=\"Hasi\u010di p\u0159ed leza\u010dkou v Pelik\u00e1nov\u011b ulici. Je mo\u017en\u00e9, \u017ee to bylo p\u0159i dostav\u011bn\u00ed leza\u010dky v roce 1904 nebo 1905.\"><img loading=\"lazy\" decoding=\"async\" width=\"954\" height=\"604\" src=\"https:\/\/www.periferieprahy.cz\/blog\/wp-content\/uploads\/2025\/06\/zaj_hasici3.jpg\" class=\"\" alt=\"\" srcset=\"https:\/\/www.periferieprahy.cz\/blog\/wp-content\/uploads\/2025\/06\/zaj_hasici3.jpg 954w, https:\/\/www.periferieprahy.cz\/blog\/wp-content\/uploads\/2025\/06\/zaj_hasici3-300x190.jpg 300w, https:\/\/www.periferieprahy.cz\/blog\/wp-content\/uploads\/2025\/06\/zaj_hasici3-150x95.jpg 150w, https:\/\/www.periferieprahy.cz\/blog\/wp-content\/uploads\/2025\/06\/zaj_hasici3-768x486.jpg 768w\" sizes=\"auto, (max-width: 954px) 100vw, 954px\" \/><span>Hasi\u010di p\u0159ed leza\u010dkou v Pelik\u00e1nov\u011b ulici. Je mo\u017en\u00e9, \u017ee to bylo p\u0159i dostav\u011bn\u00ed leza\u010dky v roce 1904 nebo 1905.<\/span><\/a><\/div><\/div><div class=\"su-image-carousel-item\"><div class=\"su-image-carousel-item-content\"><a href=\"https:\/\/www.periferieprahy.cz\/blog\/wp-content\/uploads\/2025\/06\/zaj_hasici2.jpg\" data-caption=\"Libock\u00e9 d\u00e1my na hasi\u010dsk\u00e9m voze p\u0159ed hasi\u010dskou leza\u010dkou v Pelik\u00e1nov\u011b ulici. Pravd\u011bpodobn\u011b kolem roku 1905.\"><img loading=\"lazy\" decoding=\"async\" width=\"900\" height=\"565\" src=\"https:\/\/www.periferieprahy.cz\/blog\/wp-content\/uploads\/2025\/06\/zaj_hasici2.jpg\" class=\"\" alt=\"\" srcset=\"https:\/\/www.periferieprahy.cz\/blog\/wp-content\/uploads\/2025\/06\/zaj_hasici2.jpg 900w, https:\/\/www.periferieprahy.cz\/blog\/wp-content\/uploads\/2025\/06\/zaj_hasici2-300x188.jpg 300w, https:\/\/www.periferieprahy.cz\/blog\/wp-content\/uploads\/2025\/06\/zaj_hasici2-150x94.jpg 150w, https:\/\/www.periferieprahy.cz\/blog\/wp-content\/uploads\/2025\/06\/zaj_hasici2-768x482.jpg 768w\" sizes=\"auto, (max-width: 900px) 100vw, 900px\" \/><span>Libock\u00e9 d\u00e1my na hasi\u010dsk\u00e9m voze p\u0159ed hasi\u010dskou leza\u010dkou v Pelik\u00e1nov\u011b ulici. Pravd\u011bpodobn\u011b kolem roku 1905.<\/span><\/a><\/div><\/div><div class=\"su-image-carousel-item\"><div class=\"su-image-carousel-item-content\"><a href=\"https:\/\/www.periferieprahy.cz\/blog\/wp-content\/uploads\/2025\/06\/zaj_hasici7.jpg\" data-caption=\"Tady, v Pelik\u00e1nov\u011b ulici hasi\u010dsk\u00e1 leza\u010dka st\u00e1vala.\"><img loading=\"lazy\" decoding=\"async\" width=\"1027\" height=\"422\" src=\"https:\/\/www.periferieprahy.cz\/blog\/wp-content\/uploads\/2025\/06\/zaj_hasici7.jpg\" class=\"\" alt=\"\" srcset=\"https:\/\/www.periferieprahy.cz\/blog\/wp-content\/uploads\/2025\/06\/zaj_hasici7.jpg 1027w, https:\/\/www.periferieprahy.cz\/blog\/wp-content\/uploads\/2025\/06\/zaj_hasici7-300x123.jpg 300w, https:\/\/www.periferieprahy.cz\/blog\/wp-content\/uploads\/2025\/06\/zaj_hasici7-1024x421.jpg 1024w, https:\/\/www.periferieprahy.cz\/blog\/wp-content\/uploads\/2025\/06\/zaj_hasici7-150x62.jpg 150w, https:\/\/www.periferieprahy.cz\/blog\/wp-content\/uploads\/2025\/06\/zaj_hasici7-768x316.jpg 768w\" sizes=\"auto, (max-width: 1027px) 100vw, 1027px\" \/><span>Tady, v Pelik\u00e1nov\u011b ulici hasi\u010dsk\u00e1 leza\u010dka st\u00e1vala.<\/span><\/a><\/div><\/div><div class=\"su-image-carousel-item\"><div class=\"su-image-carousel-item-content\"><a href=\"https:\/\/www.periferieprahy.cz\/blog\/wp-content\/uploads\/2025\/03\/6.jpg\" data-caption=\"Za t\u011bmi dve\u0159mi byla v suter\u00e9nu \u0161koly um\u00edst\u011bna hasi\u010dsk\u00e1 zbrojnice.\"><img loading=\"lazy\" decoding=\"async\" width=\"903\" height=\"609\" src=\"https:\/\/www.periferieprahy.cz\/blog\/wp-content\/uploads\/2025\/03\/6.jpg\" class=\"\" alt=\"\" srcset=\"https:\/\/www.periferieprahy.cz\/blog\/wp-content\/uploads\/2025\/03\/6.jpg 903w, https:\/\/www.periferieprahy.cz\/blog\/wp-content\/uploads\/2025\/03\/6-300x202.jpg 300w, https:\/\/www.periferieprahy.cz\/blog\/wp-content\/uploads\/2025\/03\/6-768x518.jpg 768w\" sizes=\"auto, (max-width: 903px) 100vw, 903px\" \/><span>Za t\u011bmi dve\u0159mi byla v suter\u00e9nu \u0161koly um\u00edst\u011bna hasi\u010dsk\u00e1 zbrojnice.<\/span><\/a><\/div><\/div><div class=\"su-image-carousel-item\"><div class=\"su-image-carousel-item-content\"><a href=\"https:\/\/www.periferieprahy.cz\/blog\/wp-content\/uploads\/2025\/06\/zaj_hasici1.jpg\" data-caption=\"Libock\u00fd hasi\u010dsk\u00fd sbor v roce 1933 \nP\u0159evzato z https:\/\/rodina.cz\/Hron\/album\/6420853909_1_.jpg\"><img loading=\"lazy\" decoding=\"async\" width=\"801\" height=\"603\" src=\"https:\/\/www.periferieprahy.cz\/blog\/wp-content\/uploads\/2025\/06\/zaj_hasici1.jpg\" class=\"\" alt=\"\" srcset=\"https:\/\/www.periferieprahy.cz\/blog\/wp-content\/uploads\/2025\/06\/zaj_hasici1.jpg 801w, https:\/\/www.periferieprahy.cz\/blog\/wp-content\/uploads\/2025\/06\/zaj_hasici1-300x226.jpg 300w, https:\/\/www.periferieprahy.cz\/blog\/wp-content\/uploads\/2025\/06\/zaj_hasici1-150x113.jpg 150w, https:\/\/www.periferieprahy.cz\/blog\/wp-content\/uploads\/2025\/06\/zaj_hasici1-768x578.jpg 768w\" sizes=\"auto, (max-width: 801px) 100vw, 801px\" \/><span>Libock\u00fd hasi\u010dsk\u00fd sbor v roce 1933 \nP\u0159evzato z https:\/\/rodina.cz\/Hron\/album\/6420853909_1_.jpg<\/span><\/a><\/div><\/div><div class=\"su-image-carousel-item\"><div class=\"su-image-carousel-item-content\"><a href=\"https:\/\/www.periferieprahy.cz\/blog\/wp-content\/uploads\/2025\/06\/zaj_hasici4.jpg\" data-caption=\"Hasi\u010dsk\u00e9 stanovy si m\u016f\u017eete p\u0159e\u010d\u00edst v sekci &quot;Ke \u010dten\u00ed&quot;\"><img loading=\"lazy\" decoding=\"async\" width=\"552\" height=\"664\" src=\"https:\/\/www.periferieprahy.cz\/blog\/wp-content\/uploads\/2025\/06\/zaj_hasici4.jpg\" class=\"\" alt=\"\" srcset=\"https:\/\/www.periferieprahy.cz\/blog\/wp-content\/uploads\/2025\/06\/zaj_hasici4.jpg 552w, https:\/\/www.periferieprahy.cz\/blog\/wp-content\/uploads\/2025\/06\/zaj_hasici4-249x300.jpg 249w, https:\/\/www.periferieprahy.cz\/blog\/wp-content\/uploads\/2025\/06\/zaj_hasici4-125x150.jpg 125w\" sizes=\"auto, (max-width: 552px) 100vw, 552px\" \/><span>Hasi\u010dsk\u00e9 stanovy si m\u016f\u017eete p\u0159e\u010d\u00edst v sekci \"Ke \u010dten\u00ed\"<\/span><\/a><\/div><\/div><div class=\"su-image-carousel-item\"><div class=\"su-image-carousel-item-content\"><a href=\"https:\/\/www.periferieprahy.cz\/blog\/wp-content\/uploads\/2025\/06\/zaj_hasici5.jpg\" data-caption=\"\u010clensk\u00fd pr\u016fkaz p. Anton\u00edna Mare\u0161e\"><img loading=\"lazy\" decoding=\"async\" width=\"406\" height=\"617\" src=\"https:\/\/www.periferieprahy.cz\/blog\/wp-content\/uploads\/2025\/06\/zaj_hasici5.jpg\" class=\"\" alt=\"\" srcset=\"https:\/\/www.periferieprahy.cz\/blog\/wp-content\/uploads\/2025\/06\/zaj_hasici5.jpg 406w, https:\/\/www.periferieprahy.cz\/blog\/wp-content\/uploads\/2025\/06\/zaj_hasici5-197x300.jpg 197w, https:\/\/www.periferieprahy.cz\/blog\/wp-content\/uploads\/2025\/06\/zaj_hasici5-99x150.jpg 99w\" sizes=\"auto, (max-width: 406px) 100vw, 406px\" \/><span>\u010clensk\u00fd pr\u016fkaz p. Anton\u00edna Mare\u0161e<\/span><\/a><\/div><\/div><div class=\"su-image-carousel-item\"><div class=\"su-image-carousel-item-content\"><a href=\"https:\/\/www.periferieprahy.cz\/blog\/wp-content\/uploads\/2025\/06\/zaj_hasici6.jpg\" data-caption=\"\u010clensk\u00fd pr\u016fkaz p. Anton\u00edna Mare\u0161e\"><img loading=\"lazy\" decoding=\"async\" width=\"716\" height=\"469\" src=\"https:\/\/www.periferieprahy.cz\/blog\/wp-content\/uploads\/2025\/06\/zaj_hasici6.jpg\" class=\"\" alt=\"\" srcset=\"https:\/\/www.periferieprahy.cz\/blog\/wp-content\/uploads\/2025\/06\/zaj_hasici6.jpg 716w, https:\/\/www.periferieprahy.cz\/blog\/wp-content\/uploads\/2025\/06\/zaj_hasici6-300x197.jpg 300w, https:\/\/www.periferieprahy.cz\/blog\/wp-content\/uploads\/2025\/06\/zaj_hasici6-150x98.jpg 150w\" sizes=\"auto, (max-width: 716px) 100vw, 716px\" \/><span>\u010clensk\u00fd pr\u016fkaz p. Anton\u00edna Mare\u0161e<\/span><\/a><\/div><\/div><\/div><script id=\"su_image_carousel_69f5f983141f9_script\">if(window.SUImageCarousel){setTimeout(function() {window.SUImageCarousel.initGallery(document.getElementById(\"su_image_carousel_69f5f983141f9\"))}, 0);}var su_image_carousel_69f5f983141f9_script=document.getElementById(\"su_image_carousel_69f5f983141f9_script\");if(su_image_carousel_69f5f983141f9_script){su_image_carousel_69f5f983141f9_script.parentNode.removeChild(su_image_carousel_69f5f983141f9_script);}<\/script>\n","protected":false},"excerpt":{"rendered":"<p>V dob\u011b, kdy je\u0161t\u011b bylo poskrovnu v okrese Sm\u00edchovsk\u00e9m hasi\u010dsk\u00fdch sbor\u016f, tu pojalo n\u011bkolik ob\u010dan\u016f m\u00edstn\u00edch my\u0161lenku, zalo\u017eiti v obci hasi\u010dsk\u00fd sbor, kter\u00fd by chr\u00e1nil nejen majetek ale i \u017eivoty sv\u00fdch spoluob\u010dan\u016f&#8230; <\/p>\n","protected":false},"author":1,"featured_media":48,"comment_status":"open","ping_status":"open","sticky":false,"template":"","format":"standard","meta":{"_exactmetrics_skip_tracking":false,"_exactmetrics_sitenote_active":false,"_exactmetrics_sitenote_note":"","_exactmetrics_sitenote_category":0,"footnotes":""},"categories":[31,3],"tags":[],"post_folder":[],"class_list":["post-4732","post","type-post","status-publish","format-standard","has-post-thumbnail","hentry","category-spolky","category-redakce"],"_links":{"self":[{"href":"https:\/\/www.periferieprahy.cz\/blog\/wp-json\/wp\/v2\/posts\/4732","targetHints":{"allow":["GET"]}}],"collection":[{"href":"https:\/\/www.periferieprahy.cz\/blog\/wp-json\/wp\/v2\/posts"}],"about":[{"href":"https:\/\/www.periferieprahy.cz\/blog\/wp-json\/wp\/v2\/types\/post"}],"author":[{"embeddable":true,"href":"https:\/\/www.periferieprahy.cz\/blog\/wp-json\/wp\/v2\/users\/1"}],"replies":[{"embeddable":true,"href":"https:\/\/www.periferieprahy.cz\/blog\/wp-json\/wp\/v2\/comments?post=4732"}],"version-history":[{"count":5,"href":"https:\/\/www.periferieprahy.cz\/blog\/wp-json\/wp\/v2\/posts\/4732\/revisions"}],"predecessor-version":[{"id":4859,"href":"https:\/\/www.periferieprahy.cz\/blog\/wp-json\/wp\/v2\/posts\/4732\/revisions\/4859"}],"wp:featuredmedia":[{"embeddable":true,"href":"https:\/\/www.periferieprahy.cz\/blog\/wp-json\/wp\/v2\/media\/48"}],"wp:attachment":[{"href":"https:\/\/www.periferieprahy.cz\/blog\/wp-json\/wp\/v2\/media?parent=4732"}],"wp:term":[{"taxonomy":"category","embeddable":true,"href":"https:\/\/www.periferieprahy.cz\/blog\/wp-json\/wp\/v2\/categories?post=4732"},{"taxonomy":"post_tag","embeddable":true,"href":"https:\/\/www.periferieprahy.cz\/blog\/wp-json\/wp\/v2\/tags?post=4732"},{"taxonomy":"post_folder","embeddable":true,"href":"https:\/\/www.periferieprahy.cz\/blog\/wp-json\/wp\/v2\/post_folder?post=4732"}],"curies":[{"name":"wp","href":"https:\/\/api.w.org\/{rel}","templated":true}]}}