{"id":4846,"date":"2025-07-04T23:31:03","date_gmt":"2025-07-04T21:31:03","guid":{"rendered":"https:\/\/www.periferieprahy.cz\/blog\/?p=4846"},"modified":"2025-07-08T22:15:02","modified_gmt":"2025-07-08T20:15:02","slug":"kralikari-a-zahradkari","status":"publish","type":"post","link":"https:\/\/www.periferieprahy.cz\/blog\/2025\/07\/04\/kralikari-a-zahradkari\/","title":{"rendered":"Kr\u00e1l\u00edk\u00e1\u0159i a zahr\u00e1dk\u00e1\u0159i"},"content":{"rendered":"\n<h2>\n\t\t\t<img loading=\"lazy\" decoding=\"async\" border=\"0\" src=\"https:\/\/www.periferieprahy.cz\/blog\/wp-content\/uploads\/2024\/12\/pismo7_10.gif\" width=\"92\" height=\"124\" align=\"left\">r\u00e1l\u00edk\u00e1\u0159i \n\t\t\ta zahr\u00e1dk\u00e1\u0159i<a name=\"kralikari\"><\/a><\/h2>\n\t\t\t<p>Spolek kr\u00e1l\u00edk\u00e1\u0159\u016f se naz\u00fdval cel\u00fdm jm\u00e9nem &#8222;Spolek chovatel\u016f kr\u00e1lik\u016f a drobn\u00e9ho zv\u00ed\u0159ectva pro Liboc a okol\u00ed&#8220; vznikl v roce 1925. Pozd\u011bji, v roce 1931, zm\u011bnil n\u00e1zev na &#8222;Spolek chovatel\u016f kr\u00e1lik\u016f a drobn\u00e9ho zv\u00ed\u0159ectva v Praze &#8211; Liboci&#8220;\u00a0a v roce 1959 byl p\u0159em\u011bn\u011bn na &#8222;Pobo\u010dku \u010csl. svazu chovatel\u016f drobn\u00e9ho hosp. zv\u00ed\u0159ectva&#8220;. Pamatuji, \n\t\t\t\u017ee kolem roku 1965 se v\u00fdstavy n\u011bkolik let po\u0159\u00e1daly v Hole\u010dkov\u011b \n\t\t\thospod\u011b &quot;U \u010cesk\u00e9 koruny&quot;.<\/p><p>V Liboci existoval od roku 1930 i &#8222;Spolek chovatel\u016f po\u0161tovn\u00edch holub\u016f &#8222;\u0160\u00e1rka&#8220; v Praze Liboci&#8220;. I ten se nakonec v roce 1950 &#8222;v\u010dlenil&#8220; do &#8222;SVAZARMu&#8220;. Kdo nezn\u00e1, byl to &#8222;Svaz pro spolupr\u00e1ci s arm\u00e1dou&#8220;. \n<\/p><p>Spolek zahr\u00e1dk\u00e1\u0159\u016f byl vytvo\u0159en a\u017e v roce 1947 podn\u00e1zvem &#8222;Spolek zahr\u00e1dk\u00e1\u0159\u016f v Liboci&#8220;. A jak u\u017e to tehdy po velk\u00e9m \u00fanoru platilo, byl i tento spolek n\u011bkam &#8222;v\u010dlen\u011bn&#8220; a vymaz\u00e1n. V tomto p\u0159\u00edpad\u011b do &#8222;\u010ceskoslovensk\u00e9ho svazu zahr\u00e1dk\u00e1\u0159\u016f a ovocn\u00e1\u0159\u016f&#8220;.<\/p>\n\n\n\n<ul class=\"wp-block-list\">\n<li><a href=\"https:\/\/katalog.ahmp.cz\/pragapublica\/permalink?xid=ECB6D64C2D3411E0823D00166F1163D4\">Spolek chovatel\u016f kr\u00e1lik\u016f a drobn\u00e9ho zv\u00ed\u0159ectva pro Liboc a okol\u00ed<\/a><\/li>\n\n\n\n<li><a href=\"https:\/\/katalog.ahmp.cz\/pragapublica\/permalink?xid=ED0A3E602D3411E0823D00166F1163D4\">Spolek chovatel\u016f po\u0161tovn\u00edch holub\u016f &#8222;\u0160\u00e1rka&#8220; v Praze Liboci<\/a><\/li>\n\n\n\n<li><a href=\"https:\/\/katalog.ahmp.cz\/pragapublica\/permalink?xid=ED0A4D9E2D3411E0823D00166F1163D4\">Spolek zahr\u00e1dk\u00e1\u0159\u016f v Liboci<\/a><\/li>\n<\/ul>\n\n\n<div class=\"su-custom-gallery su-custom-gallery-align-center su-custom-gallery-title-hover su-lightbox-gallery\"><div class=\"su-custom-gallery-slide\" style=\"width:150px;height:200px\"><a href=\"https:\/\/www.periferieprahy.cz\/blog\/wp-content\/uploads\/2025\/06\/zvirata1.jpg\" title=\"Spolkov\u00fd katastr &#8211; Spolek chovatel\u016f kr\u00e1l\u00edk\u016f a drobn\u00e9ho zv\u00ed\u0159ectva pro LIboc a okol\u00ed\"><img loading=\"lazy\" decoding=\"async\" src=\"https:\/\/www.periferieprahy.cz\/blog\/wp-content\/uploads\/2025\/06\/zvirata1-150x200.jpg\" alt=\"Spolkov\u00fd katastr &#8211; Spolek chovatel\u016f kr\u00e1l\u00edk\u016f a drobn\u00e9ho zv\u00ed\u0159ectva pro LIboc a okol\u00ed\" width=\"150\" height=\"200\" \/><span class=\"su-custom-gallery-title\">Spolkov\u00fd katastr &#8211; Spolek chovatel\u016f kr\u00e1l\u00edk\u016f a drobn\u00e9ho zv\u00ed\u0159ectva pro LIboc a okol\u00ed<\/span><\/a><\/div><div class=\"su-custom-gallery-slide\" style=\"width:150px;height:200px\"><a href=\"https:\/\/www.periferieprahy.cz\/blog\/wp-content\/uploads\/2025\/06\/zvirata2.jpg\" title=\"Spolkov\u00fd katastr &#8211; Spolek chovatel\u016f kr\u00e1l\u00edk\u016f a drobn\u00e9ho zv\u00ed\u0159ectva pro LIboc a okol\u00ed\"><img loading=\"lazy\" decoding=\"async\" src=\"https:\/\/www.periferieprahy.cz\/blog\/wp-content\/uploads\/2025\/06\/zvirata2-150x200.jpg\" alt=\"Spolkov\u00fd katastr &#8211; Spolek chovatel\u016f kr\u00e1l\u00edk\u016f a drobn\u00e9ho zv\u00ed\u0159ectva pro LIboc a okol\u00ed\" width=\"150\" height=\"200\" \/><span class=\"su-custom-gallery-title\">Spolkov\u00fd katastr &#8211; Spolek chovatel\u016f kr\u00e1l\u00edk\u016f a drobn\u00e9ho zv\u00ed\u0159ectva pro LIboc a okol\u00ed<\/span><\/a><\/div><div class=\"su-custom-gallery-slide\" style=\"width:150px;height:200px\"><a href=\"https:\/\/www.periferieprahy.cz\/blog\/wp-content\/uploads\/2025\/07\/holubi1.jpg\" title=\"Spolkov\u00fd katastr -Spolek chovatel\u016f po\u0161tovn\u00edch holub\u016f &#8222;\u0160\u00e1rka&#8220; v Praze Liboci.&#8220;\"><img loading=\"lazy\" decoding=\"async\" src=\"https:\/\/www.periferieprahy.cz\/blog\/wp-content\/uploads\/2025\/07\/holubi1-150x200.jpg\" alt=\"Spolkov\u00fd katastr -Spolek chovatel\u016f po\u0161tovn\u00edch holub\u016f &#8222;\u0160\u00e1rka&#8220; v Praze Liboci.&#8220;\" width=\"150\" height=\"200\" \/><span class=\"su-custom-gallery-title\">Spolkov\u00fd katastr -Spolek chovatel\u016f po\u0161tovn\u00edch holub\u016f &#8222;\u0160\u00e1rka&#8220; v Praze Liboci.&#8220;<\/span><\/a><\/div><div class=\"su-custom-gallery-slide\" style=\"width:150px;height:200px\"><a href=\"https:\/\/www.periferieprahy.cz\/blog\/wp-content\/uploads\/2025\/07\/holubi2.jpg\" title=\"Spolkov\u00fd katastr -Spolek chovatel\u016f po\u0161tovn\u00edch holub\u016f &#8222;\u0160\u00e1rka&#8220; v Praze Liboci.\"><img loading=\"lazy\" decoding=\"async\" src=\"https:\/\/www.periferieprahy.cz\/blog\/wp-content\/uploads\/2025\/07\/holubi2-150x200.jpg\" alt=\"Spolkov\u00fd katastr -Spolek chovatel\u016f po\u0161tovn\u00edch holub\u016f &#8222;\u0160\u00e1rka&#8220; v Praze Liboci.\" width=\"150\" height=\"200\" \/><span class=\"su-custom-gallery-title\">Spolkov\u00fd katastr -Spolek chovatel\u016f po\u0161tovn\u00edch holub\u016f &#8222;\u0160\u00e1rka&#8220; v Praze Liboci.<\/span><\/a><\/div><div class=\"su-custom-gallery-slide\" style=\"width:150px;height:200px\"><a href=\"https:\/\/www.periferieprahy.cz\/blog\/wp-content\/uploads\/2025\/06\/zahrad1.jpg\" title=\"Spolkov\u00fd katastr &#8211; Spolek zahr\u00e1dk\u00e1\u0159\u016f v Liboci\"><img loading=\"lazy\" decoding=\"async\" src=\"https:\/\/www.periferieprahy.cz\/blog\/wp-content\/uploads\/2025\/06\/zahrad1-150x200.jpg\" alt=\"Spolkov\u00fd katastr &#8211; Spolek zahr\u00e1dk\u00e1\u0159\u016f v Liboci\" width=\"150\" height=\"200\" \/><span class=\"su-custom-gallery-title\">Spolkov\u00fd katastr &#8211; Spolek zahr\u00e1dk\u00e1\u0159\u016f v Liboci<\/span><\/a><\/div><div class=\"su-custom-gallery-slide\" style=\"width:150px;height:200px\"><a href=\"https:\/\/www.periferieprahy.cz\/blog\/wp-content\/uploads\/2025\/06\/zahrad2.jpg\" title=\"Spolkov\u00fd katastr &#8211; Spolek zahr\u00e1dk\u00e1\u0159\u016f v Liboci\"><img loading=\"lazy\" decoding=\"async\" src=\"https:\/\/www.periferieprahy.cz\/blog\/wp-content\/uploads\/2025\/06\/zahrad2-150x200.jpg\" alt=\"Spolkov\u00fd katastr &#8211; Spolek zahr\u00e1dk\u00e1\u0159\u016f v Liboci\" width=\"150\" height=\"200\" \/><span class=\"su-custom-gallery-title\">Spolkov\u00fd katastr &#8211; Spolek zahr\u00e1dk\u00e1\u0159\u016f v Liboci<\/span><\/a><\/div><div class=\"su-clear\"><\/div><\/div>\n\n\n\n<div style=\"height:23px\" aria-hidden=\"true\" class=\"wp-block-spacer\"><\/div>\n\n\n<div class=\"su-image-carousel  su-image-carousel-columns-3 su-image-carousel-has-spacing su-image-carousel-crop su-image-carousel-crop-5-4 su-image-carousel-has-lightbox su-image-carousel-has-outline su-image-carousel-adaptive su-image-carousel-slides-style-default su-image-carousel-controls-style-dark su-image-carousel-align-center\" style=\"max-width:800px\" data-flickity-options='{\"groupCells\":true,\"cellSelector\":\".su-image-carousel-item\",\"adaptiveHeight\":false,\"cellAlign\":\"left\",\"prevNextButtons\":true,\"pageDots\":true,\"autoPlay\":2000,\"imagesLoaded\":true,\"contain\":true,\"selectedAttraction\":0.1499999999999999944488848768742172978818416595458984375,\"friction\":1}' id=\"su_image_carousel_69f3112cd605d\"><div class=\"su-image-carousel-item\"><div class=\"su-image-carousel-item-content\"><a href=\"https:\/\/www.periferieprahy.cz\/blog\/wp-content\/uploads\/2025\/07\/zaj_chovat.jpg\" data-caption=\"Kr\u00e1l\u00edk\u00e1\u0159sk\u00e1 v\u00fdstava \u010derven 1935 \nZdroj: https:\/\/rodina.cz\/Hron\/album\/dscf1475_1.jpg\"><img loading=\"lazy\" decoding=\"async\" width=\"800\" height=\"569\" src=\"https:\/\/www.periferieprahy.cz\/blog\/wp-content\/uploads\/2025\/07\/zaj_chovat.jpg\" class=\"\" alt=\"\" srcset=\"https:\/\/www.periferieprahy.cz\/blog\/wp-content\/uploads\/2025\/07\/zaj_chovat.jpg 800w, https:\/\/www.periferieprahy.cz\/blog\/wp-content\/uploads\/2025\/07\/zaj_chovat-300x213.jpg 300w, https:\/\/www.periferieprahy.cz\/blog\/wp-content\/uploads\/2025\/07\/zaj_chovat-150x107.jpg 150w, https:\/\/www.periferieprahy.cz\/blog\/wp-content\/uploads\/2025\/07\/zaj_chovat-768x546.jpg 768w\" sizes=\"auto, (max-width: 800px) 100vw, 800px\" \/><span>Kr\u00e1l\u00edk\u00e1\u0159sk\u00e1 v\u00fdstava \u010derven 1935 \nZdroj: https:\/\/rodina.cz\/Hron\/album\/dscf1475_1.jpg<\/span><\/a><\/div><\/div><div class=\"su-image-carousel-item\"><div class=\"su-image-carousel-item-content\"><a href=\"https:\/\/www.periferieprahy.cz\/blog\/wp-content\/uploads\/2025\/04\/cp42_10.jpg\" data-caption=\"Kr\u00e1l\u00edk\u00e1\u0159sk\u00e9 trhy &quot;U Vlk\u016f&quot;, kv\u011bten 1959\"><img loading=\"lazy\" decoding=\"async\" width=\"653\" height=\"384\" src=\"https:\/\/www.periferieprahy.cz\/blog\/wp-content\/uploads\/2025\/04\/cp42_10.jpg\" class=\"\" alt=\"\" srcset=\"https:\/\/www.periferieprahy.cz\/blog\/wp-content\/uploads\/2025\/04\/cp42_10.jpg 653w, https:\/\/www.periferieprahy.cz\/blog\/wp-content\/uploads\/2025\/04\/cp42_10-300x176.jpg 300w\" sizes=\"auto, (max-width: 653px) 100vw, 653px\" \/><span>Kr\u00e1l\u00edk\u00e1\u0159sk\u00e9 trhy \"U Vlk\u016f\", kv\u011bten 1959<\/span><\/a><\/div><\/div><div class=\"su-image-carousel-item\"><div class=\"su-image-carousel-item-content\"><a href=\"https:\/\/www.periferieprahy.cz\/blog\/wp-content\/uploads\/2025\/04\/cp42_10a.jpg\" data-caption=\"Kr\u00e1l\u00edk\u00e1\u0159sk\u00e9 trhy &quot;U Vlk\u016f&quot;, kv\u011bten 1959 revers fotografie.\"><img loading=\"lazy\" decoding=\"async\" width=\"686\" height=\"490\" src=\"https:\/\/www.periferieprahy.cz\/blog\/wp-content\/uploads\/2025\/04\/cp42_10a.jpg\" class=\"\" alt=\"\" srcset=\"https:\/\/www.periferieprahy.cz\/blog\/wp-content\/uploads\/2025\/04\/cp42_10a.jpg 686w, https:\/\/www.periferieprahy.cz\/blog\/wp-content\/uploads\/2025\/04\/cp42_10a-300x214.jpg 300w\" sizes=\"auto, (max-width: 686px) 100vw, 686px\" \/><span>Kr\u00e1l\u00edk\u00e1\u0159sk\u00e9 trhy \"U Vlk\u016f\", kv\u011bten 1959 revers fotografie.<\/span><\/a><\/div><\/div><\/div><script id=\"su_image_carousel_69f3112cd605d_script\">if(window.SUImageCarousel){setTimeout(function() {window.SUImageCarousel.initGallery(document.getElementById(\"su_image_carousel_69f3112cd605d\"))}, 0);}var su_image_carousel_69f3112cd605d_script=document.getElementById(\"su_image_carousel_69f3112cd605d_script\");if(su_image_carousel_69f3112cd605d_script){su_image_carousel_69f3112cd605d_script.parentNode.removeChild(su_image_carousel_69f3112cd605d_script);}<\/script>\n","protected":false},"excerpt":{"rendered":"<p>Spolek kr\u00e1l\u00edk\u00e1\u0159\u016f se naz\u00fdval cel\u00fdm jm\u00e9nem \u201eSpolek chovatel\u016f kr\u00e1lik\u016f a drobn\u00e9ho zv\u00ed\u0159ectva pro Liboc a okol\u00ed\u201c vznikl v roce 1925. Pozd\u011bji, v roce 1931, zm\u011bnil n\u00e1zev na \u201eSpolek chovatel\u016f kr\u00e1lik\u016f a drobn\u00e9ho zv\u00ed\u0159ectva v Praze \u2013 Liboci\u201c a v roce 1959 byl p\u0159em\u011bn\u011bn na \u201ePobo\u010dku \u010csl. svazu chovatel\u016f drobn\u00e9ho hosp. zv\u00ed\u0159ectva\u201c&#8230;<\/p>\n","protected":false},"author":1,"featured_media":4856,"comment_status":"open","ping_status":"open","sticky":false,"template":"","format":"standard","meta":{"_exactmetrics_skip_tracking":false,"_exactmetrics_sitenote_active":false,"_exactmetrics_sitenote_note":"","_exactmetrics_sitenote_category":0,"footnotes":""},"categories":[31,3,34],"tags":[],"post_folder":[],"class_list":["post-4846","post","type-post","status-publish","format-standard","has-post-thumbnail","hentry","category-spolky","category-redakce","category-zemedelci"],"_links":{"self":[{"href":"https:\/\/www.periferieprahy.cz\/blog\/wp-json\/wp\/v2\/posts\/4846","targetHints":{"allow":["GET"]}}],"collection":[{"href":"https:\/\/www.periferieprahy.cz\/blog\/wp-json\/wp\/v2\/posts"}],"about":[{"href":"https:\/\/www.periferieprahy.cz\/blog\/wp-json\/wp\/v2\/types\/post"}],"author":[{"embeddable":true,"href":"https:\/\/www.periferieprahy.cz\/blog\/wp-json\/wp\/v2\/users\/1"}],"replies":[{"embeddable":true,"href":"https:\/\/www.periferieprahy.cz\/blog\/wp-json\/wp\/v2\/comments?post=4846"}],"version-history":[{"count":5,"href":"https:\/\/www.periferieprahy.cz\/blog\/wp-json\/wp\/v2\/posts\/4846\/revisions"}],"predecessor-version":[{"id":4858,"href":"https:\/\/www.periferieprahy.cz\/blog\/wp-json\/wp\/v2\/posts\/4846\/revisions\/4858"}],"wp:featuredmedia":[{"embeddable":true,"href":"https:\/\/www.periferieprahy.cz\/blog\/wp-json\/wp\/v2\/media\/4856"}],"wp:attachment":[{"href":"https:\/\/www.periferieprahy.cz\/blog\/wp-json\/wp\/v2\/media?parent=4846"}],"wp:term":[{"taxonomy":"category","embeddable":true,"href":"https:\/\/www.periferieprahy.cz\/blog\/wp-json\/wp\/v2\/categories?post=4846"},{"taxonomy":"post_tag","embeddable":true,"href":"https:\/\/www.periferieprahy.cz\/blog\/wp-json\/wp\/v2\/tags?post=4846"},{"taxonomy":"post_folder","embeddable":true,"href":"https:\/\/www.periferieprahy.cz\/blog\/wp-json\/wp\/v2\/post_folder?post=4846"}],"curies":[{"name":"wp","href":"https:\/\/api.w.org\/{rel}","templated":true}]}}