{"id":523,"date":"2025-01-10T22:16:37","date_gmt":"2025-01-10T21:16:37","guid":{"rendered":"https:\/\/www.periferieprahy.cz\/blog\/?p=523"},"modified":"2025-04-13T21:01:16","modified_gmt":"2025-04-13T19:01:16","slug":"bila-hora","status":"publish","type":"post","link":"https:\/\/www.periferieprahy.cz\/blog\/2025\/01\/10\/bila-hora\/","title":{"rendered":"B\u00edl\u00e1 Hora"},"content":{"rendered":"\n<p align=\"left\">\n\t\t\t<img loading=\"lazy\" decoding=\"async\" border=\"0\" src=\"https:\/\/www.periferieprahy.cz\/blog\/wp-content\/uploads\/2024\/12\/pismo7_2.gif\" width=\"108\" height=\"140\" align=\"left\"><span style=\"visibility: hidden\"><font size=\"1\">B<\/font><\/span>itv\u011b \n\t\t\tna B\u00edl\u00e9 Ho\u0159e, zejm\u00e9na jej\u00edmu tragick\u00e9mu konci jsme se v\u011bnovali na\n\t\t\t<a target=\"uvodni\" href=\"https:\/\/www.periferieprahy.cz\/blog\/2025\/01\/10\/c-p-1-a-86-obora-hvezda\/\">str\u00e1nce o obo\u0159e a \n\t\t\tletohr\u00e1dku Hv\u011bzda<\/a>.&nbsp; Bylo by to jako nosit d\u0159\u00edv\u00ed do lesa, \n\t\t\tabychom zde psali \u010dl\u00e1nky, kter\u00e9 u\u017e byly d\u00e1vno zve\u0159ejn\u011bny. Nap\u0159iklad\n\t\t\t<a target=\"_blank\" href=\"https:\/\/cs.wikipedia.org\/wiki\/Bitva_na_B\u00edl\u00e9_ho\u0159e\">\n\t\t\tWikipedie<\/a>. V na\u0161\u00ed knihovni\u010dce je i bro\u017e\u016frka &#8222;B\u00edl\u00e1 hora&#8220;<a onclick=\"window.open('https:\/\/www.periferieprahy.cz\/blog\/wp-content\/uploads\/2025\/01\/bila_hora.pdf','_blank','width=600,height=800,scrollbars=yes,top=0,left=0'); return false\" href=\"https:\/\/www.periferieprahy.cz\/blog\/wp-content\/uploads\/2025\/01\/bila_hora.pdf\"><IMG border=0 \nsrc=\"https:\/\/www.periferieprahy.cz\/blog\/wp-content\/uploads\/2025\/01\/zobraz.png\" \nwidth=16 height=11><\/a>, tak se m\u016f\u017eete za\u010d\u00edst. Sem d\u00e1v\u00e1me jen z\u00e1kladn\u00ed \n\t\t\tinformace a n\u011bkolik ilustra\u010dn\u00edch foto.\n\n\n<div class=\"wp-block-image\">\n<figure class=\"aligncenter size-full is-resized\"><img loading=\"lazy\" decoding=\"async\" width=\"800\" height=\"494\" src=\"https:\/\/www.periferieprahy.cz\/blog\/wp-content\/uploads\/2025\/01\/11.jpg\" alt=\"\" class=\"wp-image-556\" style=\"width:800px\" srcset=\"https:\/\/www.periferieprahy.cz\/blog\/wp-content\/uploads\/2025\/01\/11.jpg 800w, https:\/\/www.periferieprahy.cz\/blog\/wp-content\/uploads\/2025\/01\/11-300x185.jpg 300w, https:\/\/www.periferieprahy.cz\/blog\/wp-content\/uploads\/2025\/01\/11-768x474.jpg 768w\" sizes=\"auto, (max-width: 800px) 100vw, 800px\" \/><figcaption class=\"wp-element-caption\">Jako pam\u00e1tn\u00edk byla,  nezn\u00e1mo kdy, postavena na n\u00e1vr\u0161\u00ed B\u00edl\u00e9 Hory mohyla. Na pohlednici je i pomn\u00ed\u010dek padl\u00fdch z prvn\u00ed sv\u011btov\u00e9 v\u00e1lky v Drnovsk\u00e9 ulici<\/figcaption><\/figure>\n<\/div>\n\n<div class=\"wp-block-image\">\n<figure class=\"aligncenter size-large is-resized\"><img loading=\"lazy\" decoding=\"async\" width=\"1024\" height=\"768\" src=\"https:\/\/www.periferieprahy.cz\/blog\/wp-content\/uploads\/2025\/01\/bila_hora5-1024x768.jpg\" alt=\"\" class=\"wp-image-605\" style=\"width:803px\" srcset=\"https:\/\/www.periferieprahy.cz\/blog\/wp-content\/uploads\/2025\/01\/bila_hora5-1024x768.jpg 1024w, https:\/\/www.periferieprahy.cz\/blog\/wp-content\/uploads\/2025\/01\/bila_hora5-300x225.jpg 300w, https:\/\/www.periferieprahy.cz\/blog\/wp-content\/uploads\/2025\/01\/bila_hora5-768x576.jpg 768w, https:\/\/www.periferieprahy.cz\/blog\/wp-content\/uploads\/2025\/01\/bila_hora5-1536x1152.jpg 1536w, https:\/\/www.periferieprahy.cz\/blog\/wp-content\/uploads\/2025\/01\/bila_hora5.jpg 1600w\" sizes=\"auto, (max-width: 1024px) 100vw, 1024px\" \/><figcaption class=\"wp-element-caption\">V roce 1920 na z\u00e1kladech p\u016fvodn\u00ed mohyly byl postaven pam\u00e1tn\u00edk s n\u00e1pisem:  PADL\u00ddM BOJOVN\u00cdK\u016eM SOKOLSK\u00c1 \u017dUPA PODB\u011aLOHORSK\u00c1\n1620 1920<\/figcaption><\/figure>\n<\/div>\n\n<div class=\"wp-block-image\">\n<figure class=\"aligncenter size-full\"><img loading=\"lazy\" decoding=\"async\" width=\"900\" height=\"339\" src=\"https:\/\/www.periferieprahy.cz\/blog\/wp-content\/uploads\/2025\/01\/bila_hora9.jpg\" alt=\"\" class=\"wp-image-615\" srcset=\"https:\/\/www.periferieprahy.cz\/blog\/wp-content\/uploads\/2025\/01\/bila_hora9.jpg 900w, https:\/\/www.periferieprahy.cz\/blog\/wp-content\/uploads\/2025\/01\/bila_hora9-300x113.jpg 300w, https:\/\/www.periferieprahy.cz\/blog\/wp-content\/uploads\/2025\/01\/bila_hora9-768x289.jpg 768w\" sizes=\"auto, (max-width: 900px) 100vw, 900px\" \/><figcaption class=\"wp-element-caption\">Od mohyly je zaj\u00edmav\u00fd pohled jak na Ruzy\u0148 a objekty leti\u0161t\u011b&#8230;..<\/figcaption><\/figure>\n<\/div>\n\n<div class=\"wp-block-image\">\n<figure class=\"aligncenter size-large is-resized\"><img loading=\"lazy\" decoding=\"async\" width=\"1024\" height=\"347\" src=\"https:\/\/www.periferieprahy.cz\/blog\/wp-content\/uploads\/2025\/01\/13-1024x347.jpg\" alt=\"\" class=\"wp-image-558\" style=\"width:904px;height:auto\" srcset=\"https:\/\/www.periferieprahy.cz\/blog\/wp-content\/uploads\/2025\/01\/13-1024x347.jpg 1024w, https:\/\/www.periferieprahy.cz\/blog\/wp-content\/uploads\/2025\/01\/13-300x102.jpg 300w, https:\/\/www.periferieprahy.cz\/blog\/wp-content\/uploads\/2025\/01\/13-768x260.jpg 768w, https:\/\/www.periferieprahy.cz\/blog\/wp-content\/uploads\/2025\/01\/13-1536x521.jpg 1536w, https:\/\/www.periferieprahy.cz\/blog\/wp-content\/uploads\/2025\/01\/13.jpg 1598w\" sizes=\"auto, (max-width: 1024px) 100vw, 1024px\" \/><figcaption class=\"wp-element-caption\">&#8230;tak i na oboru s letohr\u00e1dkem Hv\u011bzda.<\/figcaption><\/figure>\n<\/div>\n\n<p><b><a href=\"https:\/\/cs.wikipedia.org\/wiki\/Ruzy%C5%88sk%C3%BD_toleran%C4%8Dn%C3%AD_h%C5%99bitov\" target=\"_blank\" rel=\"noopener\">Toleran\u010dn\u00ed h\u0159bitov<\/a><\/b><\/p>\n<p>Na \u00fazem\u00ed Prahy se dochval jeden toleran\u010dn\u00ed h\u0159bitov ve Stra\u0161nic\u00edch a druh\u00fd na \u00fapat\u00ed B\u00edle Hory. Byl zalo\u017een jako evangelick\u00fd h\u0159bitov kolem roku 1784 po vyhl\u00e1\u0161en\u00ed tzv. toleran\u010dn\u00edho patentu Josefem II. Poh\u0159b\u00edv\u00e1n\u00ed zde skon\u010dilo v roce 1945.<\/p>\n\n<div class=\"su-image-carousel  su-image-carousel-has-spacing su-image-carousel-crop su-image-carousel-crop-10-16 su-image-carousel-has-lightbox su-image-carousel-has-outline su-image-carousel-adaptive su-image-carousel-slides-style-default su-image-carousel-controls-style-dark su-image-carousel-align-center\" style=\"max-width:500px\" data-flickity-options='{\"groupCells\":true,\"cellSelector\":\".su-image-carousel-item\",\"adaptiveHeight\":false,\"cellAlign\":\"left\",\"prevNextButtons\":true,\"pageDots\":true,\"autoPlay\":5000,\"imagesLoaded\":true,\"contain\":true,\"selectedAttraction\":0.025000000000000001387778780781445675529539585113525390625,\"friction\":0.2800000000000000266453525910037569701671600341796875}' id=\"su_image_carousel_69f3567864506\"><div class=\"su-image-carousel-item\"><div class=\"su-image-carousel-item-content\"><a href=\"https:\/\/www.periferieprahy.cz\/blog\/wp-content\/uploads\/2025\/01\/bila_hora4.jpg\" data-caption=\"Vstupn\u00ed br\u00e1na na h\u0159bitov a ze\u010f h\u0159bitova devastov\u00e1na debiln\u00edmi sprejery.\"><img loading=\"lazy\" decoding=\"async\" width=\"1600\" height=\"1200\" src=\"https:\/\/www.periferieprahy.cz\/blog\/wp-content\/uploads\/2025\/01\/bila_hora4.jpg\" class=\"\" alt=\"\" srcset=\"https:\/\/www.periferieprahy.cz\/blog\/wp-content\/uploads\/2025\/01\/bila_hora4.jpg 1600w, https:\/\/www.periferieprahy.cz\/blog\/wp-content\/uploads\/2025\/01\/bila_hora4-300x225.jpg 300w, https:\/\/www.periferieprahy.cz\/blog\/wp-content\/uploads\/2025\/01\/bila_hora4-1024x768.jpg 1024w, https:\/\/www.periferieprahy.cz\/blog\/wp-content\/uploads\/2025\/01\/bila_hora4-768x576.jpg 768w, https:\/\/www.periferieprahy.cz\/blog\/wp-content\/uploads\/2025\/01\/bila_hora4-1536x1152.jpg 1536w\" sizes=\"auto, (max-width: 1600px) 100vw, 1600px\" \/><span>Vstupn\u00ed br\u00e1na na h\u0159bitov a ze\u010f h\u0159bitova devastov\u00e1na debiln\u00edmi sprejery.<\/span><\/a><\/div><\/div><div class=\"su-image-carousel-item\"><div class=\"su-image-carousel-item-content\"><a href=\"https:\/\/www.periferieprahy.cz\/blog\/wp-content\/uploads\/2025\/01\/bila_hora2.jpg\" data-caption=\"Hroby postupn\u011b zar\u016fstaj\u00ed kobercem b\u0159e\u010d\u0165anu.\"><img loading=\"lazy\" decoding=\"async\" width=\"1598\" height=\"866\" src=\"https:\/\/www.periferieprahy.cz\/blog\/wp-content\/uploads\/2025\/01\/bila_hora2.jpg\" class=\"\" alt=\"\" srcset=\"https:\/\/www.periferieprahy.cz\/blog\/wp-content\/uploads\/2025\/01\/bila_hora2.jpg 1598w, https:\/\/www.periferieprahy.cz\/blog\/wp-content\/uploads\/2025\/01\/bila_hora2-300x163.jpg 300w, https:\/\/www.periferieprahy.cz\/blog\/wp-content\/uploads\/2025\/01\/bila_hora2-1024x555.jpg 1024w, https:\/\/www.periferieprahy.cz\/blog\/wp-content\/uploads\/2025\/01\/bila_hora2-768x416.jpg 768w, https:\/\/www.periferieprahy.cz\/blog\/wp-content\/uploads\/2025\/01\/bila_hora2-1536x832.jpg 1536w\" sizes=\"auto, (max-width: 1598px) 100vw, 1598px\" \/><span>Hroby postupn\u011b zar\u016fstaj\u00ed kobercem b\u0159e\u010d\u0165anu.<\/span><\/a><\/div><\/div><div class=\"su-image-carousel-item\"><div class=\"su-image-carousel-item-content\"><a href=\"https:\/\/www.periferieprahy.cz\/blog\/wp-content\/uploads\/2025\/01\/bila_hora3.jpg\" data-caption=\"Mo\u017en\u00e1 posledn\u00ed pochovan\u00fd na tomto h\u0159bitov\u011b byl V\u00e1clav Kub\u00e1t zavra\u017ed\u011bn\u00fd 21. 5. 1945 ve v\u011bku pades\u00e1ti 1et.\"><img loading=\"lazy\" decoding=\"async\" width=\"1200\" height=\"1600\" src=\"https:\/\/www.periferieprahy.cz\/blog\/wp-content\/uploads\/2025\/01\/bila_hora3.jpg\" class=\"\" alt=\"\" srcset=\"https:\/\/www.periferieprahy.cz\/blog\/wp-content\/uploads\/2025\/01\/bila_hora3.jpg 1200w, https:\/\/www.periferieprahy.cz\/blog\/wp-content\/uploads\/2025\/01\/bila_hora3-225x300.jpg 225w, https:\/\/www.periferieprahy.cz\/blog\/wp-content\/uploads\/2025\/01\/bila_hora3-768x1024.jpg 768w, https:\/\/www.periferieprahy.cz\/blog\/wp-content\/uploads\/2025\/01\/bila_hora3-1152x1536.jpg 1152w\" sizes=\"auto, (max-width: 1200px) 100vw, 1200px\" \/><span>Mo\u017en\u00e1 posledn\u00ed pochovan\u00fd na tomto h\u0159bitov\u011b byl V\u00e1clav Kub\u00e1t zavra\u017ed\u011bn\u00fd 21. 5. 1945 ve v\u011bku pades\u00e1ti 1et.<\/span><\/a><\/div><\/div><\/div><script id=\"su_image_carousel_69f3567864506_script\">if(window.SUImageCarousel){setTimeout(function() {window.SUImageCarousel.initGallery(document.getElementById(\"su_image_carousel_69f3567864506\"))}, 0);}var su_image_carousel_69f3567864506_script=document.getElementById(\"su_image_carousel_69f3567864506_script\");if(su_image_carousel_69f3567864506_script){su_image_carousel_69f3567864506_script.parentNode.removeChild(su_image_carousel_69f3567864506_script);}<\/script>\n\n\n<p><b><a href=\"https:\/\/cs.wikipedia.org\/wiki\/Kostel_Panny_Marie_V%C3%ADt%C4%9Bzn%C3%A9_(B%C3%ADl%C3%A1_hora)\" target=\"_blank\" rel=\"noopener\">Kostel Panny Marie V\u00edt\u011bzn\u00e9<\/a><\/b><\/p>\n<p>Dojedete li na kone\u010dnou tramvaje do stanice B\u00edl\u00e1 Hora, a pod\u00edv\u00e1te li se z\u00e1padn\u00edm sm\u011brem, nem\u016f\u017eete p\u0159ehl\u00e9dnout v\u011b\u017e kostela. To, \u017ee byl na B\u00edl\u00e9 Ho\u0159e postaven kostel zasv\u011bcen\u00fd Pann\u011b Marii V\u00edt\u011bzn\u00e9, by jen bl\u00e1hov\u00fd \u010dlov\u011bk pova\u017eoval za n\u00e1hodu. V\u017edy\u0165 pr\u00e1v\u011b p\u0159\u00eddomek V\u00edt\u011bzn\u00e1 poch\u00e1z\u00ed z v\u00edt\u011bzstv\u00ed c\u00edsa\u0159sk\u00e9, katolickou c\u00edrkv\u00ed podporovan\u00e9 vojsko.Na v\u00edt\u011bzstv\u00ed c\u00edsa\u0159sk\u00fdch pr\u00fd m\u011bl z\u00e1sluhu obraz Svat\u00e9 rodiny a bos\u00fd karmelit\u00e1n Dominik \u00e0 Jesu Maria, kter\u00fd obrazem \u017eehnal\u00a0 p\u0159ed bitvou c\u00edsa\u0159sk\u00e9mu vojsku. A proto\u017ee Panenka Mar\u00eda vysly\u0161ela a dopomohla zmasakrovat stavovsk\u00e9 \u017eoldn\u00e9\u0159e, byla na m\u00edst\u011b nejprve postavena v roce 1622 mal\u00e1 kapli\u010dka. Do dne\u0161n\u00ed podoby byl are\u00e1l p\u0159etv\u00e1\u0159en v obdob\u00ed let 1628 \u2013 1729.\u00a0 V roce 1958 byl vyhl\u00e1\u0161en n\u00e1rodn\u00ed kulturn\u00ed pam\u00e1tkou. Dnes zde \u017eije komunita sester benediktinek. Kostel je p\u0159\u00edstupn\u00fd pouze o bohoslu\u017eb\u00e1ch.\u00a0<\/p>\n\n<div class=\"su-image-carousel  su-image-carousel-has-spacing su-image-carousel-crop su-image-carousel-crop-10-16 su-image-carousel-has-lightbox su-image-carousel-has-outline su-image-carousel-adaptive su-image-carousel-slides-style-default su-image-carousel-controls-style-dark su-image-carousel-align-center\" style=\"max-width:500px\" data-flickity-options='{\"groupCells\":true,\"cellSelector\":\".su-image-carousel-item\",\"adaptiveHeight\":false,\"cellAlign\":\"left\",\"prevNextButtons\":true,\"pageDots\":true,\"autoPlay\":5000,\"imagesLoaded\":true,\"contain\":true,\"selectedAttraction\":0.025000000000000001387778780781445675529539585113525390625,\"friction\":0.2800000000000000266453525910037569701671600341796875}' id=\"su_image_carousel_69f356786551f\"><div class=\"su-image-carousel-item\"><div class=\"su-image-carousel-item-content\"><a href=\"https:\/\/www.periferieprahy.cz\/blog\/wp-content\/uploads\/2025\/01\/bila_hora1.jpg\" data-caption=\"Kostel Panny Marie V\u00edt\u011bzn\u00e9\"><img loading=\"lazy\" decoding=\"async\" width=\"640\" height=\"324\" src=\"https:\/\/www.periferieprahy.cz\/blog\/wp-content\/uploads\/2025\/01\/bila_hora1.jpg\" class=\"\" alt=\"\" srcset=\"https:\/\/www.periferieprahy.cz\/blog\/wp-content\/uploads\/2025\/01\/bila_hora1.jpg 640w, https:\/\/www.periferieprahy.cz\/blog\/wp-content\/uploads\/2025\/01\/bila_hora1-300x152.jpg 300w\" sizes=\"auto, (max-width: 640px) 100vw, 640px\" \/><span>Kostel Panny Marie V\u00edt\u011bzn\u00e9<\/span><\/a><\/div><\/div><div class=\"su-image-carousel-item\"><div class=\"su-image-carousel-item-content\"><a href=\"https:\/\/www.periferieprahy.cz\/blog\/wp-content\/uploads\/2025\/01\/bila_hora7.jpg\" data-caption=\"Kostel Panny Marie V\u00edt\u011bzn\u00e9\"><img loading=\"lazy\" decoding=\"async\" width=\"640\" height=\"497\" src=\"https:\/\/www.periferieprahy.cz\/blog\/wp-content\/uploads\/2025\/01\/bila_hora7.jpg\" class=\"\" alt=\"\" srcset=\"https:\/\/www.periferieprahy.cz\/blog\/wp-content\/uploads\/2025\/01\/bila_hora7.jpg 640w, https:\/\/www.periferieprahy.cz\/blog\/wp-content\/uploads\/2025\/01\/bila_hora7-300x233.jpg 300w\" sizes=\"auto, (max-width: 640px) 100vw, 640px\" \/><span>Kostel Panny Marie V\u00edt\u011bzn\u00e9<\/span><\/a><\/div><\/div><div class=\"su-image-carousel-item\"><div class=\"su-image-carousel-item-content\"><a href=\"https:\/\/www.periferieprahy.cz\/blog\/wp-content\/uploads\/2025\/01\/bila_hora6.jpg\" data-caption=\"Kostel Panny Marie V\u00edt\u011bzn\u00e9\"><img loading=\"lazy\" decoding=\"async\" width=\"515\" height=\"829\" src=\"https:\/\/www.periferieprahy.cz\/blog\/wp-content\/uploads\/2025\/01\/bila_hora6.jpg\" class=\"\" alt=\"\" srcset=\"https:\/\/www.periferieprahy.cz\/blog\/wp-content\/uploads\/2025\/01\/bila_hora6.jpg 515w, https:\/\/www.periferieprahy.cz\/blog\/wp-content\/uploads\/2025\/01\/bila_hora6-186x300.jpg 186w\" sizes=\"auto, (max-width: 515px) 100vw, 515px\" \/><span>Kostel Panny Marie V\u00edt\u011bzn\u00e9<\/span><\/a><\/div><\/div><\/div><script id=\"su_image_carousel_69f356786551f_script\">if(window.SUImageCarousel){setTimeout(function() {window.SUImageCarousel.initGallery(document.getElementById(\"su_image_carousel_69f356786551f\"))}, 0);}var su_image_carousel_69f356786551f_script=document.getElementById(\"su_image_carousel_69f356786551f_script\");if(su_image_carousel_69f356786551f_script){su_image_carousel_69f356786551f_script.parentNode.removeChild(su_image_carousel_69f356786551f_script);}<\/script>\n","protected":false},"excerpt":{"rendered":"<p>Bitv\u011b na B\u00edl\u00e9 Ho\u0159e, zejm\u00e9na jej\u00edmu tragick\u00e9mu konci jsme se v\u011bnovali na str\u00e1nce o obo\u0159e a letohr\u00e1dku Hv\u011bzda.&nbsp; Bylo by to jako nosit d\u0159\u00edv\u00ed do lesa, abychom zde psali \u010dl\u00e1nky, kter\u00e9 u\u017e byly d\u00e1vno zve\u0159ejn\u011bny. Nap\u0159iklad Wikipedie. V na\u0161\u00ed knihovni\u010dce je i bro\u017e\u016frka &#8222;B\u00edl\u00e1 hora&#8220;, tak se m\u016f\u017eete za\u010d\u00edst. Sem d\u00e1v\u00e1me jen z\u00e1kladn\u00ed informace a &hellip;<br \/><a href=\"https:\/\/www.periferieprahy.cz\/blog\/2025\/01\/10\/bila-hora\/\" class=\"more-link pen_button pen_element_default pen_icon_arrow_double\">Pokra\u010dovat ve\u00a0\u010dten\u00ed <span class=\"screen-reader-text\">B\u00edl\u00e1 Hora<\/span><\/a><\/p>\n","protected":false},"author":1,"featured_media":596,"comment_status":"open","ping_status":"open","sticky":false,"template":"","format":"standard","meta":{"_exactmetrics_skip_tracking":false,"_exactmetrics_sitenote_active":false,"_exactmetrics_sitenote_note":"","_exactmetrics_sitenote_category":0,"footnotes":""},"categories":[3],"tags":[],"post_folder":[],"class_list":["post-523","post","type-post","status-publish","format-standard","has-post-thumbnail","hentry","category-redakce"],"_links":{"self":[{"href":"https:\/\/www.periferieprahy.cz\/blog\/wp-json\/wp\/v2\/posts\/523","targetHints":{"allow":["GET"]}}],"collection":[{"href":"https:\/\/www.periferieprahy.cz\/blog\/wp-json\/wp\/v2\/posts"}],"about":[{"href":"https:\/\/www.periferieprahy.cz\/blog\/wp-json\/wp\/v2\/types\/post"}],"author":[{"embeddable":true,"href":"https:\/\/www.periferieprahy.cz\/blog\/wp-json\/wp\/v2\/users\/1"}],"replies":[{"embeddable":true,"href":"https:\/\/www.periferieprahy.cz\/blog\/wp-json\/wp\/v2\/comments?post=523"}],"version-history":[{"count":5,"href":"https:\/\/www.periferieprahy.cz\/blog\/wp-json\/wp\/v2\/posts\/523\/revisions"}],"predecessor-version":[{"id":2506,"href":"https:\/\/www.periferieprahy.cz\/blog\/wp-json\/wp\/v2\/posts\/523\/revisions\/2506"}],"wp:featuredmedia":[{"embeddable":true,"href":"https:\/\/www.periferieprahy.cz\/blog\/wp-json\/wp\/v2\/media\/596"}],"wp:attachment":[{"href":"https:\/\/www.periferieprahy.cz\/blog\/wp-json\/wp\/v2\/media?parent=523"}],"wp:term":[{"taxonomy":"category","embeddable":true,"href":"https:\/\/www.periferieprahy.cz\/blog\/wp-json\/wp\/v2\/categories?post=523"},{"taxonomy":"post_tag","embeddable":true,"href":"https:\/\/www.periferieprahy.cz\/blog\/wp-json\/wp\/v2\/tags?post=523"},{"taxonomy":"post_folder","embeddable":true,"href":"https:\/\/www.periferieprahy.cz\/blog\/wp-json\/wp\/v2\/post_folder?post=523"}],"curies":[{"name":"wp","href":"https:\/\/api.w.org\/{rel}","templated":true}]}}