{"id":5230,"date":"2025-07-27T23:19:51","date_gmt":"2025-07-27T21:19:51","guid":{"rendered":"https:\/\/www.periferieprahy.cz\/blog\/?p=5230"},"modified":"2025-08-03T21:26:54","modified_gmt":"2025-08-03T19:26:54","slug":"nebojte-se-kratkych-kodu-4-lightbox","status":"publish","type":"post","link":"https:\/\/www.periferieprahy.cz\/blog\/2025\/07\/27\/nebojte-se-kratkych-kodu-4-lightbox\/","title":{"rendered":"Nebojte se kr\u00e1tk\u00fdch k\u00f3du \u2013\u00a04. lightbox"},"content":{"rendered":"\n<p class=\"has-luminous-vivid-amber-background-color has-background\"><strong>POZOR:<\/strong>&nbsp;U parametr\u016f, kde se vol\u00ed ANO\/ NE je trochu zmatek. V anglick\u00e9 verzi&nbsp;<strong>NE<\/strong>&nbsp;v \u010desk\u00e9m p\u0159ekladu&nbsp;<s>ANO<\/s>&nbsp;\u2014&nbsp;<strong>plat\u00ed NE<\/strong>&nbsp;| V anglick\u00e9 verzi<strong>&nbsp;ANO<\/strong>&nbsp;v \u010desk\u00e9 p\u0159ekladu&nbsp;<s>ZNOVU<\/s>&nbsp;\u2014&nbsp;<strong>plat\u00ed ANO.<\/strong><\/p>\n\n\n\n<p><br>Tyto kr\u00e1tk\u00e9 k\u00f3dy&nbsp;se pou\u017e\u00edvaj\u00ed k zobrazen\u00ed r\u016fzn\u00fdch prvk\u016f ve <a href=\"https:\/\/getshortcodes.com\/docs\/lightbox\/\">vyskakovac\u00edm okn\u011b &#8211; lightbox<\/a>. M\u016f\u017eete zobrazit obr\u00e1zek, video, webovou str\u00e1nku nebo jak\u00fdkoli HTML obsah.<\/p>\n\n\n\n<p>Jak postupovat? Jako u jin\u00fdch kr\u00e1tk\u00fdch k\u00f3d\u016f: V nab\u00eddce blok\u016f zvolte [ \/ ] a d\u00e1l postupujte podle n\u00e1vodu v&nbsp;<a href=\"https:\/\/www.periferieprahy.cz\/blog\/2025\/07\/23\/nebojte-se-kratkych-kodu\/\" class=\"su-button su-button-style-glass\" style=\"color:#ffffff;background-color:#3428ef;border-color:#2a20c0;border-radius:4px\" target=\"_self\"><span style=\"color:#ffffff;padding:5px 14px;font-size:12px;line-height:18px;border-color:#7169f4;border-radius:4px;text-shadow:none\"><i class=\"sui sui-photo\" style=\"font-size:12px;color:#dae828\"><\/i> \u00davod<\/span><\/a>. V nab\u00eddce kr\u00e1tk\u00fdch k\u00f3du zvlolte Lightbox a vypl\u0148te dotazn\u00edk:<\/p>\n\n\n\n<h3 class=\"wp-block-heading\">Obr\u00e1zek<\/h3>\n\n\n\n<p><strong>Typ obsahu:<\/strong> zvolte obr\u00e1zek<\/p>\n\n\n\n<p><strong>Zdroj obsahu: <\/strong>uve\u010fte URL obr\u00e1zku, nap\u0159.: https:\/\/www.periferieprahy.cz\/blog\/wp-content\/uploads\/2025\/07\/shortcodes3.jpg  <\/p>\n\n\n\n<p><strong>Povolit na mobiln\u00edch za\u0159\u00edzen\u00edch<\/strong>? ANO \/ NE<\/p>\n\n\n\n<p><strong>Speci\u00e1ln\u00ed CSS t\u0159\u00edda:<\/strong> zat\u00edm jsem nevyu\u017eil.<\/p>\n\n\n\n<p><strong>Obsah:<\/strong> zde nap\u0159. Druhy kr\u00e1tk\u00fdch k\u00f3d\u016f. Kdy\u017e na to kliknete, uvid\u00edte zvolen\u00fd obr\u00e1zek.<\/p>\n\n\n\n<p>A toto je v\u00fdsledek:<\/p>\n\n\n<span class=\"su-lightbox\" data-mfp-src=\"https:\/\/www.periferieprahy.cz\/blog\/wp-content\/uploads\/2025\/07\/shortcodes3.jpg\" data-mfp-type=\"image\" data-mobile=\"yes\"><u>Druhy kr\u00e1tk\u00fdch k\u00f3d\u016f. Klikn\u011bte<\/u><\/span>\n\n\n\n<p>A takhle vypad\u00e1 vygenerovan\u00fd z\u00e1pis pro lightbox obr\u00e1zku:<\/p>\n\n\n\n<pre class=\"wp-block-code\"><code>&#091;su_lightbox type=\"image\" src=\"https:\/\/www.periferieprahy.cz\/blog\/wp-content\/uploads\/2025\/07\/shortcodes3.jpg\"]&lt;u&gt;Druhy kr\u00e1tk\u00fdch k\u00f3d\u016f. Klikn\u011bte&lt;\/u&gt;&#091;\/su_lightbox]<\/code><\/pre>\n\n\n\n<p>Aby to bylo podtr\u017een\u00e9, musel jsem do popisu p\u0159idat p\u00e1rov\u00fd tag  &lt;u&gt;&#8230;..&lt;\/u&gt;. To tento kr\u00e1tk\u00fd k\u00f3d neum\u00ed: &lt;u&gt;Druhy kr\u00e1tk\u00fdch k\u00f3d\u016f. Klikn\u011bte&lt;\/u&gt; <\/p>\n\n\n\n<h3 class=\"wp-block-heading\">Webov\u00e1 str\u00e1nka a videa<\/h3>\n\n\n\n<p>Stejn\u00fd postup jako u obr\u00e1zku. Jen krit\u00e9rium <strong>Typ obsahu:<\/strong> zvolte <strong>Iframe<\/strong> (r\u00e1mec). A tady je v\u00fdsledek pro URL str\u00e1nky htps:\/\/www.svejkmuseum.cz\/new\/slovnik\/r_fji.htm. Op\u011bt jsem pou\u017eil v z\u00e1pisu \u00fapravu pomoc\u00ed tagu &lt;u&gt;&#8230;..&lt;\/u&gt; aby to bylo podtr\u017een\u00e9<\/p>\n\n\n<span class=\"su-lightbox\" data-mfp-src=\"https:\/\/www.svejkmuseum.cz\/new\/slovnik\/r_fji.htm\" data-mfp-type=\"iframe\" data-mobile=\"yes\"><u>Franta Pepa Jedni\u010dka (klik)<\/u><\/span>\n\n\n\n<p>A takhle vypad\u00e1 vygenerovan\u00fd z\u00e1pis pro lightbox s Webovou str\u00e1nkou:<\/p>\n\n\n\n<pre class=\"wp-block-code\"><code>&#091;su_lightbox src=\"https:\/\/www.svejkmuseum.cz\/new\/slovnik\/r_fji.htm\"]&lt;u&gt;Franta Pepa Jedni\u010dka (klik)&lt;\/u&gt;&#091;\/su_lightbox]<\/code><\/pre>\n\n\n\n<p>Takhle m\u016f\u017eete zobrazit i videa. Tady jsem dal jako <strong>Zdroj obsahu<\/strong>: URL videa https:\/\/www.svejkmuseum.cz\/new\/videos\/POSLEDNI_STOPY.mp4 a takhle to vypad\u00e1:<\/p>\n\n\n<span class=\"su-lightbox\" data-mfp-src=\"https:\/\/www.svejkmuseum.cz\/new\/videos\/POSLEDNI_STOPY.mp4\" data-mfp-type=\"iframe\" data-mobile=\"yes\"><u>Posledn\u00ed stopy (klik)<\/u><\/span>\n\n\n\n<p>A takhle vypad\u00e1 vygenerovan\u00fd z\u00e1pis pro lightbox s videem:<\/p>\n\n\n\n<pre class=\"wp-block-code\"><code>&#091;su_lightbox src=\"https:\/\/www.svejkmuseum.cz\/new\/videos\/POSLEDNI_STOPY.mp4\"]&lt;u&gt;Posledn\u00ed stopy (klik)&lt;\/u&gt;&#091;\/su_lightbox]<\/code><\/pre>\n\n\n\n<h3 class=\"wp-block-heading\">Vlastn\u00ed HTML<\/h3>\n\n\n\n<p>Tady u\u017e je to slo\u017eit\u011bj\u0161\u00ed a p\u0159esahuje to r\u00e1mec tohoto n\u00e1vodu. Proto jen uk\u00e1zky. Mal\u00e9 upozorn\u011bn\u00ed. D\u016fle\u017eit\u00e9 je, aby <strong> Zdroj<\/strong> (scr) v dotazn\u00edku Lightboxu m\u011bl stejn\u00fd text jako <strong>ID<\/strong> v Light boxu content,<strong> ale s hashtagem #<\/strong>. Nap\u0159\u00edklad: #moje_liboc:v lightboxu <strong>src:&#8220;#moje_liboc<\/strong>&#8220; v light boxu content: <strong>id=&#8220;moje_liboc&#8220;<\/strong>.<\/p>\n\n\n<span class=\"su-lightbox\" data-mfp-src=\"#moje_okno\" data-mfp-type=\"inline\" data-mobile=\"yes\"><u>Tady to je uk\u00e1zka<\/u><\/span><div class=\"su-lightbox-content su-u-trim \" id=\"moje_okno\" style=\"display:none;width:auto;min-width:90%;max-width:600px;margin-top:40px;margin-bottom:40px;padding:40px;background:#FFFFFF;color:#333333;box-shadow:0px 0px 15px #333333;text-align:center\">\n<h3>Vlastn\u00ed HTML obsah<\/h3>\n<p> Zde lze pou\u017e\u00edt libovoln\u00e9 <strong>HTML<\/strong> tagy. Jsou tak\u00e9 <span class=\"su-highlight\" style=\"background:#ddff99;color:#000000\">&nbsp;povoleny&nbsp;<\/span> i jin\u00e9 shortcody. <\/div>\n\n\n\n<p>A tady je z\u00e1pis:<\/p>\n\n\n\n<pre class=\"wp-block-code\"><code>&#091;su_lightbox type=\"inline\" src=\"#moje_okno\"]&lt;u>Tady to je uk\u00e1zka&lt;\/u>&#091;\/su_lightbox]&#091;su_lightbox_content id=\"moje_okno\" min_width=\"90%\"]&lt;h3>Vlastn\u00ed HTML obsah&lt;\/h3> Zde lze pou\u017e\u00edt libovoln\u00e9 &lt;strong>HTML&lt;\/strong>tagy. Jsou tak\u00e9 &#091;su_highlight]povoleny&#091;\/su_highlight] i jin\u00e9 shortcody. &#091;\/su_lightbox_content]<\/code><\/pre>\n\n\n\n<p>A tady je uk\u00e1zka o Liboci:<\/p>\n\n\n<span class=\"su-lightbox\" data-mfp-src=\"#moje_liboc\" data-mfp-type=\"inline\" data-mobile=\"yes\"> <u>Kliknut\u00edm sem otev\u0159ete lightbox s HTML obsahem o Liboci<\/u> <\/span>\n<div class=\"su-lightbox-content su-u-trim \" id=\"moje_liboc\" style=\"display:none;width:auto;min-width:90%;max-width:600px;margin-top:40px;margin-bottom:40px;padding:40px;background:#FFFFFF;color:#333333;box-shadow:0px 0px 15px #333333;text-align:center\">\n<p><img loading=\"lazy\" decoding=\"async\" border=\"0\" src=\"https:\/\/www.periferieprahy.cz\/blog\/wp-content\/uploads\/2024\/12\/pismo7_11.gif\" width=\"111\" height=\"137\" align=\"left\">ibock\u00fd,C\u00edsa\u0159sk\u00fd, Markitskej panskej rybn\u00edk nebo prost\u011b Libo\u010d\u00e1k. Pat\u0159\u00ed neodmysliteln\u011b ke koloritu Liboce. Bohu\u017eel i zde se projevuje dravost developer\u016f, kte\u0159\u00ed se za ka\u017edou cenu sna\u017e\u00ed obestav\u011bt rybn\u00edk sklobetonov\u00fdmi barabiznami. Asi se jim to povede, jak u\u017e to dnes b\u00fdv\u00e1. Vlastn\u00ed zisk a vlastn\u00ed prosp\u011bch je postaven nad obecn\u00e9 blaho, mor\u00e1lku a ve\u0159ejn\u00fd prosp\u011bch. Jako z jin\u00e9 planety zn\u00ed z\u00e1znam z kroniky:&nbsp;&nbsp; <font color=\"#000080\"><i>&quot;Okra\u0161lovac\u00ed spolek Zveleba libock\u00e1&quot;, pro Liboc a okol\u00ed&quot; jeho\u017e snahou jest zvelebov\u00e1n\u00ed obce a jej\u00edho okol\u00ed vysazov\u00e1n\u00edm stromov\u00ed a udr\u017eov\u00e1n\u00ed cest a jin\u00e9, zalo\u017een byl&#8230;14. dubna 99&#8230;Prvn\u00edm \u00fakolem spolku bylo z\u0159\u00edzen\u00ed koupadel na velk\u00e9m rybn\u00edce pod obc\u00ed&#8230;N\u00e1klad na l\u00e1zn\u011b &#8211; 6 kabin vy\u017eadoval 1200 zlat\u00fdch&#8230;<\/i><\/font> Kronika t\u00e9\u017e hovo\u0159\u00ed i o samotn\u00e9m rybn\u00edku: <font color=\"#000080\"><i>Samotn\u00fd rybn\u00edk &quot;C\u00edsa\u0159sk\u00fd&quot;, kter\u00fd ve star\u0161\u00edch dob\u00e1ch ji\u017e pat\u0159\u00edval kl\u00e1\u0161teru b\u0159evnovsk\u00e9mu rozporost\u00edr\u00e1 se na v\u00fdm\u011b\u0159e 3 hektar\u016f, 8 ar\u016f a 59 m<sup>2<\/sup><\/i><\/font> [t.j. 30850m<sup>2<\/sup>. dne\u0161n\u00ed rozloha je uv\u00e1d\u011bna 27 035 m<sup>2<\/sup> a objem n\u00e1dr\u017ee 44 933 m<sup>3<\/sup>] <i><font color=\"#000080\">a p\u0159ipom\u00edn\u00e1 se poprv\u00e9 r. 1437. Za opata P. Volfganga Selendera- Pro\u0161ovic povstala o rybn\u00edk r. 1603 soudn\u00ed rozep\u0159e, kter\u00e1 se vlekla a\u017e do r. 1872, kdy bylo rozhodnuto, \u017ee jeho voda pat\u0159\u00ed kr\u00e1l. hradu na Hrad\u010danech a ryby pak kl\u00e1\u0161teru b\u0159evnovsk\u00e9mu, s tou povinnost\u00ed rybn\u00edk \u0159\u00e1dn\u011b \u010distiti a hr\u00e1ze v dobr\u00e9m stavu udr\u017eovati&#8230;.P\u0159i\u010din\u011bn\u00edm Zvelebovac\u00edho spolku v Liboci nal\u00e9zaj\u00ed se na rybn\u00edku od r. 1901 &quot;Koupadla&quot;, kter\u00e1 jsou od r. 1903 obecn\u00edm majetkem. Cesta nad rybn\u00edkem k domku p. V\u00e1clava Kratiny \u010d.p. 111 vedouc\u00ed, naz\u00fdv\u00e1na byla v\u0161eobecn\u011b cestou &quot;Umrl\u010d\u00ed&quot;, je\u017eto tudy ub\u00edraly se pr\u016fvody poh\u0159ebn\u00ed na star\u00fd h\u0159bitov&#8230;.&nbsp; <\/font><\/i>[str. 28-30]\n<p>\n<\/div>\n\n\n\n<p>Takhle vypad\u00e1 z\u00e1pis:<\/p>\n\n\n\n<pre class=\"wp-block-code\"><code>&#091;su_lightbox type=\"inline\" src=\"#moje_liboc\"] &lt;u&gt;Kliknut\u00edm sem otev\u0159ete lightbox s HTML obsahem o Liboci&lt;\/u&gt; &#091;\/su_lightbox]\n\n&#091;su_lightbox_content id=\"moje_liboc\" min_width=\"90%\"]\n\n&lt;img border=\"0\" src=\"https:\/\/www.periferieprahy.cz\/blog\/wp-content\/uploads\/2024\/12\/pismo7_11.gif\" width=\"111\" height=\"137\" align=\"left\"&gt;ibock\u00fd,C\u00edsa\u0159sk\u00fd, Markitskej panskej rybn\u00edk nebo prost\u011b Libo\u010d\u00e1k. Pat\u0159\u00ed neodmysliteln\u011b ke koloritu Liboce. Bohu\u017eel i zde se projevuje dravost developer\u016f, kte\u0159\u00ed se za ka\u017edou cenu sna\u017e\u00ed obestav\u011bt rybn\u00edk sklobetonov\u00fdmi barabiznami. Asi se jim to povede, jak u\u017e to dnes b\u00fdv\u00e1. Vlastn\u00ed zisk a vlastn\u00ed prosp\u011bch je postaven nad obecn\u00e9 blaho, mor\u00e1lku a ve\u0159ejn\u00fd prosp\u011bch. Jako z jin\u00e9 planety zn\u00ed z\u00e1znam z kroniky:&amp;nbsp;&amp;nbsp; &lt;font color=\"#000080\"&gt;&lt;i&gt;&amp;quot;Okra\u0161lovac\u00ed spolek Zveleba libock\u00e1&amp;quot;, pro Liboc a okol\u00ed&amp;quot; jeho\u017e snahou jest zvelebov\u00e1n\u00ed obce a jej\u00edho okol\u00ed vysazov\u00e1n\u00edm stromov\u00ed a udr\u017eov\u00e1n\u00ed cest a jin\u00e9, zalo\u017een byl...14. dubna 99...Prvn\u00edm \u00fakolem spolku bylo z\u0159\u00edzen\u00ed koupadel na velk\u00e9m rybn\u00edce pod obc\u00ed...N\u00e1klad na l\u00e1zn\u011b - 6 kabin vy\u017eadoval 1200 zlat\u00fdch...&lt;\/i&gt;&lt;\/font&gt; Kronika t\u00e9\u017e hovo\u0159\u00ed i o samotn\u00e9m rybn\u00edku: &lt;font color=\"#000080\"&gt;&lt;i&gt;Samotn\u00fd rybn\u00edk &amp;quot;C\u00edsa\u0159sk\u00fd&amp;quot;, kter\u00fd ve star\u0161\u00edch dob\u00e1ch ji\u017e pat\u0159\u00edval kl\u00e1\u0161teru b\u0159evnovsk\u00e9mu rozporost\u00edr\u00e1 se na v\u00fdm\u011b\u0159e 3 hektar\u016f, 8 ar\u016f a 59 m&lt;sup&gt;2&lt;\/sup&gt;&lt;\/i&gt;&lt;\/font&gt; &#091;t.j. 30850m&lt;sup&gt;2&lt;\/sup&gt;. dne\u0161n\u00ed rozloha je uv\u00e1d\u011bna 27 035 m&lt;sup&gt;2&lt;\/sup&gt; a objem n\u00e1dr\u017ee 44 933 m&lt;sup&gt;3&lt;\/sup&gt;] &lt;i&gt;&lt;font color=\"#000080\"&gt;a p\u0159ipom\u00edn\u00e1 se poprv\u00e9 r. 1437. Za opata P. Volfganga Selendera- Pro\u0161ovic povstala o rybn\u00edk r. 1603 soudn\u00ed rozep\u0159e, kter\u00e1 se vlekla a\u017e do r. 1872, kdy bylo rozhodnuto, \u017ee jeho voda pat\u0159\u00ed kr\u00e1l. hradu na Hrad\u010danech a ryby pak kl\u00e1\u0161teru b\u0159evnovsk\u00e9mu, s tou povinnost\u00ed rybn\u00edk \u0159\u00e1dn\u011b \u010distiti a hr\u00e1ze v dobr\u00e9m stavu udr\u017eovati....P\u0159i\u010din\u011bn\u00edm Zvelebovac\u00edho spolku v Liboci nal\u00e9zaj\u00ed se na rybn\u00edku od r. 1901 &amp;quot;Koupadla&amp;quot;, kter\u00e1 jsou od r. 1903 obecn\u00edm majetkem. Cesta nad rybn\u00edkem k domku p. V\u00e1clava Kratiny \u010d.p. 111 vedouc\u00ed, naz\u00fdv\u00e1na byla v\u0161eobecn\u011b cestou &amp;quot;Umrl\u010d\u00ed&amp;quot;, je\u017eto tudy ub\u00edraly se pr\u016fvody poh\u0159ebn\u00ed na star\u00fd h\u0159bitov....&amp;nbsp; &lt;\/font&gt;&lt;\/i&gt;&#091;str. 28-30]&lt;p&gt;\n&#091;\/su_lightbox_content]<\/code><\/pre>\n\n\n\n<p><\/p>\n","protected":false},"excerpt":{"rendered":"<p>Tyto kr\u00e1tk\u00e9 k\u00f3dy\u00a0se pou\u017e\u00edvaj\u00ed k zobrazen\u00ed r\u016fzn\u00fdch prvk\u016f ve vyskakovac\u00edm okn\u011b &#8211; lightbox. M\u016f\u017eete zobrazit obr\u00e1zek, video, webovou str\u00e1nku nebo jak\u00fdkoli HTML obsah.<\/p>\n","protected":false},"author":1,"featured_media":5286,"comment_status":"open","ping_status":"open","sticky":false,"template":"","format":"standard","meta":{"_exactmetrics_skip_tracking":false,"_exactmetrics_sitenote_active":false,"_exactmetrics_sitenote_note":"","_exactmetrics_sitenote_category":0,"footnotes":""},"categories":[15],"tags":[],"post_folder":[],"class_list":["post-5230","post","type-post","status-publish","format-standard","has-post-thumbnail","hentry","category-pozn"],"_links":{"self":[{"href":"https:\/\/www.periferieprahy.cz\/blog\/wp-json\/wp\/v2\/posts\/5230","targetHints":{"allow":["GET"]}}],"collection":[{"href":"https:\/\/www.periferieprahy.cz\/blog\/wp-json\/wp\/v2\/posts"}],"about":[{"href":"https:\/\/www.periferieprahy.cz\/blog\/wp-json\/wp\/v2\/types\/post"}],"author":[{"embeddable":true,"href":"https:\/\/www.periferieprahy.cz\/blog\/wp-json\/wp\/v2\/users\/1"}],"replies":[{"embeddable":true,"href":"https:\/\/www.periferieprahy.cz\/blog\/wp-json\/wp\/v2\/comments?post=5230"}],"version-history":[{"count":39,"href":"https:\/\/www.periferieprahy.cz\/blog\/wp-json\/wp\/v2\/posts\/5230\/revisions"}],"predecessor-version":[{"id":5290,"href":"https:\/\/www.periferieprahy.cz\/blog\/wp-json\/wp\/v2\/posts\/5230\/revisions\/5290"}],"wp:featuredmedia":[{"embeddable":true,"href":"https:\/\/www.periferieprahy.cz\/blog\/wp-json\/wp\/v2\/media\/5286"}],"wp:attachment":[{"href":"https:\/\/www.periferieprahy.cz\/blog\/wp-json\/wp\/v2\/media?parent=5230"}],"wp:term":[{"taxonomy":"category","embeddable":true,"href":"https:\/\/www.periferieprahy.cz\/blog\/wp-json\/wp\/v2\/categories?post=5230"},{"taxonomy":"post_tag","embeddable":true,"href":"https:\/\/www.periferieprahy.cz\/blog\/wp-json\/wp\/v2\/tags?post=5230"},{"taxonomy":"post_folder","embeddable":true,"href":"https:\/\/www.periferieprahy.cz\/blog\/wp-json\/wp\/v2\/post_folder?post=5230"}],"curies":[{"name":"wp","href":"https:\/\/api.w.org\/{rel}","templated":true}]}}