{"id":526,"date":"2025-01-10T22:19:23","date_gmt":"2025-01-10T21:19:23","guid":{"rendered":"https:\/\/www.periferieprahy.cz\/blog\/?p=526"},"modified":"2025-06-08T07:39:54","modified_gmt":"2025-06-08T05:39:54","slug":"c-p-1-a-86-obora-hvezda","status":"publish","type":"post","link":"https:\/\/www.periferieprahy.cz\/blog\/2025\/01\/10\/c-p-1-a-86-obora-hvezda\/","title":{"rendered":"\u010c.p. 1 a 86 obora Hv\u011bzda"},"content":{"rendered":"<ul>\n<li><a href=\"#cp1\"><span style=\"vertical-align: inherit;\"><span style=\"vertical-align: inherit;\"><span style=\"vertical-align: inherit;\"><span style=\"vertical-align: inherit;\"><span style=\"vertical-align: inherit;\"><span style=\"vertical-align: inherit;\"><span style=\"vertical-align: inherit;\"><span style=\"vertical-align: inherit;\">Spr\u00e1vce obory, R\u00f6dlova restaurace<\/span><\/span><\/span><\/span><\/span><\/span><\/span><\/span><\/a><\/li>\n<li><a href=\"#letohr\"><span style=\"vertical-align: inherit;\"><span style=\"vertical-align: inherit;\"><span style=\"vertical-align: inherit;\"><span style=\"vertical-align: inherit;\"><span style=\"vertical-align: inherit;\"><span style=\"vertical-align: inherit;\"><span style=\"vertical-align: inherit;\"><span style=\"vertical-align: inherit;\">Letohr\u00e1dek Hv\u011bzda<\/span><\/span><\/span><\/span><\/span><\/span><\/span><\/span><\/a><\/li>\n<li><a href=\"#cp86\"><span style=\"vertical-align: inherit;\"><span style=\"vertical-align: inherit;\"><span style=\"vertical-align: inherit;\"><span style=\"vertical-align: inherit;\"><span style=\"vertical-align: inherit;\"><span style=\"vertical-align: inherit;\"><span style=\"vertical-align: inherit;\"><span style=\"vertical-align: inherit;\">H\u00e1jenka, c\u00edsa\u0159sk\u00e1 kuchyn\u011b<\/span><\/span><\/span><\/span><\/span><\/span><\/span><\/span><\/a><\/li>\n<li><a href=\"#altanek\"><span style=\"vertical-align: inherit;\">Alt\u00e1nek<\/span><\/a><\/li>\n<li><a href=\"#brany\">Br\u00e1ny a oplocen\u00ed<\/a><\/li>\n<li><a href=\"#voda\"><span style=\"vertical-align: inherit;\"><span style=\"vertical-align: inherit;\"><span style=\"vertical-align: inherit;\"><span style=\"vertical-align: inherit;\"><span style=\"vertical-align: inherit;\"><span style=\"vertical-align: inherit;\"><span style=\"vertical-align: inherit;\"><span style=\"vertical-align: inherit;\">Mok\u0159ady a voda<\/span><\/span><\/span><\/span><\/span><\/span><\/span><\/span><\/a><\/li>\n<li><a href=\"#lomy\">P\u00edskovcov\u00e9 sk\u00e1ly a lomy<\/a><\/li>\n<li><a href=\"#bitva\">Smutn\u00e9 m\u00edsto na\u0161\u00ed historie<\/a><\/li>\n<\/ul>\n\n\n<img loading=\"lazy\" decoding=\"async\" border=\"0\" src=\"https:\/\/www.periferieprahy.cz\/blog\/wp-content\/uploads\/2024\/12\/pismo7_14.gif\" width=\"114\" height=\"133\" align=\"left\">bora \n\t\t\tHv\u011bzda se stejnojmenn\u00fdm letohr\u00e1dkem pat\u0159\u00ed k nejv\u011bt\u0161\u00edm \n\t\t\tpozoruhodnostem v Liboci. Ps\u00e1t zde rozs\u00e1hl\u00e9 pojedn\u00e1n\u00ed o letohr\u00e1dku a \n\t\t\tobo\u0159e by bylo zbyte\u010dn\u00e9. Velmi p\u011bkn\u011b je to ud\u011bl\u00e1no na m\u00edstopisn\u00fdch str\u00e1nk\u00e1ch\n\t\t\t<a target=\"_blank\" href=\"http:\/\/www.mistopis.eu\/mistopiscr\/praha\/praha6\/hvezda.htm\">\n\t\t\tm\u00edstopisn\u00fdch str\u00e1nk\u00e1ch<\/a>. Tak\u017ee zde jen n\u011bkolik v\u011bt z libock\u00e9 \n\t\t\tkroniky: <font color=\"\"><i>Jenom na str\u00e1ni B\u011blohorsk\u00e9 d\u011bdiny \n\t\t\tMotola na ji\u017en\u00ed stran\u011b se klon\u00edc\u00ed, zachoval se h\u00e1j, kter\u00fd na \n\t\t\tpo\u010d\u00e1tku 15. stolet\u00ed pat\u0159il starom\u011bstsk\u00e9mu m\u011b\u0161\u0165anu N\u00e1zovi a pozd\u011bji \n\t\t\tpak jeho rodin\u011b. Ale ji\u017e roku 1485 i na h\u00e1j N\u00e1zovsk\u00fd do\u0161lo, an byl \n\t\t\tpod ro\u010dn\u00ed plat ku \u0161t\u011bpen\u00ed vinic vys\u00e1zen. N\u011bkter\u00e9 vinice a chmelnice \n\t\t\ttyto n\u00e1le\u017eely m\u011b\u0161\u0165an\u016fm pra\u017esk\u00fdm, ale nejv\u011br\u0161\u00ed \u010d\u00e1st jich byla \n\t\t\tmajetkem kl\u00e1\u0161tera b\u0159evnovsk\u00e9ho, od kter\u00e9ho\u017e to kr\u00e1l Ferdinand na \n\t\t\tvyso\u010din\u011b b\u011blohorsk\u00e9 ony pozemky r.1534 zakoupil, aby nnnna nich \n\t\t\tnovou kr\u00e1lovskou oboru zalo\u017eil. Zakr\u00e1tko nato chovalo se v nov\u00e9 \n\t\t\tobo\u0159e takov\u00e9 mno\u017estv\u00ed vysok\u00e9 i n\u00edzk\u00e9 zv\u011b\u0159e, \u017ee obora musela b\u00fdti \n\t\t\troku 1541 obehn\u00e1na vysokou zd\u00ed -plotem &#8211; d\u0159ev\u011bn\u00fdm 2 s\u00e1hy vysok\u00fdm, \n\t\t\taby zv\u011b\u0159 odtud do okol\u00ed se z n\u00ed nerozb\u00edhala. <\/i><\/font>\n\n\n\n<h2 class=\"wp-block-heading\" id=\"cp1\">\u010c. p. 1 D\u016fm spr\u00e1vce obory &#8211; oborn\u00edka a <strong>R\u00f6dlova restaurace &#8222;Hv\u011bzda&#8220;<\/strong><\/h2>\n\n\n<p>Vejdete li do obory vchodem z Libock\u00e9 ulice, hned po prav\u00e9 stran\u011b je budova, kde s\u00eddlil spr\u00e1vce obory &#8211; oborn\u00edk. D\u016fm byl z\u0159ejm\u011b postaven ve stejn\u00e9 dob\u011b jako letohr\u00e1dek v renesan\u010dn\u00edm slohu, v 18. stolet\u00ed byl p\u0159estav\u011bn do dne\u0161n\u00ed klasicistn\u00ed podoby. V dom\u011b byla provozov\u00e1na t\u00e9\u017e restaurace. Podle dobov\u00fdch pohlednic z p\u0159elomu 19. a 20 stolet\u00ed ji provozoval pan Karel R\u00f6dl. V l\u00e9t\u011b slou\u017eila jako zahradn\u00ed restaurace. Stolky byly um\u00edst\u011bny p\u0159ibli\u017en\u011b v m\u00edst\u011b, kde je dnes socha Jana Roh\u00e1\u010de z Dub\u00e9.<\/p>\n\n\n<div class=\"wp-block-columns is-layout-flex wp-container-core-columns-is-layout-9d6595d7 wp-block-columns-is-layout-flex\">\n<div class=\"wp-block-column is-layout-flow wp-block-column-is-layout-flow\">\n<figure class=\"wp-block-image size-large is-resized\"><img loading=\"lazy\" decoding=\"async\" width=\"1024\" height=\"444\" src=\"https:\/\/www.periferieprahy.cz\/blog\/wp-content\/uploads\/2025\/01\/1_A_Pucherna_1820-1024x444.jpg\" alt=\"\" class=\"wp-image-542\" style=\"width:738px;height:auto\" srcset=\"https:\/\/www.periferieprahy.cz\/blog\/wp-content\/uploads\/2025\/01\/1_A_Pucherna_1820-1024x444.jpg 1024w, https:\/\/www.periferieprahy.cz\/blog\/wp-content\/uploads\/2025\/01\/1_A_Pucherna_1820-300x130.jpg 300w, https:\/\/www.periferieprahy.cz\/blog\/wp-content\/uploads\/2025\/01\/1_A_Pucherna_1820-768x333.jpg 768w, https:\/\/www.periferieprahy.cz\/blog\/wp-content\/uploads\/2025\/01\/1_A_Pucherna_1820.jpg 1401w\" sizes=\"auto, (max-width: 1024px) 100vw, 1024px\" \/><figcaption class=\"wp-element-caption\">D\u016fm spr\u00e1vce obory &#8211; oborn\u00edka s \u010d. p. 1, na obraze Anton\u00edna Pucherny kolem roku 1820<\/figcaption><\/figure>\n<\/div>\n\n\n\n<div class=\"wp-block-column is-layout-flow wp-block-column-is-layout-flow\"><div class=\"su-image-carousel  su-image-carousel-has-spacing su-image-carousel-crop su-image-carousel-crop-1-1 su-image-carousel-has-lightbox su-image-carousel-has-outline su-image-carousel-adaptive su-image-carousel-slides-style-default su-image-carousel-controls-style-dark su-image-carousel-align-center\" style=\"max-width:800px\" data-flickity-options='{\"groupCells\":true,\"cellSelector\":\".su-image-carousel-item\",\"adaptiveHeight\":false,\"cellAlign\":\"left\",\"prevNextButtons\":true,\"pageDots\":true,\"autoPlay\":5000,\"imagesLoaded\":true,\"contain\":true,\"selectedAttraction\":0.025000000000000001387778780781445675529539585113525390625,\"friction\":0.2800000000000000266453525910037569701671600341796875}' id=\"su_image_carousel_69f369c38e061\"><div class=\"su-image-carousel-item\"><div class=\"su-image-carousel-item-content\"><a href=\"https:\/\/www.periferieprahy.cz\/blog\/wp-content\/uploads\/2025\/01\/cp1_6.jpg\" data-caption=\"D\u016fm spr\u00e1vce obory \u2013 oborn\u00edka v roce 2011.\"><img loading=\"lazy\" decoding=\"async\" width=\"1600\" height=\"1200\" src=\"https:\/\/www.periferieprahy.cz\/blog\/wp-content\/uploads\/2025\/01\/cp1_6.jpg\" class=\"\" alt=\"\" srcset=\"https:\/\/www.periferieprahy.cz\/blog\/wp-content\/uploads\/2025\/01\/cp1_6.jpg 1600w, https:\/\/www.periferieprahy.cz\/blog\/wp-content\/uploads\/2025\/01\/cp1_6-300x225.jpg 300w, https:\/\/www.periferieprahy.cz\/blog\/wp-content\/uploads\/2025\/01\/cp1_6-1024x768.jpg 1024w, https:\/\/www.periferieprahy.cz\/blog\/wp-content\/uploads\/2025\/01\/cp1_6-768x576.jpg 768w, https:\/\/www.periferieprahy.cz\/blog\/wp-content\/uploads\/2025\/01\/cp1_6-1536x1152.jpg 1536w\" sizes=\"auto, (max-width: 1600px) 100vw, 1600px\" \/><span>D\u016fm spr\u00e1vce obory \u2013 oborn\u00edka v roce 2011.<\/span><\/a><\/div><\/div><div class=\"su-image-carousel-item\"><div class=\"su-image-carousel-item-content\"><a href=\"https:\/\/www.periferieprahy.cz\/blog\/wp-content\/uploads\/2025\/01\/9.jpg\" data-caption=\"D\u016fm spr\u00e1vce obory - oborn\u00edka v roce 2011. Foto t\u00e9m\u011b\u0159 ze stejn\u00e9ho m\u00edsta jako na Puchernov\u011b obr\u00e1zku. Jen to vesel\u00ed tam chyb\u00ed.\"><img loading=\"lazy\" decoding=\"async\" width=\"1600\" height=\"1200\" src=\"https:\/\/www.periferieprahy.cz\/blog\/wp-content\/uploads\/2025\/01\/9.jpg\" class=\"\" alt=\"\" srcset=\"https:\/\/www.periferieprahy.cz\/blog\/wp-content\/uploads\/2025\/01\/9.jpg 1600w, https:\/\/www.periferieprahy.cz\/blog\/wp-content\/uploads\/2025\/01\/9-300x225.jpg 300w, https:\/\/www.periferieprahy.cz\/blog\/wp-content\/uploads\/2025\/01\/9-1024x768.jpg 1024w, https:\/\/www.periferieprahy.cz\/blog\/wp-content\/uploads\/2025\/01\/9-768x576.jpg 768w, https:\/\/www.periferieprahy.cz\/blog\/wp-content\/uploads\/2025\/01\/9-1536x1152.jpg 1536w\" sizes=\"auto, (max-width: 1600px) 100vw, 1600px\" \/><span>D\u016fm spr\u00e1vce obory - oborn\u00edka v roce 2011. Foto t\u00e9m\u011b\u0159 ze stejn\u00e9ho m\u00edsta jako na Puchernov\u011b obr\u00e1zku. Jen to vesel\u00ed tam chyb\u00ed.<\/span><\/a><\/div><\/div><div class=\"su-image-carousel-item\"><div class=\"su-image-carousel-item-content\"><a href=\"https:\/\/www.periferieprahy.cz\/blog\/wp-content\/uploads\/2025\/01\/cp1_2.jpg\" data-caption=\"Posezen\u00ed v zahradn\u00ed restauraci v m\u00edstech dne\u0161n\u00ed sochy Jana Roh\u00e1\u010de z Dub\u00e9.\"><img loading=\"lazy\" decoding=\"async\" width=\"1024\" height=\"663\" src=\"https:\/\/www.periferieprahy.cz\/blog\/wp-content\/uploads\/2025\/01\/cp1_2.jpg\" class=\"\" alt=\"\" srcset=\"https:\/\/www.periferieprahy.cz\/blog\/wp-content\/uploads\/2025\/01\/cp1_2.jpg 1024w, https:\/\/www.periferieprahy.cz\/blog\/wp-content\/uploads\/2025\/01\/cp1_2-300x194.jpg 300w, https:\/\/www.periferieprahy.cz\/blog\/wp-content\/uploads\/2025\/01\/cp1_2-768x497.jpg 768w\" sizes=\"auto, (max-width: 1024px) 100vw, 1024px\" \/><span>Posezen\u00ed v zahradn\u00ed restauraci v m\u00edstech dne\u0161n\u00ed sochy Jana Roh\u00e1\u010de z Dub\u00e9.<\/span><\/a><\/div><\/div><div class=\"su-image-carousel-item\"><div class=\"su-image-carousel-item-content\"><a href=\"https:\/\/www.periferieprahy.cz\/blog\/wp-content\/uploads\/2025\/01\/cp1_1.jpg\" data-caption=\"Titulek z pohlednice: Restaurace ve Hv\u011bzd\u011b.\"><img loading=\"lazy\" decoding=\"async\" width=\"824\" height=\"535\" src=\"https:\/\/www.periferieprahy.cz\/blog\/wp-content\/uploads\/2025\/01\/cp1_1.jpg\" class=\"\" alt=\"\" srcset=\"https:\/\/www.periferieprahy.cz\/blog\/wp-content\/uploads\/2025\/01\/cp1_1.jpg 824w, https:\/\/www.periferieprahy.cz\/blog\/wp-content\/uploads\/2025\/01\/cp1_1-300x195.jpg 300w, https:\/\/www.periferieprahy.cz\/blog\/wp-content\/uploads\/2025\/01\/cp1_1-768x499.jpg 768w\" sizes=\"auto, (max-width: 824px) 100vw, 824px\" \/><span>Titulek z pohlednice: Restaurace ve Hv\u011bzd\u011b.<\/span><\/a><\/div><\/div><div class=\"su-image-carousel-item\"><div class=\"su-image-carousel-item-content\"><a href=\"https:\/\/www.periferieprahy.cz\/blog\/wp-content\/uploads\/2025\/01\/cp1_4.jpg\" data-caption=\"Tady jsou restaura\u010dn\u00ed stolky p\u0159\u00edmo p\u0159ed budovou\"><img loading=\"lazy\" decoding=\"async\" width=\"1024\" height=\"652\" src=\"https:\/\/www.periferieprahy.cz\/blog\/wp-content\/uploads\/2025\/01\/cp1_4.jpg\" class=\"\" alt=\"\" srcset=\"https:\/\/www.periferieprahy.cz\/blog\/wp-content\/uploads\/2025\/01\/cp1_4.jpg 1024w, https:\/\/www.periferieprahy.cz\/blog\/wp-content\/uploads\/2025\/01\/cp1_4-300x191.jpg 300w, https:\/\/www.periferieprahy.cz\/blog\/wp-content\/uploads\/2025\/01\/cp1_4-768x489.jpg 768w\" sizes=\"auto, (max-width: 1024px) 100vw, 1024px\" \/><span>Tady jsou restaura\u010dn\u00ed stolky p\u0159\u00edmo p\u0159ed budovou<\/span><\/a><\/div><\/div><div class=\"su-image-carousel-item\"><div class=\"su-image-carousel-item-content\"><a href=\"https:\/\/www.periferieprahy.cz\/blog\/wp-content\/uploads\/2025\/01\/cp1_3.jpg\" data-caption=\"Na dal\u0161\u00edm sn\u00edmku je stejn\u00e1, ale v\u011bt\u0161\u00ed fotografie z fondu AHMP, jako ta horn\u00ed vlevo.\"><img loading=\"lazy\" decoding=\"async\" width=\"1024\" height=\"669\" src=\"https:\/\/www.periferieprahy.cz\/blog\/wp-content\/uploads\/2025\/01\/cp1_3.jpg\" class=\"\" alt=\"\" srcset=\"https:\/\/www.periferieprahy.cz\/blog\/wp-content\/uploads\/2025\/01\/cp1_3.jpg 1024w, https:\/\/www.periferieprahy.cz\/blog\/wp-content\/uploads\/2025\/01\/cp1_3-300x196.jpg 300w, https:\/\/www.periferieprahy.cz\/blog\/wp-content\/uploads\/2025\/01\/cp1_3-768x502.jpg 768w\" sizes=\"auto, (max-width: 1024px) 100vw, 1024px\" \/><span>Na dal\u0161\u00edm sn\u00edmku je stejn\u00e1, ale v\u011bt\u0161\u00ed fotografie z fondu AHMP, jako ta horn\u00ed vlevo.<\/span><\/a><\/div><\/div><div class=\"su-image-carousel-item\"><div class=\"su-image-carousel-item-content\"><a href=\"https:\/\/www.periferieprahy.cz\/blog\/wp-content\/uploads\/2025\/01\/cp1_8.jpg\" data-caption=\"Tady jsou vid\u011bt stolky v m\u00edst\u011b kde je dnes socha Jana Roh\u00e1\u010de z Dub\u00e9.  V\u0161imn\u011bte si, \u017ee \u00fapln\u011b vpravo je jak\u00fdsi alt\u00e1n, z\u0159ejm\u011b tan\u010d\u00edrna.\"><img loading=\"lazy\" decoding=\"async\" width=\"1020\" height=\"694\" src=\"https:\/\/www.periferieprahy.cz\/blog\/wp-content\/uploads\/2025\/01\/cp1_8.jpg\" class=\"\" alt=\"\" srcset=\"https:\/\/www.periferieprahy.cz\/blog\/wp-content\/uploads\/2025\/01\/cp1_8.jpg 1020w, https:\/\/www.periferieprahy.cz\/blog\/wp-content\/uploads\/2025\/01\/cp1_8-300x204.jpg 300w, https:\/\/www.periferieprahy.cz\/blog\/wp-content\/uploads\/2025\/01\/cp1_8-768x523.jpg 768w\" sizes=\"auto, (max-width: 1020px) 100vw, 1020px\" \/><span>Tady jsou vid\u011bt stolky v m\u00edst\u011b kde je dnes socha Jana Roh\u00e1\u010de z Dub\u00e9.  V\u0161imn\u011bte si, \u017ee \u00fapln\u011b vpravo je jak\u00fdsi alt\u00e1n, z\u0159ejm\u011b tan\u010d\u00edrna.<\/span><\/a><\/div><\/div><div class=\"su-image-carousel-item\"><div class=\"su-image-carousel-item-content\"><a href=\"https:\/\/www.periferieprahy.cz\/blog\/wp-content\/uploads\/2025\/01\/cp1_5.jpg\" data-caption=\"I na t\u00e9to pohlednice se uprost\u0159ed za stromy r\u00fdsuje stavba jak\u00e9hosi alt\u00e1nu, mo\u017en\u00e1 tan\u010d\u00edrny.\"><img loading=\"lazy\" decoding=\"async\" width=\"640\" height=\"401\" src=\"https:\/\/www.periferieprahy.cz\/blog\/wp-content\/uploads\/2025\/01\/cp1_5.jpg\" class=\"\" alt=\"\" srcset=\"https:\/\/www.periferieprahy.cz\/blog\/wp-content\/uploads\/2025\/01\/cp1_5.jpg 640w, https:\/\/www.periferieprahy.cz\/blog\/wp-content\/uploads\/2025\/01\/cp1_5-300x188.jpg 300w\" sizes=\"auto, (max-width: 640px) 100vw, 640px\" \/><span>I na t\u00e9to pohlednice se uprost\u0159ed za stromy r\u00fdsuje stavba jak\u00e9hosi alt\u00e1nu, mo\u017en\u00e1 tan\u010d\u00edrny.<\/span><\/a><\/div><\/div><\/div><script id=\"su_image_carousel_69f369c38e061_script\">if(window.SUImageCarousel){setTimeout(function() {window.SUImageCarousel.initGallery(document.getElementById(\"su_image_carousel_69f369c38e061\"))}, 0);}var su_image_carousel_69f369c38e061_script=document.getElementById(\"su_image_carousel_69f369c38e061_script\");if(su_image_carousel_69f369c38e061_script){su_image_carousel_69f369c38e061_script.parentNode.removeChild(su_image_carousel_69f369c38e061_script);}<\/script>\n<\/div>\n<\/div>\n\n\n<div class=\"wp-block-image\">\n<figure class=\"aligncenter size-large is-resized\"><img loading=\"lazy\" decoding=\"async\" width=\"768\" height=\"1024\" src=\"https:\/\/www.periferieprahy.cz\/blog\/wp-content\/uploads\/2025\/01\/cp1_7-768x1024.jpg\" alt=\"\" class=\"wp-image-540\" style=\"width:271px;height:auto\" srcset=\"https:\/\/www.periferieprahy.cz\/blog\/wp-content\/uploads\/2025\/01\/cp1_7-768x1024.jpg 768w, https:\/\/www.periferieprahy.cz\/blog\/wp-content\/uploads\/2025\/01\/cp1_7-225x300.jpg 225w, https:\/\/www.periferieprahy.cz\/blog\/wp-content\/uploads\/2025\/01\/cp1_7-1152x1536.jpg 1152w, https:\/\/www.periferieprahy.cz\/blog\/wp-content\/uploads\/2025\/01\/cp1_7.jpg 1200w\" sizes=\"auto, (max-width: 768px) 100vw, 768px\" \/><figcaption class=\"wp-element-caption\">Socha Jana Roh\u00e1\u010de z Dub\u00e9 stoj\u00ed naproti domu spr\u00e1vce obory<\/figcaption><\/figure>\n<\/div>\n\n\n<h2 class=\"wp-block-heading\" id=\"letohr\">Letohr\u00e1dek Hv\u011bzda ve fotografii<\/h2>\n\n\n\n<p>Letohr\u00e1dek Hv\u011bzda byl postaven v letech&nbsp;1555&nbsp;a\u017e&nbsp;1556&nbsp;rakousk\u00fdm arciv\u00e9vodou&nbsp;Ferdinandem Tyrolsk\u00fdm, m\u00edstodr\u017e\u00edc\u00edm&nbsp;v \u010cech\u00e1ch. Ferdinand Tyrolsk\u00fd s\u00e1m polo\u017eil&nbsp;z\u00e1kladn\u00ed k\u00e1men&nbsp;k letohr\u00e1dku&nbsp;27. \u010dervna&nbsp;1555.&nbsp;<\/p>\n\n\n<div class=\"su-image-carousel  su-image-carousel-has-spacing su-image-carousel-crop su-image-carousel-crop-1-1 su-image-carousel-has-lightbox su-image-carousel-has-outline su-image-carousel-adaptive su-image-carousel-slides-style-default su-image-carousel-controls-style-dark su-image-carousel-align-center\" style=\"max-width:800px\" data-flickity-options='{\"groupCells\":true,\"cellSelector\":\".su-image-carousel-item\",\"adaptiveHeight\":false,\"cellAlign\":\"left\",\"prevNextButtons\":true,\"pageDots\":true,\"autoPlay\":8000,\"imagesLoaded\":true,\"contain\":true,\"selectedAttraction\":0.025000000000000001387778780781445675529539585113525390625,\"friction\":0.2800000000000000266453525910037569701671600341796875}' id=\"su_image_carousel_69f369c3908df\"><div class=\"su-image-carousel-item\"><div class=\"su-image-carousel-item-content\"><a href=\"https:\/\/www.periferieprahy.cz\/blog\/wp-content\/uploads\/2025\/01\/2.jpg\" data-caption=\"Takto vypadal letohr\u00e1dek je\u0161t\u011b s barokn\u00ed st\u0159echou. Dole, pod letohr\u00e1dkem je zachycen objekt dnes ji\u017e neexistuj\u00edc\u00ed m\u00ed\u010dovny.\"><img loading=\"lazy\" decoding=\"async\" width=\"872\" height=\"1186\" src=\"https:\/\/www.periferieprahy.cz\/blog\/wp-content\/uploads\/2025\/01\/2.jpg\" class=\"\" alt=\"\" srcset=\"https:\/\/www.periferieprahy.cz\/blog\/wp-content\/uploads\/2025\/01\/2.jpg 872w, https:\/\/www.periferieprahy.cz\/blog\/wp-content\/uploads\/2025\/01\/2-221x300.jpg 221w, https:\/\/www.periferieprahy.cz\/blog\/wp-content\/uploads\/2025\/01\/2-753x1024.jpg 753w, https:\/\/www.periferieprahy.cz\/blog\/wp-content\/uploads\/2025\/01\/2-768x1045.jpg 768w\" sizes=\"auto, (max-width: 872px) 100vw, 872px\" \/><span>Takto vypadal letohr\u00e1dek je\u0161t\u011b s barokn\u00ed st\u0159echou. Dole, pod letohr\u00e1dkem je zachycen objekt dnes ji\u017e neexistuj\u00edc\u00ed m\u00ed\u010dovny.<\/span><\/a><\/div><\/div><div class=\"su-image-carousel-item\"><div class=\"su-image-carousel-item-content\"><a href=\"https:\/\/www.periferieprahy.cz\/blog\/wp-content\/uploads\/2025\/01\/20.jpg\" data-caption=\"\"><img loading=\"lazy\" decoding=\"async\" width=\"1600\" height=\"1200\" src=\"https:\/\/www.periferieprahy.cz\/blog\/wp-content\/uploads\/2025\/01\/20.jpg\" class=\"\" alt=\"\" srcset=\"https:\/\/www.periferieprahy.cz\/blog\/wp-content\/uploads\/2025\/01\/20.jpg 1600w, https:\/\/www.periferieprahy.cz\/blog\/wp-content\/uploads\/2025\/01\/20-300x225.jpg 300w, https:\/\/www.periferieprahy.cz\/blog\/wp-content\/uploads\/2025\/01\/20-1024x768.jpg 1024w, https:\/\/www.periferieprahy.cz\/blog\/wp-content\/uploads\/2025\/01\/20-768x576.jpg 768w, https:\/\/www.periferieprahy.cz\/blog\/wp-content\/uploads\/2025\/01\/20-1536x1152.jpg 1536w\" sizes=\"auto, (max-width: 1600px) 100vw, 1600px\" \/><span><\/span><\/a><\/div><\/div><div class=\"su-image-carousel-item\"><div class=\"su-image-carousel-item-content\"><a href=\"https:\/\/www.periferieprahy.cz\/blog\/wp-content\/uploads\/2025\/01\/obr3_3a.gif\" data-caption=\"Ob\u011b fotografie jsou po\u0159\u00edzeny p\u0159ibli\u017en\u011b ze stejn\u00e9ho m\u00edsta. Jen je odd\u011bluje zhruba 100let. K\u0159i\u017eovatka ulic U Silnice, \u0160potzova, U Prioru, Litovick\u00e1\"><img loading=\"lazy\" decoding=\"async\" width=\"402\" height=\"640\" src=\"https:\/\/www.periferieprahy.cz\/blog\/wp-content\/uploads\/2025\/01\/obr3_3a.gif\" class=\"\" alt=\"\" \/><span>Ob\u011b fotografie jsou po\u0159\u00edzeny p\u0159ibli\u017en\u011b ze stejn\u00e9ho m\u00edsta. Jen je odd\u011bluje zhruba 100let. K\u0159i\u017eovatka ulic U Silnice, \u0160potzova, U Prioru, Litovick\u00e1<\/span><\/a><\/div><\/div><div class=\"su-image-carousel-item\"><div class=\"su-image-carousel-item-content\"><a href=\"https:\/\/www.periferieprahy.cz\/blog\/wp-content\/uploads\/2025\/01\/5.jpg\" data-caption=\"\"><img loading=\"lazy\" decoding=\"async\" width=\"1024\" height=\"659\" src=\"https:\/\/www.periferieprahy.cz\/blog\/wp-content\/uploads\/2025\/01\/5.jpg\" class=\"\" alt=\"\" srcset=\"https:\/\/www.periferieprahy.cz\/blog\/wp-content\/uploads\/2025\/01\/5.jpg 1024w, https:\/\/www.periferieprahy.cz\/blog\/wp-content\/uploads\/2025\/01\/5-300x193.jpg 300w, https:\/\/www.periferieprahy.cz\/blog\/wp-content\/uploads\/2025\/01\/5-768x494.jpg 768w\" sizes=\"auto, (max-width: 1024px) 100vw, 1024px\" \/><span><\/span><\/a><\/div><\/div><div class=\"su-image-carousel-item\"><div class=\"su-image-carousel-item-content\"><a href=\"https:\/\/www.periferieprahy.cz\/blog\/wp-content\/uploads\/2025\/01\/7a.jpg\" data-caption=\"V doln\u00ed \u010d\u00e1sti sn\u00edmku je patrn\u00e9, kde st\u00e1vala tzv. M\u00ed\u010dovna a kde m\u011bla b\u00fdt i okrasn\u00e1 zahrada.\"><img loading=\"lazy\" decoding=\"async\" width=\"1242\" height=\"811\" src=\"https:\/\/www.periferieprahy.cz\/blog\/wp-content\/uploads\/2025\/01\/7a.jpg\" class=\"\" alt=\"\" srcset=\"https:\/\/www.periferieprahy.cz\/blog\/wp-content\/uploads\/2025\/01\/7a.jpg 1242w, https:\/\/www.periferieprahy.cz\/blog\/wp-content\/uploads\/2025\/01\/7a-300x196.jpg 300w, https:\/\/www.periferieprahy.cz\/blog\/wp-content\/uploads\/2025\/01\/7a-1024x669.jpg 1024w, https:\/\/www.periferieprahy.cz\/blog\/wp-content\/uploads\/2025\/01\/7a-768x501.jpg 768w\" sizes=\"auto, (max-width: 1242px) 100vw, 1242px\" \/><span>V doln\u00ed \u010d\u00e1sti sn\u00edmku je patrn\u00e9, kde st\u00e1vala tzv. M\u00ed\u010dovna a kde m\u011bla b\u00fdt i okrasn\u00e1 zahrada.<\/span><\/a><\/div><\/div><div class=\"su-image-carousel-item\"><div class=\"su-image-carousel-item-content\"><a href=\"https:\/\/www.periferieprahy.cz\/blog\/wp-content\/uploads\/2025\/01\/7.jpg\" data-caption=\"Kolem roku 1950\"><img loading=\"lazy\" decoding=\"async\" width=\"800\" height=\"491\" src=\"https:\/\/www.periferieprahy.cz\/blog\/wp-content\/uploads\/2025\/01\/7.jpg\" class=\"\" alt=\"\" srcset=\"https:\/\/www.periferieprahy.cz\/blog\/wp-content\/uploads\/2025\/01\/7.jpg 800w, https:\/\/www.periferieprahy.cz\/blog\/wp-content\/uploads\/2025\/01\/7-300x184.jpg 300w, https:\/\/www.periferieprahy.cz\/blog\/wp-content\/uploads\/2025\/01\/7-768x471.jpg 768w\" sizes=\"auto, (max-width: 800px) 100vw, 800px\" \/><span>Kolem roku 1950<\/span><\/a><\/div><\/div><div class=\"su-image-carousel-item\"><div class=\"su-image-carousel-item-content\"><a href=\"https:\/\/www.periferieprahy.cz\/blog\/wp-content\/uploads\/2025\/01\/6.jpg\" data-caption=\"Rok 1951, otev\u0159en\u00ed muzea Aloise Jir\u00e1ska\"><img loading=\"lazy\" decoding=\"async\" width=\"981\" height=\"723\" src=\"https:\/\/www.periferieprahy.cz\/blog\/wp-content\/uploads\/2025\/01\/6.jpg\" class=\"\" alt=\"\" srcset=\"https:\/\/www.periferieprahy.cz\/blog\/wp-content\/uploads\/2025\/01\/6.jpg 981w, https:\/\/www.periferieprahy.cz\/blog\/wp-content\/uploads\/2025\/01\/6-300x221.jpg 300w, https:\/\/www.periferieprahy.cz\/blog\/wp-content\/uploads\/2025\/01\/6-768x566.jpg 768w\" sizes=\"auto, (max-width: 981px) 100vw, 981px\" \/><span>Rok 1951, otev\u0159en\u00ed muzea Aloise Jir\u00e1ska<\/span><\/a><\/div><\/div><div class=\"su-image-carousel-item\"><div class=\"su-image-carousel-item-content\"><a href=\"https:\/\/www.periferieprahy.cz\/blog\/wp-content\/uploads\/2025\/01\/4.jpg\" data-caption=\"\"><img loading=\"lazy\" decoding=\"async\" width=\"640\" height=\"335\" src=\"https:\/\/www.periferieprahy.cz\/blog\/wp-content\/uploads\/2025\/01\/4.jpg\" class=\"\" alt=\"\" srcset=\"https:\/\/www.periferieprahy.cz\/blog\/wp-content\/uploads\/2025\/01\/4.jpg 640w, https:\/\/www.periferieprahy.cz\/blog\/wp-content\/uploads\/2025\/01\/4-300x157.jpg 300w\" sizes=\"auto, (max-width: 640px) 100vw, 640px\" \/><span><\/span><\/a><\/div><\/div><div class=\"su-image-carousel-item\"><div class=\"su-image-carousel-item-content\"><a href=\"https:\/\/www.periferieprahy.cz\/blog\/wp-content\/uploads\/2025\/01\/21.jpg\" data-caption=\"OLYMPUS DIGITAL CAMERA\"><img loading=\"lazy\" decoding=\"async\" width=\"1027\" height=\"1090\" src=\"https:\/\/www.periferieprahy.cz\/blog\/wp-content\/uploads\/2025\/01\/21.jpg\" class=\"\" alt=\"\" srcset=\"https:\/\/www.periferieprahy.cz\/blog\/wp-content\/uploads\/2025\/01\/21.jpg 1027w, https:\/\/www.periferieprahy.cz\/blog\/wp-content\/uploads\/2025\/01\/21-283x300.jpg 283w, https:\/\/www.periferieprahy.cz\/blog\/wp-content\/uploads\/2025\/01\/21-965x1024.jpg 965w, https:\/\/www.periferieprahy.cz\/blog\/wp-content\/uploads\/2025\/01\/21-768x815.jpg 768w\" sizes=\"auto, (max-width: 1027px) 100vw, 1027px\" \/><span>OLYMPUS DIGITAL CAMERA<\/span><\/a><\/div><\/div><div class=\"su-image-carousel-item\"><div class=\"su-image-carousel-item-content\"><a href=\"https:\/\/www.periferieprahy.cz\/blog\/wp-content\/uploads\/2025\/01\/10.jpg\" data-caption=\"\"><img loading=\"lazy\" decoding=\"async\" width=\"828\" height=\"540\" src=\"https:\/\/www.periferieprahy.cz\/blog\/wp-content\/uploads\/2025\/01\/10.jpg\" class=\"\" alt=\"\" srcset=\"https:\/\/www.periferieprahy.cz\/blog\/wp-content\/uploads\/2025\/01\/10.jpg 828w, https:\/\/www.periferieprahy.cz\/blog\/wp-content\/uploads\/2025\/01\/10-300x196.jpg 300w, https:\/\/www.periferieprahy.cz\/blog\/wp-content\/uploads\/2025\/01\/10-768x501.jpg 768w\" sizes=\"auto, (max-width: 828px) 100vw, 828px\" \/><span><\/span><\/a><\/div><\/div><div class=\"su-image-carousel-item\"><div class=\"su-image-carousel-item-content\"><a href=\"https:\/\/www.periferieprahy.cz\/blog\/wp-content\/uploads\/2025\/01\/8a.jpg\" data-caption=\"\"><img loading=\"lazy\" decoding=\"async\" width=\"971\" height=\"746\" src=\"https:\/\/www.periferieprahy.cz\/blog\/wp-content\/uploads\/2025\/01\/8a.jpg\" class=\"\" alt=\"\" srcset=\"https:\/\/www.periferieprahy.cz\/blog\/wp-content\/uploads\/2025\/01\/8a.jpg 971w, https:\/\/www.periferieprahy.cz\/blog\/wp-content\/uploads\/2025\/01\/8a-300x230.jpg 300w, https:\/\/www.periferieprahy.cz\/blog\/wp-content\/uploads\/2025\/01\/8a-768x590.jpg 768w\" sizes=\"auto, (max-width: 971px) 100vw, 971px\" \/><span><\/span><\/a><\/div><\/div><div class=\"su-image-carousel-item\"><div class=\"su-image-carousel-item-content\"><a href=\"https:\/\/www.periferieprahy.cz\/blog\/wp-content\/uploads\/2025\/01\/8.jpg\" data-caption=\"\"><img loading=\"lazy\" decoding=\"async\" width=\"666\" height=\"858\" src=\"https:\/\/www.periferieprahy.cz\/blog\/wp-content\/uploads\/2025\/01\/8.jpg\" class=\"\" alt=\"\" srcset=\"https:\/\/www.periferieprahy.cz\/blog\/wp-content\/uploads\/2025\/01\/8.jpg 666w, https:\/\/www.periferieprahy.cz\/blog\/wp-content\/uploads\/2025\/01\/8-233x300.jpg 233w\" sizes=\"auto, (max-width: 666px) 100vw, 666px\" \/><span><\/span><\/a><\/div><\/div><div class=\"su-image-carousel-item\"><div class=\"su-image-carousel-item-content\"><a href=\"https:\/\/www.periferieprahy.cz\/blog\/wp-content\/uploads\/2025\/01\/13.jpg\" data-caption=\"Pohled na oboru s letohr\u00e1dkem Hv\u011bzda z B\u00edl\u00e9 Hory. \nUprost\u0159ed z\u00e1stavby je obhospoda\u0159ov\u00e1no jedno z posledn\u00edch pol\u00ed. Jak dlouho m\u016f\u017ee toto m\u00edsto odolat drav\u00fdm developer\u016fm?\"><img loading=\"lazy\" decoding=\"async\" width=\"1598\" height=\"542\" src=\"https:\/\/www.periferieprahy.cz\/blog\/wp-content\/uploads\/2025\/01\/13.jpg\" class=\"\" alt=\"\" srcset=\"https:\/\/www.periferieprahy.cz\/blog\/wp-content\/uploads\/2025\/01\/13.jpg 1598w, https:\/\/www.periferieprahy.cz\/blog\/wp-content\/uploads\/2025\/01\/13-300x102.jpg 300w, https:\/\/www.periferieprahy.cz\/blog\/wp-content\/uploads\/2025\/01\/13-1024x347.jpg 1024w, https:\/\/www.periferieprahy.cz\/blog\/wp-content\/uploads\/2025\/01\/13-768x260.jpg 768w, https:\/\/www.periferieprahy.cz\/blog\/wp-content\/uploads\/2025\/01\/13-1536x521.jpg 1536w\" sizes=\"auto, (max-width: 1598px) 100vw, 1598px\" \/><span>Pohled na oboru s letohr\u00e1dkem Hv\u011bzda z B\u00edl\u00e9 Hory. \nUprost\u0159ed z\u00e1stavby je obhospoda\u0159ov\u00e1no jedno z posledn\u00edch pol\u00ed. Jak dlouho m\u016f\u017ee toto m\u00edsto odolat drav\u00fdm developer\u016fm?<\/span><\/a><\/div><\/div><\/div><script id=\"su_image_carousel_69f369c3908df_script\">if(window.SUImageCarousel){setTimeout(function() {window.SUImageCarousel.initGallery(document.getElementById(\"su_image_carousel_69f369c3908df\"))}, 0);}var su_image_carousel_69f369c3908df_script=document.getElementById(\"su_image_carousel_69f369c3908df_script\");if(su_image_carousel_69f369c3908df_script){su_image_carousel_69f369c3908df_script.parentNode.removeChild(su_image_carousel_69f369c3908df_script);}<\/script>\n\n\n\n<h2 class=\"wp-block-heading\" id=\"cp86\">\u010c. p. 86 H\u00e1jenka a c\u00edsa\u0159sk\u00e1 kuchyn\u011b<\/h2>\n\n\n\n<p>Hned vedle letohr\u00e1dku je objekt, kde b\u00fdvala c\u00edsa\u0159sk\u00e1 kuchyn\u011b a h\u00e1jenka. Postaveno sou\u010dasn\u011b s v\u00fdstavbou letohr\u00e1dku.<\/p>\n\n\n<div class=\"su-image-carousel  su-image-carousel-has-spacing su-image-carousel-crop su-image-carousel-crop-1-1 su-image-carousel-has-lightbox su-image-carousel-has-outline su-image-carousel-adaptive su-image-carousel-slides-style-default su-image-carousel-controls-style-dark su-image-carousel-align-center\" style=\"max-width:600px\" data-flickity-options='{\"groupCells\":true,\"cellSelector\":\".su-image-carousel-item\",\"adaptiveHeight\":false,\"cellAlign\":\"left\",\"prevNextButtons\":true,\"pageDots\":true,\"autoPlay\":8000,\"imagesLoaded\":true,\"contain\":true,\"selectedAttraction\":0.025000000000000001387778780781445675529539585113525390625,\"friction\":0.2800000000000000266453525910037569701671600341796875}' id=\"su_image_carousel_69f369c3932ea\"><div class=\"su-image-carousel-item\"><div class=\"su-image-carousel-item-content\"><a href=\"https:\/\/www.periferieprahy.cz\/blog\/wp-content\/uploads\/2025\/01\/30-1.jpg\" data-caption=\"C\u00edsa\u0159sk\u00e1 kuchyn\u011b (h\u00e1jenka) byla vybudov\u00e1na v letech 1555 - 1558 jako z\u00e1zem\u00ed letohr\u00e1dku Hv\u011bzda. Od roku 1962 je sou\u010d\u00e1st\u00ed n\u00e1rodn\u00ed kulturn\u00ed pam\u00e1tky B\u00edl\u00e1 Hora. V letech 1968 - 1970 a 2000 - 2004 byla rekonstruov\u00e1na n\u00e1kladem Ministerstva kultury \u010cR pro pot\u0159eby Pam\u00e1tn\u00edku n\u00e1rodn\u00edho p\u00edsemnictv\u00ed. H\u00e1jenka byla zp\u0159\u00edstupn\u011bna jako studovna Knihovny 15. 9. 2005 ka 50. v\u00fdro\u010d\u00ed p\u0159ed\u00e1n\u00ed sb\u00edrky Ji\u0159\u00edho Kar\u00e1ska ze Lvovic do PNP (1955).\"><img loading=\"lazy\" decoding=\"async\" width=\"1600\" height=\"1200\" src=\"https:\/\/www.periferieprahy.cz\/blog\/wp-content\/uploads\/2025\/01\/30-1.jpg\" class=\"\" alt=\"\" srcset=\"https:\/\/www.periferieprahy.cz\/blog\/wp-content\/uploads\/2025\/01\/30-1.jpg 1600w, https:\/\/www.periferieprahy.cz\/blog\/wp-content\/uploads\/2025\/01\/30-1-300x225.jpg 300w, https:\/\/www.periferieprahy.cz\/blog\/wp-content\/uploads\/2025\/01\/30-1-1024x768.jpg 1024w, https:\/\/www.periferieprahy.cz\/blog\/wp-content\/uploads\/2025\/01\/30-1-768x576.jpg 768w, https:\/\/www.periferieprahy.cz\/blog\/wp-content\/uploads\/2025\/01\/30-1-1536x1152.jpg 1536w\" sizes=\"auto, (max-width: 1600px) 100vw, 1600px\" \/><span>C\u00edsa\u0159sk\u00e1 kuchyn\u011b (h\u00e1jenka) byla vybudov\u00e1na v letech 1555 - 1558 jako z\u00e1zem\u00ed letohr\u00e1dku Hv\u011bzda. Od roku 1962 je sou\u010d\u00e1st\u00ed n\u00e1rodn\u00ed kulturn\u00ed pam\u00e1tky B\u00edl\u00e1 Hora. V letech 1968 - 1970 a 2000 - 2004 byla rekonstruov\u00e1na n\u00e1kladem Ministerstva kultury \u010cR pro pot\u0159eby Pam\u00e1tn\u00edku n\u00e1rodn\u00edho p\u00edsemnictv\u00ed. H\u00e1jenka byla zp\u0159\u00edstupn\u011bna jako studovna Knihovny 15. 9. 2005 ka 50. v\u00fdro\u010d\u00ed p\u0159ed\u00e1n\u00ed sb\u00edrky Ji\u0159\u00edho Kar\u00e1ska ze Lvovic do PNP (1955).<\/span><\/a><\/div><\/div><div class=\"su-image-carousel-item\"><div class=\"su-image-carousel-item-content\"><a href=\"https:\/\/www.periferieprahy.cz\/blog\/wp-content\/uploads\/2025\/01\/31.jpg\" data-caption=\"C\u00edsa\u0159sk\u00e1 kuchyn\u011b (h\u00e1jenka) byla vybudov\u00e1na v letech 1555 - 1558 jako z\u00e1zem\u00ed letohr\u00e1dku Hv\u011bzda. Od roku 1962 je sou\u010d\u00e1st\u00ed n\u00e1rodn\u00ed kulturn\u00ed pam\u00e1tky B\u00edl\u00e1 Hora. V letech 1968 - 1970 a 2000 - 2004 byla rekonstruov\u00e1na n\u00e1kladem Ministerstva kultury \u010cR pro pot\u0159eby Pam\u00e1tn\u00edku n\u00e1rodn\u00edho p\u00edsemnictv\u00ed. H\u00e1jenka byla zp\u0159\u00edstupn\u011bna jako studovna Knihovny 15. 9. 2005 ka 50. v\u00fdro\u010d\u00ed p\u0159ed\u00e1n\u00ed sb\u00edrky Ji\u0159\u00edho Kar\u00e1ska ze Lvovic do PNP (1955).\"><img loading=\"lazy\" decoding=\"async\" width=\"1600\" height=\"1200\" src=\"https:\/\/www.periferieprahy.cz\/blog\/wp-content\/uploads\/2025\/01\/31.jpg\" class=\"\" alt=\"\" srcset=\"https:\/\/www.periferieprahy.cz\/blog\/wp-content\/uploads\/2025\/01\/31.jpg 1600w, https:\/\/www.periferieprahy.cz\/blog\/wp-content\/uploads\/2025\/01\/31-300x225.jpg 300w, https:\/\/www.periferieprahy.cz\/blog\/wp-content\/uploads\/2025\/01\/31-1024x768.jpg 1024w, https:\/\/www.periferieprahy.cz\/blog\/wp-content\/uploads\/2025\/01\/31-768x576.jpg 768w, https:\/\/www.periferieprahy.cz\/blog\/wp-content\/uploads\/2025\/01\/31-1536x1152.jpg 1536w\" sizes=\"auto, (max-width: 1600px) 100vw, 1600px\" \/><span>C\u00edsa\u0159sk\u00e1 kuchyn\u011b (h\u00e1jenka) byla vybudov\u00e1na v letech 1555 - 1558 jako z\u00e1zem\u00ed letohr\u00e1dku Hv\u011bzda. Od roku 1962 je sou\u010d\u00e1st\u00ed n\u00e1rodn\u00ed kulturn\u00ed pam\u00e1tky B\u00edl\u00e1 Hora. V letech 1968 - 1970 a 2000 - 2004 byla rekonstruov\u00e1na n\u00e1kladem Ministerstva kultury \u010cR pro pot\u0159eby Pam\u00e1tn\u00edku n\u00e1rodn\u00edho p\u00edsemnictv\u00ed. H\u00e1jenka byla zp\u0159\u00edstupn\u011bna jako studovna Knihovny 15. 9. 2005 ka 50. v\u00fdro\u010d\u00ed p\u0159ed\u00e1n\u00ed sb\u00edrky Ji\u0159\u00edho Kar\u00e1ska ze Lvovic do PNP (1955).<\/span><\/a><\/div><\/div><div class=\"su-image-carousel-item\"><div class=\"su-image-carousel-item-content\"><a href=\"https:\/\/www.periferieprahy.cz\/blog\/wp-content\/uploads\/2025\/01\/32.jpg\" data-caption=\"Pam\u011btn\u00ed deska na objektu c\u00edsa\u0159sk\u00e9 kuchyn\u011b.\"><img loading=\"lazy\" decoding=\"async\" width=\"1600\" height=\"944\" src=\"https:\/\/www.periferieprahy.cz\/blog\/wp-content\/uploads\/2025\/01\/32.jpg\" class=\"\" alt=\"\" srcset=\"https:\/\/www.periferieprahy.cz\/blog\/wp-content\/uploads\/2025\/01\/32.jpg 1600w, https:\/\/www.periferieprahy.cz\/blog\/wp-content\/uploads\/2025\/01\/32-300x177.jpg 300w, https:\/\/www.periferieprahy.cz\/blog\/wp-content\/uploads\/2025\/01\/32-1024x604.jpg 1024w, https:\/\/www.periferieprahy.cz\/blog\/wp-content\/uploads\/2025\/01\/32-768x453.jpg 768w, https:\/\/www.periferieprahy.cz\/blog\/wp-content\/uploads\/2025\/01\/32-1536x906.jpg 1536w\" sizes=\"auto, (max-width: 1600px) 100vw, 1600px\" \/><span>Pam\u011btn\u00ed deska na objektu c\u00edsa\u0159sk\u00e9 kuchyn\u011b.<\/span><\/a><\/div><\/div><div class=\"su-image-carousel-item\"><div class=\"su-image-carousel-item-content\"><a href=\"https:\/\/www.periferieprahy.cz\/blog\/wp-content\/uploads\/2025\/01\/podzemi29.jpg\" data-caption=\"Tajemn\u00e1 \u0161tola pod c\u00edsa\u0159skou kuchyn\u00ed. Kam asi dosahovala hladina spla\u0161k\u016f z c\u00edsa\u0159sk\u00e9 kuchyn\u011b, ne\u017e se to v\u0161echno vs\u00e1klo?\"><img loading=\"lazy\" decoding=\"async\" width=\"500\" height=\"332\" src=\"https:\/\/www.periferieprahy.cz\/blog\/wp-content\/uploads\/2025\/01\/podzemi29.jpg\" class=\"\" alt=\"\" srcset=\"https:\/\/www.periferieprahy.cz\/blog\/wp-content\/uploads\/2025\/01\/podzemi29.jpg 500w, https:\/\/www.periferieprahy.cz\/blog\/wp-content\/uploads\/2025\/01\/podzemi29-300x199.jpg 300w\" sizes=\"auto, (max-width: 500px) 100vw, 500px\" \/><span>Tajemn\u00e1 \u0161tola pod c\u00edsa\u0159skou kuchyn\u00ed. Kam asi dosahovala hladina spla\u0161k\u016f z c\u00edsa\u0159sk\u00e9 kuchyn\u011b, ne\u017e se to v\u0161echno vs\u00e1klo?<\/span><\/a><\/div><\/div><div class=\"su-image-carousel-item\"><div class=\"su-image-carousel-item-content\"><a href=\"https:\/\/www.periferieprahy.cz\/blog\/wp-content\/uploads\/2025\/01\/podzemi28.jpg\" data-caption=\"Tajemn\u00e1 \u0161tola pod c\u00edsa\u0159skou kuchyn\u00ed. \nSpla\u0161ky tekly stokou do \u00fadol\u00ed sm\u011brem k Liboci, kde se v ter\u00e9nu asi vsakovaly. Tak\u017ee jak\u00fdsi trativod.\"><img loading=\"lazy\" decoding=\"async\" width=\"500\" height=\"317\" src=\"https:\/\/www.periferieprahy.cz\/blog\/wp-content\/uploads\/2025\/01\/podzemi28.jpg\" class=\"\" alt=\"\" srcset=\"https:\/\/www.periferieprahy.cz\/blog\/wp-content\/uploads\/2025\/01\/podzemi28.jpg 500w, https:\/\/www.periferieprahy.cz\/blog\/wp-content\/uploads\/2025\/01\/podzemi28-300x190.jpg 300w\" sizes=\"auto, (max-width: 500px) 100vw, 500px\" \/><span>Tajemn\u00e1 \u0161tola pod c\u00edsa\u0159skou kuchyn\u00ed. \nSpla\u0161ky tekly stokou do \u00fadol\u00ed sm\u011brem k Liboci, kde se v ter\u00e9nu asi vsakovaly. Tak\u017ee jak\u00fdsi trativod.<\/span><\/a><\/div><\/div><\/div><script id=\"su_image_carousel_69f369c3932ea_script\">if(window.SUImageCarousel){setTimeout(function() {window.SUImageCarousel.initGallery(document.getElementById(\"su_image_carousel_69f369c3932ea\"))}, 0);}var su_image_carousel_69f369c3932ea_script=document.getElementById(\"su_image_carousel_69f369c3932ea_script\");if(su_image_carousel_69f369c3932ea_script){su_image_carousel_69f369c3932ea_script.parentNode.removeChild(su_image_carousel_69f369c3932ea_script);}<\/script>\n\n\n\n<h2 class=\"wp-block-heading\" id=\"altanek\">Alt\u00e1nek<\/h2>\n\n\n<div class=\"su-image-carousel  su-image-carousel-has-spacing su-image-carousel-crop su-image-carousel-crop-1-1 su-image-carousel-has-lightbox su-image-carousel-has-outline su-image-carousel-adaptive su-image-carousel-slides-style-default su-image-carousel-controls-style-dark su-image-carousel-align-center\" style=\"max-width:600px\" data-flickity-options='{\"groupCells\":true,\"cellSelector\":\".su-image-carousel-item\",\"adaptiveHeight\":false,\"cellAlign\":\"left\",\"prevNextButtons\":true,\"pageDots\":true,\"autoPlay\":5000,\"imagesLoaded\":true,\"contain\":true,\"selectedAttraction\":0.025000000000000001387778780781445675529539585113525390625,\"friction\":0.2800000000000000266453525910037569701671600341796875}' id=\"su_image_carousel_69f369c3947fe\"><div class=\"su-image-carousel-item\"><div class=\"su-image-carousel-item-content\"><a href=\"https:\/\/www.periferieprahy.cz\/blog\/wp-content\/uploads\/2025\/01\/46.jpg\" data-caption=\"Vpravo je vid\u011bt vchod do obory brankou z Libock\u00e9 ulice, po schodech, nedaleko kostela. Vlevo je patrn\u00e9, jak je alt\u00e1nek ji\u017e dosti po\u0161kozen. Foceno bylo pravd\u011bpodobn\u011b kolem roku 1960.\"><img loading=\"lazy\" decoding=\"async\" width=\"906\" height=\"664\" src=\"https:\/\/www.periferieprahy.cz\/blog\/wp-content\/uploads\/2025\/01\/46.jpg\" class=\"\" alt=\"\" srcset=\"https:\/\/www.periferieprahy.cz\/blog\/wp-content\/uploads\/2025\/01\/46.jpg 906w, https:\/\/www.periferieprahy.cz\/blog\/wp-content\/uploads\/2025\/01\/46-300x220.jpg 300w, https:\/\/www.periferieprahy.cz\/blog\/wp-content\/uploads\/2025\/01\/46-768x563.jpg 768w\" sizes=\"auto, (max-width: 906px) 100vw, 906px\" \/><span>Vpravo je vid\u011bt vchod do obory brankou z Libock\u00e9 ulice, po schodech, nedaleko kostela. Vlevo je patrn\u00e9, jak je alt\u00e1nek ji\u017e dosti po\u0161kozen. Foceno bylo pravd\u011bpodobn\u011b kolem roku 1960.<\/span><\/a><\/div><\/div><div class=\"su-image-carousel-item\"><div class=\"su-image-carousel-item-content\"><a href=\"https:\/\/www.periferieprahy.cz\/blog\/wp-content\/uploads\/2025\/01\/45.jpg\" data-caption=\"V porostu je vid\u011bt v\u011b\u017e kostela. Od alt\u00e1nku, ji\u017e dosti se\u0161l\u00e9ho, byl kr\u00e1sn\u00fd v\u00fdhled na \u010d\u00e1st Liboce. Foto kolem roku 1960.\"><img loading=\"lazy\" decoding=\"async\" width=\"904\" height=\"664\" src=\"https:\/\/www.periferieprahy.cz\/blog\/wp-content\/uploads\/2025\/01\/45.jpg\" class=\"\" alt=\"\" srcset=\"https:\/\/www.periferieprahy.cz\/blog\/wp-content\/uploads\/2025\/01\/45.jpg 904w, https:\/\/www.periferieprahy.cz\/blog\/wp-content\/uploads\/2025\/01\/45-300x220.jpg 300w, https:\/\/www.periferieprahy.cz\/blog\/wp-content\/uploads\/2025\/01\/45-768x564.jpg 768w\" sizes=\"auto, (max-width: 904px) 100vw, 904px\" \/><span>V porostu je vid\u011bt v\u011b\u017e kostela. Od alt\u00e1nku, ji\u017e dosti se\u0161l\u00e9ho, byl kr\u00e1sn\u00fd v\u00fdhled na \u010d\u00e1st Liboce. Foto kolem roku 1960.<\/span><\/a><\/div><\/div><div class=\"su-image-carousel-item\"><div class=\"su-image-carousel-item-content\"><a href=\"https:\/\/www.periferieprahy.cz\/blog\/wp-content\/uploads\/2025\/01\/44.jpg\" data-caption=\"Alt\u00e1nek ve Hv\u011bzd\u011b, foceno od branky do ulice Libock\u00e1 v roce 1943.\"><img loading=\"lazy\" decoding=\"async\" width=\"518\" height=\"740\" src=\"https:\/\/www.periferieprahy.cz\/blog\/wp-content\/uploads\/2025\/01\/44.jpg\" class=\"\" alt=\"\" srcset=\"https:\/\/www.periferieprahy.cz\/blog\/wp-content\/uploads\/2025\/01\/44.jpg 518w, https:\/\/www.periferieprahy.cz\/blog\/wp-content\/uploads\/2025\/01\/44-210x300.jpg 210w\" sizes=\"auto, (max-width: 518px) 100vw, 518px\" \/><span>Alt\u00e1nek ve Hv\u011bzd\u011b, foceno od branky do ulice Libock\u00e1 v roce 1943.<\/span><\/a><\/div><\/div><\/div><script id=\"su_image_carousel_69f369c3947fe_script\">if(window.SUImageCarousel){setTimeout(function() {window.SUImageCarousel.initGallery(document.getElementById(\"su_image_carousel_69f369c3947fe\"))}, 0);}var su_image_carousel_69f369c3947fe_script=document.getElementById(\"su_image_carousel_69f369c3947fe_script\");if(su_image_carousel_69f369c3947fe_script){su_image_carousel_69f369c3947fe_script.parentNode.removeChild(su_image_carousel_69f369c3947fe_script);}<\/script>\n\n\n\n<h2 class=\"wp-block-heading\" id=\"brany\">Br\u00e1ny a oplocen\u00ed obory<\/h2>\n\n\n<div class=\"su-image-carousel  su-image-carousel-has-spacing su-image-carousel-crop su-image-carousel-crop-1-1 su-image-carousel-has-lightbox su-image-carousel-has-outline su-image-carousel-adaptive su-image-carousel-slides-style-default su-image-carousel-controls-style-dark su-image-carousel-align-center\" style=\"max-width:600px\" data-flickity-options='{\"groupCells\":true,\"cellSelector\":\".su-image-carousel-item\",\"adaptiveHeight\":false,\"cellAlign\":\"left\",\"prevNextButtons\":true,\"pageDots\":true,\"autoPlay\":5000,\"imagesLoaded\":true,\"contain\":true,\"selectedAttraction\":0.025000000000000001387778780781445675529539585113525390625,\"friction\":0.2800000000000000266453525910037569701671600341796875}' id=\"su_image_carousel_69f369c39805d\"><div class=\"su-image-carousel-item\"><div class=\"su-image-carousel-item-content\"><a href=\"https:\/\/www.periferieprahy.cz\/blog\/wp-content\/uploads\/2025\/01\/22.jpg\" data-caption=\"Br\u00e1na u domu spr\u00e1vce obory, foto 1907, s reklamou na restaurant Hv\u011bzda.\"><img loading=\"lazy\" decoding=\"async\" width=\"874\" height=\"750\" src=\"https:\/\/www.periferieprahy.cz\/blog\/wp-content\/uploads\/2025\/01\/22.jpg\" class=\"\" alt=\"\" srcset=\"https:\/\/www.periferieprahy.cz\/blog\/wp-content\/uploads\/2025\/01\/22.jpg 874w, https:\/\/www.periferieprahy.cz\/blog\/wp-content\/uploads\/2025\/01\/22-300x257.jpg 300w, https:\/\/www.periferieprahy.cz\/blog\/wp-content\/uploads\/2025\/01\/22-768x659.jpg 768w\" sizes=\"auto, (max-width: 874px) 100vw, 874px\" \/><span>Br\u00e1na u domu spr\u00e1vce obory, foto 1907, s reklamou na restaurant Hv\u011bzda.<\/span><\/a><\/div><\/div><div class=\"su-image-carousel-item\"><div class=\"su-image-carousel-item-content\"><a href=\"https:\/\/www.periferieprahy.cz\/blog\/wp-content\/uploads\/2025\/01\/23.jpg\" data-caption=\"Br\u00e1na u domu spr\u00e1vce obory, pohled sm\u011brem do Libock\u00e9, foto 2008\"><img loading=\"lazy\" decoding=\"async\" width=\"1600\" height=\"1200\" src=\"https:\/\/www.periferieprahy.cz\/blog\/wp-content\/uploads\/2025\/01\/23.jpg\" class=\"\" alt=\"\" srcset=\"https:\/\/www.periferieprahy.cz\/blog\/wp-content\/uploads\/2025\/01\/23.jpg 1600w, https:\/\/www.periferieprahy.cz\/blog\/wp-content\/uploads\/2025\/01\/23-300x225.jpg 300w, https:\/\/www.periferieprahy.cz\/blog\/wp-content\/uploads\/2025\/01\/23-1024x768.jpg 1024w, https:\/\/www.periferieprahy.cz\/blog\/wp-content\/uploads\/2025\/01\/23-768x576.jpg 768w, https:\/\/www.periferieprahy.cz\/blog\/wp-content\/uploads\/2025\/01\/23-1536x1152.jpg 1536w\" sizes=\"auto, (max-width: 1600px) 100vw, 1600px\" \/><span>Br\u00e1na u domu spr\u00e1vce obory, pohled sm\u011brem do Libock\u00e9, foto 2008<\/span><\/a><\/div><\/div><div class=\"su-image-carousel-item\"><div class=\"su-image-carousel-item-content\"><a href=\"https:\/\/www.periferieprahy.cz\/blog\/wp-content\/uploads\/2025\/01\/24a.jpg\" data-caption=\"Vstupn\u00ed br\u00e1na do obory na Vypichu,  foto 1907.\"><img loading=\"lazy\" decoding=\"async\" width=\"883\" height=\"748\" src=\"https:\/\/www.periferieprahy.cz\/blog\/wp-content\/uploads\/2025\/01\/24a.jpg\" class=\"\" alt=\"\" srcset=\"https:\/\/www.periferieprahy.cz\/blog\/wp-content\/uploads\/2025\/01\/24a.jpg 883w, https:\/\/www.periferieprahy.cz\/blog\/wp-content\/uploads\/2025\/01\/24a-300x254.jpg 300w, https:\/\/www.periferieprahy.cz\/blog\/wp-content\/uploads\/2025\/01\/24a-768x651.jpg 768w\" sizes=\"auto, (max-width: 883px) 100vw, 883px\" \/><span>Vstupn\u00ed br\u00e1na do obory na Vypichu,  foto 1907.<\/span><\/a><\/div><\/div><div class=\"su-image-carousel-item\"><div class=\"su-image-carousel-item-content\"><a href=\"https:\/\/www.periferieprahy.cz\/blog\/wp-content\/uploads\/2025\/01\/25.jpg\" data-caption=\"Vstupn\u00ed br\u00e1na do obory na Vypichu, pohled z obory, foto 1943\"><img loading=\"lazy\" decoding=\"async\" width=\"634\" height=\"739\" src=\"https:\/\/www.periferieprahy.cz\/blog\/wp-content\/uploads\/2025\/01\/25.jpg\" class=\"\" alt=\"\" srcset=\"https:\/\/www.periferieprahy.cz\/blog\/wp-content\/uploads\/2025\/01\/25.jpg 634w, https:\/\/www.periferieprahy.cz\/blog\/wp-content\/uploads\/2025\/01\/25-257x300.jpg 257w\" sizes=\"auto, (max-width: 634px) 100vw, 634px\" \/><span>Vstupn\u00ed br\u00e1na do obory na Vypichu, pohled z obory, foto 1943<\/span><\/a><\/div><\/div><div class=\"su-image-carousel-item\"><div class=\"su-image-carousel-item-content\"><a href=\"https:\/\/www.periferieprahy.cz\/blog\/wp-content\/uploads\/2025\/01\/24.jpg\" data-caption=\"Vstupn\u00ed br\u00e1na do obory na Vypichu, foto 2008. Debilita sprejer\u016f je nekone\u010dn\u00e1.\"><img loading=\"lazy\" decoding=\"async\" width=\"1024\" height=\"768\" src=\"https:\/\/www.periferieprahy.cz\/blog\/wp-content\/uploads\/2025\/01\/24.jpg\" class=\"\" alt=\"\" srcset=\"https:\/\/www.periferieprahy.cz\/blog\/wp-content\/uploads\/2025\/01\/24.jpg 1024w, https:\/\/www.periferieprahy.cz\/blog\/wp-content\/uploads\/2025\/01\/24-300x225.jpg 300w, https:\/\/www.periferieprahy.cz\/blog\/wp-content\/uploads\/2025\/01\/24-768x576.jpg 768w\" sizes=\"auto, (max-width: 1024px) 100vw, 1024px\" \/><span>Vstupn\u00ed br\u00e1na do obory na Vypichu, foto 2008. Debilita sprejer\u016f je nekone\u010dn\u00e1.<\/span><\/a><\/div><\/div><div class=\"su-image-carousel-item\"><div class=\"su-image-carousel-item-content\"><a href=\"https:\/\/www.periferieprahy.cz\/blog\/wp-content\/uploads\/2025\/01\/25a.jpg\" data-caption=\"Vstupn\u00ed br\u00e1na do obory na Vypichu, pohled z obory, foto 2008.\"><img loading=\"lazy\" decoding=\"async\" width=\"1600\" height=\"1200\" src=\"https:\/\/www.periferieprahy.cz\/blog\/wp-content\/uploads\/2025\/01\/25a.jpg\" class=\"\" alt=\"\" srcset=\"https:\/\/www.periferieprahy.cz\/blog\/wp-content\/uploads\/2025\/01\/25a.jpg 1600w, https:\/\/www.periferieprahy.cz\/blog\/wp-content\/uploads\/2025\/01\/25a-300x225.jpg 300w, https:\/\/www.periferieprahy.cz\/blog\/wp-content\/uploads\/2025\/01\/25a-1024x768.jpg 1024w, https:\/\/www.periferieprahy.cz\/blog\/wp-content\/uploads\/2025\/01\/25a-768x576.jpg 768w, https:\/\/www.periferieprahy.cz\/blog\/wp-content\/uploads\/2025\/01\/25a-1536x1152.jpg 1536w\" sizes=\"auto, (max-width: 1600px) 100vw, 1600px\" \/><span>Vstupn\u00ed br\u00e1na do obory na Vypichu, pohled z obory, foto 2008.<\/span><\/a><\/div><\/div><div class=\"su-image-carousel-item\"><div class=\"su-image-carousel-item-content\"><a href=\"https:\/\/www.periferieprahy.cz\/blog\/wp-content\/uploads\/2025\/01\/27.jpg\" data-caption=\"Vstupn\u00ed br\u00e1na do obory na B\u00edl\u00e9 Ho\u0159e v roce 1907\"><img loading=\"lazy\" decoding=\"async\" width=\"635\" height=\"746\" src=\"https:\/\/www.periferieprahy.cz\/blog\/wp-content\/uploads\/2025\/01\/27.jpg\" class=\"\" alt=\"\" srcset=\"https:\/\/www.periferieprahy.cz\/blog\/wp-content\/uploads\/2025\/01\/27.jpg 635w, https:\/\/www.periferieprahy.cz\/blog\/wp-content\/uploads\/2025\/01\/27-255x300.jpg 255w\" sizes=\"auto, (max-width: 635px) 100vw, 635px\" \/><span>Vstupn\u00ed br\u00e1na do obory na B\u00edl\u00e9 Ho\u0159e v roce 1907<\/span><\/a><\/div><\/div><div class=\"su-image-carousel-item\"><div class=\"su-image-carousel-item-content\"><a href=\"https:\/\/www.periferieprahy.cz\/blog\/wp-content\/uploads\/2025\/01\/26.jpg\" data-caption=\"Vstupn\u00ed br\u00e1na do obory na B\u00edl\u00e9 Ho\u0159e v roce 2008\"><img loading=\"lazy\" decoding=\"async\" width=\"1200\" height=\"1600\" src=\"https:\/\/www.periferieprahy.cz\/blog\/wp-content\/uploads\/2025\/01\/26.jpg\" class=\"\" alt=\"\" srcset=\"https:\/\/www.periferieprahy.cz\/blog\/wp-content\/uploads\/2025\/01\/26.jpg 1200w, https:\/\/www.periferieprahy.cz\/blog\/wp-content\/uploads\/2025\/01\/26-225x300.jpg 225w, https:\/\/www.periferieprahy.cz\/blog\/wp-content\/uploads\/2025\/01\/26-768x1024.jpg 768w, https:\/\/www.periferieprahy.cz\/blog\/wp-content\/uploads\/2025\/01\/26-1152x1536.jpg 1152w\" sizes=\"auto, (max-width: 1200px) 100vw, 1200px\" \/><span>Vstupn\u00ed br\u00e1na do obory na B\u00edl\u00e9 Ho\u0159e v roce 2008<\/span><\/a><\/div><\/div><div class=\"su-image-carousel-item\"><div class=\"su-image-carousel-item-content\"><a href=\"https:\/\/www.periferieprahy.cz\/blog\/wp-content\/uploads\/2025\/01\/26a.jpg\" data-caption=\"Vstupn\u00ed br\u00e1na do obory na B\u00edl\u00e9 Ho\u0159e v roce 2008, pohled z obory.\"><img loading=\"lazy\" decoding=\"async\" width=\"1600\" height=\"1200\" src=\"https:\/\/www.periferieprahy.cz\/blog\/wp-content\/uploads\/2025\/01\/26a.jpg\" class=\"\" alt=\"\" srcset=\"https:\/\/www.periferieprahy.cz\/blog\/wp-content\/uploads\/2025\/01\/26a.jpg 1600w, https:\/\/www.periferieprahy.cz\/blog\/wp-content\/uploads\/2025\/01\/26a-300x225.jpg 300w, https:\/\/www.periferieprahy.cz\/blog\/wp-content\/uploads\/2025\/01\/26a-1024x768.jpg 1024w, https:\/\/www.periferieprahy.cz\/blog\/wp-content\/uploads\/2025\/01\/26a-768x576.jpg 768w, https:\/\/www.periferieprahy.cz\/blog\/wp-content\/uploads\/2025\/01\/26a-1536x1152.jpg 1536w\" sizes=\"auto, (max-width: 1600px) 100vw, 1600px\" \/><span>Vstupn\u00ed br\u00e1na do obory na B\u00edl\u00e9 Ho\u0159e v roce 2008, pohled z obory.<\/span><\/a><\/div><\/div><div class=\"su-image-carousel-item\"><div class=\"su-image-carousel-item-content\"><a href=\"https:\/\/www.periferieprahy.cz\/blog\/wp-content\/uploads\/2025\/01\/image.png\" data-caption=\"Na k\u0159i\u017eovatce ulic Ruzy\u0148sk\u00e1 a Jino\u010dansk\u00e1 je br\u00e1na do doln\u00ed \u010d\u00e1sti obory. U t\u00e9to br\u00e1ny je tak\u00e9 k\u0159\u00ed\u017e s plechov\u00fdm Kristem.\"><img loading=\"lazy\" decoding=\"async\" width=\"819\" height=\"769\" src=\"https:\/\/www.periferieprahy.cz\/blog\/wp-content\/uploads\/2025\/01\/image.png\" class=\"\" alt=\"\" srcset=\"https:\/\/www.periferieprahy.cz\/blog\/wp-content\/uploads\/2025\/01\/image.png 819w, https:\/\/www.periferieprahy.cz\/blog\/wp-content\/uploads\/2025\/01\/image-300x282.png 300w, https:\/\/www.periferieprahy.cz\/blog\/wp-content\/uploads\/2025\/01\/image-768x721.png 768w\" sizes=\"auto, (max-width: 819px) 100vw, 819px\" \/><span>Na k\u0159i\u017eovatce ulic Ruzy\u0148sk\u00e1 a Jino\u010dansk\u00e1 je br\u00e1na do doln\u00ed \u010d\u00e1sti obory. U t\u00e9to br\u00e1ny je tak\u00e9 k\u0159\u00ed\u017e s plechov\u00fdm Kristem.<\/span><\/a><\/div><\/div><div class=\"su-image-carousel-item\"><div class=\"su-image-carousel-item-content\"><a href=\"https:\/\/www.periferieprahy.cz\/blog\/wp-content\/uploads\/2025\/01\/38.jpg\" data-caption=\"K\u0159\u00ed\u017e s plechov\u00fdm Kristem u ruzy\u0148sk\u00e9 br\u00e1ny byl n\u011bkolikr\u00e1t p\u0159etvo\u0159en do r\u016fzn\u00fdch podob.\"><img loading=\"lazy\" decoding=\"async\" width=\"1491\" height=\"1028\" src=\"https:\/\/www.periferieprahy.cz\/blog\/wp-content\/uploads\/2025\/01\/38.jpg\" class=\"\" alt=\"\" srcset=\"https:\/\/www.periferieprahy.cz\/blog\/wp-content\/uploads\/2025\/01\/38.jpg 1491w, https:\/\/www.periferieprahy.cz\/blog\/wp-content\/uploads\/2025\/01\/38-300x207.jpg 300w, https:\/\/www.periferieprahy.cz\/blog\/wp-content\/uploads\/2025\/01\/38-1024x706.jpg 1024w, https:\/\/www.periferieprahy.cz\/blog\/wp-content\/uploads\/2025\/01\/38-768x530.jpg 768w\" sizes=\"auto, (max-width: 1491px) 100vw, 1491px\" \/><span>K\u0159\u00ed\u017e s plechov\u00fdm Kristem u ruzy\u0148sk\u00e9 br\u00e1ny byl n\u011bkolikr\u00e1t p\u0159etvo\u0159en do r\u016fzn\u00fdch podob.<\/span><\/a><\/div><\/div><div class=\"su-image-carousel-item\"><div class=\"su-image-carousel-item-content\"><a href=\"https:\/\/www.periferieprahy.cz\/blog\/wp-content\/uploads\/2025\/01\/37.jpg\" data-caption=\"K\u0159\u00ed\u017e s plechov\u00fdm Kristem u ruzy\u0148sk\u00e9 br\u00e1ny byl n\u011bkolikr\u00e1t p\u0159etvo\u0159en do r\u016fzn\u00fdch podob.\"><img loading=\"lazy\" decoding=\"async\" width=\"493\" height=\"729\" src=\"https:\/\/www.periferieprahy.cz\/blog\/wp-content\/uploads\/2025\/01\/37.jpg\" class=\"\" alt=\"\" srcset=\"https:\/\/www.periferieprahy.cz\/blog\/wp-content\/uploads\/2025\/01\/37.jpg 493w, https:\/\/www.periferieprahy.cz\/blog\/wp-content\/uploads\/2025\/01\/37-203x300.jpg 203w\" sizes=\"auto, (max-width: 493px) 100vw, 493px\" \/><span>K\u0159\u00ed\u017e s plechov\u00fdm Kristem u ruzy\u0148sk\u00e9 br\u00e1ny byl n\u011bkolikr\u00e1t p\u0159etvo\u0159en do r\u016fzn\u00fdch podob.<\/span><\/a><\/div><\/div><div class=\"su-image-carousel-item\"><div class=\"su-image-carousel-item-content\"><a href=\"https:\/\/www.periferieprahy.cz\/blog\/wp-content\/uploads\/2025\/01\/39.jpg\" data-caption=\"K\u0159\u00ed\u017e s plechov\u00fdm Kristem u ruzy\u0148sk\u00e9 br\u00e1ny byl n\u011bkolikr\u00e1t p\u0159etvo\u0159en do r\u016fzn\u00fdch podob.\"><img loading=\"lazy\" decoding=\"async\" width=\"1200\" height=\"1600\" src=\"https:\/\/www.periferieprahy.cz\/blog\/wp-content\/uploads\/2025\/01\/39.jpg\" class=\"\" alt=\"\" srcset=\"https:\/\/www.periferieprahy.cz\/blog\/wp-content\/uploads\/2025\/01\/39.jpg 1200w, https:\/\/www.periferieprahy.cz\/blog\/wp-content\/uploads\/2025\/01\/39-225x300.jpg 225w, https:\/\/www.periferieprahy.cz\/blog\/wp-content\/uploads\/2025\/01\/39-768x1024.jpg 768w, https:\/\/www.periferieprahy.cz\/blog\/wp-content\/uploads\/2025\/01\/39-1152x1536.jpg 1152w\" sizes=\"auto, (max-width: 1200px) 100vw, 1200px\" \/><span>K\u0159\u00ed\u017e s plechov\u00fdm Kristem u ruzy\u0148sk\u00e9 br\u00e1ny byl n\u011bkolikr\u00e1t p\u0159etvo\u0159en do r\u016fzn\u00fdch podob.<\/span><\/a><\/div><\/div><div class=\"su-image-carousel-item\"><div class=\"su-image-carousel-item-content\"><a href=\"https:\/\/www.periferieprahy.cz\/blog\/wp-content\/uploads\/2025\/01\/29.jpg\" data-caption=\"&quot;Pr\u00e1ce&quot; sprejersk\u00e9ho xindlu, barbar\u016f a debil\u016f\"><img loading=\"lazy\" decoding=\"async\" width=\"1598\" height=\"528\" src=\"https:\/\/www.periferieprahy.cz\/blog\/wp-content\/uploads\/2025\/01\/29.jpg\" class=\"\" alt=\"\" srcset=\"https:\/\/www.periferieprahy.cz\/blog\/wp-content\/uploads\/2025\/01\/29.jpg 1598w, https:\/\/www.periferieprahy.cz\/blog\/wp-content\/uploads\/2025\/01\/29-300x99.jpg 300w, https:\/\/www.periferieprahy.cz\/blog\/wp-content\/uploads\/2025\/01\/29-1024x338.jpg 1024w, https:\/\/www.periferieprahy.cz\/blog\/wp-content\/uploads\/2025\/01\/29-768x254.jpg 768w, https:\/\/www.periferieprahy.cz\/blog\/wp-content\/uploads\/2025\/01\/29-1536x508.jpg 1536w\" sizes=\"auto, (max-width: 1598px) 100vw, 1598px\" \/><span>\"Pr\u00e1ce\" sprejersk\u00e9ho xindlu, barbar\u016f a debil\u016f<\/span><\/a><\/div><\/div><div class=\"su-image-carousel-item\"><div class=\"su-image-carousel-item-content\"><a href=\"https:\/\/www.periferieprahy.cz\/blog\/wp-content\/uploads\/2025\/01\/28.jpg\" data-caption=\"&quot;Pr\u00e1ce&quot; sprejersk\u00e9ho xindlu, barbar\u016f a debil\u016f\"><img loading=\"lazy\" decoding=\"async\" width=\"1598\" height=\"477\" src=\"https:\/\/www.periferieprahy.cz\/blog\/wp-content\/uploads\/2025\/01\/28.jpg\" class=\"\" alt=\"\" srcset=\"https:\/\/www.periferieprahy.cz\/blog\/wp-content\/uploads\/2025\/01\/28.jpg 1598w, https:\/\/www.periferieprahy.cz\/blog\/wp-content\/uploads\/2025\/01\/28-300x90.jpg 300w, https:\/\/www.periferieprahy.cz\/blog\/wp-content\/uploads\/2025\/01\/28-1024x306.jpg 1024w, https:\/\/www.periferieprahy.cz\/blog\/wp-content\/uploads\/2025\/01\/28-768x229.jpg 768w, https:\/\/www.periferieprahy.cz\/blog\/wp-content\/uploads\/2025\/01\/28-1536x458.jpg 1536w\" sizes=\"auto, (max-width: 1598px) 100vw, 1598px\" \/><span>\"Pr\u00e1ce\" sprejersk\u00e9ho xindlu, barbar\u016f a debil\u016f<\/span><\/a><\/div><\/div><\/div><script id=\"su_image_carousel_69f369c39805d_script\">if(window.SUImageCarousel){setTimeout(function() {window.SUImageCarousel.initGallery(document.getElementById(\"su_image_carousel_69f369c39805d\"))}, 0);}var su_image_carousel_69f369c39805d_script=document.getElementById(\"su_image_carousel_69f369c39805d_script\");if(su_image_carousel_69f369c39805d_script){su_image_carousel_69f369c39805d_script.parentNode.removeChild(su_image_carousel_69f369c39805d_script);}<\/script>\n\n\n\n<h2 class=\"wp-block-heading\" id=\"voda\">Mok\u0159ady a voda v obo\u0159e <\/h2>\n\n\n\n<div class=\"wp-block-columns is-layout-flex wp-container-core-columns-is-layout-9d6595d7 wp-block-columns-is-layout-flex\">\n<div class=\"wp-block-column is-layout-flow wp-block-column-is-layout-flow\"><div class=\"wp-block-image\">\n<figure class=\"aligncenter size-large is-resized\"><img loading=\"lazy\" decoding=\"async\" width=\"1024\" height=\"768\" src=\"https:\/\/www.periferieprahy.cz\/blog\/wp-content\/uploads\/2025\/01\/15-1024x768.jpg\" alt=\"\" class=\"wp-image-560\" style=\"width:600px\" srcset=\"https:\/\/www.periferieprahy.cz\/blog\/wp-content\/uploads\/2025\/01\/15-1024x768.jpg 1024w, https:\/\/www.periferieprahy.cz\/blog\/wp-content\/uploads\/2025\/01\/15-300x225.jpg 300w, https:\/\/www.periferieprahy.cz\/blog\/wp-content\/uploads\/2025\/01\/15-768x576.jpg 768w, https:\/\/www.periferieprahy.cz\/blog\/wp-content\/uploads\/2025\/01\/15-1536x1152.jpg 1536w, https:\/\/www.periferieprahy.cz\/blog\/wp-content\/uploads\/2025\/01\/15.jpg 1600w\" sizes=\"auto, (max-width: 1024px) 100vw, 1024px\" \/><figcaption class=\"wp-element-caption\">Obnoven\u00fd rybn\u00ed\u010dek v doln\u00ed \u010d\u00e1sti obory Hv\u011bzda<\/figcaption><\/figure>\n<\/div>\n\n<div class=\"wp-block-image\">\n<figure class=\"aligncenter size-large is-resized\"><img loading=\"lazy\" decoding=\"async\" width=\"1024\" height=\"768\" src=\"https:\/\/www.periferieprahy.cz\/blog\/wp-content\/uploads\/2025\/01\/35-1024x768.jpg\" alt=\"\" class=\"wp-image-583\" style=\"width:597px;height:auto\" srcset=\"https:\/\/www.periferieprahy.cz\/blog\/wp-content\/uploads\/2025\/01\/35-1024x768.jpg 1024w, https:\/\/www.periferieprahy.cz\/blog\/wp-content\/uploads\/2025\/01\/35-300x225.jpg 300w, https:\/\/www.periferieprahy.cz\/blog\/wp-content\/uploads\/2025\/01\/35-768x576.jpg 768w, https:\/\/www.periferieprahy.cz\/blog\/wp-content\/uploads\/2025\/01\/35-1536x1152.jpg 1536w, https:\/\/www.periferieprahy.cz\/blog\/wp-content\/uploads\/2025\/01\/35.jpg 1600w\" sizes=\"auto, (max-width: 1024px) 100vw, 1024px\" \/><figcaption class=\"wp-element-caption\">Rybn\u00ed\u010dek nap\u00e1j\u00ed pot\u016f\u010dek tekouc\u00ed ze sb\u011brn\u00e9 \u0161toly Sv\u011btlu\u0161ky<\/figcaption><\/figure>\n<\/div>\n\n<div class=\"su-image-carousel  su-image-carousel-has-spacing su-image-carousel-crop su-image-carousel-crop-1-1 su-image-carousel-has-lightbox su-image-carousel-has-outline su-image-carousel-adaptive su-image-carousel-slides-style-default su-image-carousel-controls-style-dark su-image-carousel-align-center\" style=\"max-width:400px\" data-flickity-options='{\"groupCells\":true,\"cellSelector\":\".su-image-carousel-item\",\"adaptiveHeight\":false,\"cellAlign\":\"left\",\"prevNextButtons\":true,\"pageDots\":true,\"autoPlay\":5000,\"imagesLoaded\":true,\"contain\":true,\"selectedAttraction\":0.025000000000000001387778780781445675529539585113525390625,\"friction\":0.2800000000000000266453525910037569701671600341796875}' id=\"su_image_carousel_69f369c39954e\"><div class=\"su-image-carousel-item\"><div class=\"su-image-carousel-item-content\"><a href=\"https:\/\/www.periferieprahy.cz\/blog\/wp-content\/uploads\/2025\/01\/svetlicka.jpeg\" data-caption=\"Vchodov\u00fd objekt do vstupn\u00ed \u0161achty s to\u010dit\u00fdm schodi\u0161t\u011bm. Postaveno v roce 1930 v r\u00e1mci dokon\u010dovac\u00edch prac\u00ed na \u0161tol\u00e1ch Sv\u011btlu\u0161ky.\"><img loading=\"lazy\" decoding=\"async\" width=\"709\" height=\"1024\" src=\"https:\/\/www.periferieprahy.cz\/blog\/wp-content\/uploads\/2025\/01\/svetlicka.jpeg\" class=\"\" alt=\"\" srcset=\"https:\/\/www.periferieprahy.cz\/blog\/wp-content\/uploads\/2025\/01\/svetlicka.jpeg 709w, https:\/\/www.periferieprahy.cz\/blog\/wp-content\/uploads\/2025\/01\/svetlicka-208x300.jpeg 208w\" sizes=\"auto, (max-width: 709px) 100vw, 709px\" \/><span>Vchodov\u00fd objekt do vstupn\u00ed \u0161achty s to\u010dit\u00fdm schodi\u0161t\u011bm. Postaveno v roce 1930 v r\u00e1mci dokon\u010dovac\u00edch prac\u00ed na \u0161tol\u00e1ch Sv\u011btlu\u0161ky.<\/span><\/a><\/div><\/div><div class=\"su-image-carousel-item\"><div class=\"su-image-carousel-item-content\"><a href=\"https:\/\/www.periferieprahy.cz\/blog\/wp-content\/uploads\/2025\/01\/podzemi22.jpg\" data-caption=\"P\u016fvodn\u011b zde b\u00fdvala studna a nad n\u00ed byl tento zd\u011bn\u00fd, \u0161estibok\u00fd, studni\u010dn\u00ed domek. Byl zbour\u00e1n p\u0159i v\u00fdstavb\u011b \u0161tol a vstupn\u00ed \u0161achty v roce 1930. P\u0159evzato z fotografie na tablu nau\u010dn\u00e9 stezky.\"><img loading=\"lazy\" decoding=\"async\" width=\"500\" height=\"674\" src=\"https:\/\/www.periferieprahy.cz\/blog\/wp-content\/uploads\/2025\/01\/podzemi22.jpg\" class=\"\" alt=\"\" srcset=\"https:\/\/www.periferieprahy.cz\/blog\/wp-content\/uploads\/2025\/01\/podzemi22.jpg 500w, https:\/\/www.periferieprahy.cz\/blog\/wp-content\/uploads\/2025\/01\/podzemi22-223x300.jpg 223w\" sizes=\"auto, (max-width: 500px) 100vw, 500px\" \/><span>P\u016fvodn\u011b zde b\u00fdvala studna a nad n\u00ed byl tento zd\u011bn\u00fd, \u0161estibok\u00fd, studni\u010dn\u00ed domek. Byl zbour\u00e1n p\u0159i v\u00fdstavb\u011b \u0161tol a vstupn\u00ed \u0161achty v roce 1930. P\u0159evzato z fotografie na tablu nau\u010dn\u00e9 stezky.<\/span><\/a><\/div><\/div><div class=\"su-image-carousel-item\"><div class=\"su-image-carousel-item-content\"><a href=\"https:\/\/www.periferieprahy.cz\/blog\/wp-content\/uploads\/2025\/01\/podzemi26.jpg\" data-caption=\"V podzem\u00ed je n\u011bkolik \u0161tol, do kter\u00fdch \u00fast\u00ed prameny. P\u016fvodn\u011b m\u011bla b\u00fdt Sv\u011btlu\u0161ka zdrojem pitn\u00e9 vody pro Pra\u017esk\u00fd Hrad. Ten byl nakonec napojen na pra\u017eskou vodovodn\u00ed s\u00ed\u0165 a Sv\u011btlu\u0161ka n\u011bjak\u00fd \u010das slou\u017eila jako zdroj pro Ruzy\u0148. Dnes voda odt\u00e9k\u00e1 do rybn\u00ed\u010dku v doln\u00ed \u010d\u00e1sti obory a odtud do Litovick\u00e9ho potoka.\"><img loading=\"lazy\" decoding=\"async\" width=\"500\" height=\"417\" src=\"https:\/\/www.periferieprahy.cz\/blog\/wp-content\/uploads\/2025\/01\/podzemi26.jpg\" class=\"\" alt=\"\" srcset=\"https:\/\/www.periferieprahy.cz\/blog\/wp-content\/uploads\/2025\/01\/podzemi26.jpg 500w, https:\/\/www.periferieprahy.cz\/blog\/wp-content\/uploads\/2025\/01\/podzemi26-300x250.jpg 300w\" sizes=\"auto, (max-width: 500px) 100vw, 500px\" \/><span>V podzem\u00ed je n\u011bkolik \u0161tol, do kter\u00fdch \u00fast\u00ed prameny. P\u016fvodn\u011b m\u011bla b\u00fdt Sv\u011btlu\u0161ka zdrojem pitn\u00e9 vody pro Pra\u017esk\u00fd Hrad. Ten byl nakonec napojen na pra\u017eskou vodovodn\u00ed s\u00ed\u0165 a Sv\u011btlu\u0161ka n\u011bjak\u00fd \u010das slou\u017eila jako zdroj pro Ruzy\u0148. Dnes voda odt\u00e9k\u00e1 do rybn\u00ed\u010dku v doln\u00ed \u010d\u00e1sti obory a odtud do Litovick\u00e9ho potoka.<\/span><\/a><\/div><\/div><div class=\"su-image-carousel-item\"><div class=\"su-image-carousel-item-content\"><a href=\"https:\/\/www.periferieprahy.cz\/blog\/wp-content\/uploads\/2025\/01\/podzemi25.jpg\" data-caption=\"Rok dokon\u010den\u00ed Sv\u011btlu\u0161ky\"><img loading=\"lazy\" decoding=\"async\" width=\"500\" height=\"674\" src=\"https:\/\/www.periferieprahy.cz\/blog\/wp-content\/uploads\/2025\/01\/podzemi25.jpg\" class=\"\" alt=\"\" srcset=\"https:\/\/www.periferieprahy.cz\/blog\/wp-content\/uploads\/2025\/01\/podzemi25.jpg 500w, https:\/\/www.periferieprahy.cz\/blog\/wp-content\/uploads\/2025\/01\/podzemi25-223x300.jpg 223w\" sizes=\"auto, (max-width: 500px) 100vw, 500px\" \/><span>Rok dokon\u010den\u00ed Sv\u011btlu\u0161ky<\/span><\/a><\/div><\/div><\/div><script id=\"su_image_carousel_69f369c39954e_script\">if(window.SUImageCarousel){setTimeout(function() {window.SUImageCarousel.initGallery(document.getElementById(\"su_image_carousel_69f369c39954e\"))}, 0);}var su_image_carousel_69f369c39954e_script=document.getElementById(\"su_image_carousel_69f369c39954e_script\");if(su_image_carousel_69f369c39954e_script){su_image_carousel_69f369c39954e_script.parentNode.removeChild(su_image_carousel_69f369c39954e_script);}<\/script>\n\n\n<div class=\"wp-block-image\">\n<figure class=\"aligncenter size-large is-resized\"><img loading=\"lazy\" decoding=\"async\" width=\"768\" height=\"1024\" src=\"https:\/\/www.periferieprahy.cz\/blog\/wp-content\/uploads\/2025\/01\/33-768x1024.jpg\" alt=\"\" class=\"wp-image-581\" style=\"width:528px;height:auto\" srcset=\"https:\/\/www.periferieprahy.cz\/blog\/wp-content\/uploads\/2025\/01\/33-768x1024.jpg 768w, https:\/\/www.periferieprahy.cz\/blog\/wp-content\/uploads\/2025\/01\/33-225x300.jpg 225w, https:\/\/www.periferieprahy.cz\/blog\/wp-content\/uploads\/2025\/01\/33-1152x1536.jpg 1152w, https:\/\/www.periferieprahy.cz\/blog\/wp-content\/uploads\/2025\/01\/33.jpg 1200w\" sizes=\"auto, (max-width: 768px) 100vw, 768px\" \/><figcaption class=\"wp-element-caption\">V obo\u0159e b\u00fdvalo i n\u011bkolik studn\u00ed. Dochoval\u00fd studni\u010dn\u00ed domek se studnou nedaleko od domu oborn\u00edka op\u011bt devastov\u00e1n debiln\u00edmi sprejery <\/figcaption><\/figure>\n<\/div><\/div>\n\n\n\n<div class=\"wp-block-column is-layout-flow wp-block-column-is-layout-flow\"><div class=\"wp-block-image\">\n<figure class=\"aligncenter size-large is-resized\"><img loading=\"lazy\" decoding=\"async\" width=\"1024\" height=\"768\" src=\"https:\/\/www.periferieprahy.cz\/blog\/wp-content\/uploads\/2025\/01\/17-1024x768.jpg\" alt=\"\" class=\"wp-image-562\" style=\"width:600px\" srcset=\"https:\/\/www.periferieprahy.cz\/blog\/wp-content\/uploads\/2025\/01\/17-1024x768.jpg 1024w, https:\/\/www.periferieprahy.cz\/blog\/wp-content\/uploads\/2025\/01\/17-300x225.jpg 300w, https:\/\/www.periferieprahy.cz\/blog\/wp-content\/uploads\/2025\/01\/17-768x576.jpg 768w, https:\/\/www.periferieprahy.cz\/blog\/wp-content\/uploads\/2025\/01\/17-1536x1152.jpg 1536w, https:\/\/www.periferieprahy.cz\/blog\/wp-content\/uploads\/2025\/01\/17.jpg 1600w\" sizes=\"auto, (max-width: 1024px) 100vw, 1024px\" \/><figcaption class=\"wp-element-caption\">Mok\u0159ad v doln\u00ed \u010d\u00e1sti obory<\/figcaption><\/figure>\n<\/div>\n\n<div class=\"wp-block-image\">\n<figure class=\"aligncenter size-large is-resized\"><img loading=\"lazy\" decoding=\"async\" width=\"1024\" height=\"819\" src=\"https:\/\/www.periferieprahy.cz\/blog\/wp-content\/uploads\/2025\/01\/16-1024x819.jpg\" alt=\"\" class=\"wp-image-561\" style=\"width:550px;height:auto\" srcset=\"https:\/\/www.periferieprahy.cz\/blog\/wp-content\/uploads\/2025\/01\/16-1024x819.jpg 1024w, https:\/\/www.periferieprahy.cz\/blog\/wp-content\/uploads\/2025\/01\/16-300x240.jpg 300w, https:\/\/www.periferieprahy.cz\/blog\/wp-content\/uploads\/2025\/01\/16-768x614.jpg 768w, https:\/\/www.periferieprahy.cz\/blog\/wp-content\/uploads\/2025\/01\/16.jpg 1280w\" sizes=\"auto, (max-width: 1024px) 100vw, 1024px\" \/><figcaption class=\"wp-element-caption\">Mok\u0159ad v doln\u00ed \u010d\u00e1sti obory<\/figcaption><\/figure>\n<\/div>\n\n<div class=\"wp-block-image\">\n<figure class=\"aligncenter size-large is-resized\"><img loading=\"lazy\" decoding=\"async\" width=\"1024\" height=\"768\" src=\"https:\/\/www.periferieprahy.cz\/blog\/wp-content\/uploads\/2025\/01\/18-1024x768.jpg\" alt=\"\" class=\"wp-image-563\" style=\"width:600px\" srcset=\"https:\/\/www.periferieprahy.cz\/blog\/wp-content\/uploads\/2025\/01\/18-1024x768.jpg 1024w, https:\/\/www.periferieprahy.cz\/blog\/wp-content\/uploads\/2025\/01\/18-300x225.jpg 300w, https:\/\/www.periferieprahy.cz\/blog\/wp-content\/uploads\/2025\/01\/18-768x576.jpg 768w, https:\/\/www.periferieprahy.cz\/blog\/wp-content\/uploads\/2025\/01\/18-1536x1152.jpg 1536w, https:\/\/www.periferieprahy.cz\/blog\/wp-content\/uploads\/2025\/01\/18.jpg 1600w\" sizes=\"auto, (max-width: 1024px) 100vw, 1024px\" \/><figcaption class=\"wp-element-caption\">Mok\u0159ad v doln\u00ed \u010d\u00e1sti obory<\/figcaption><\/figure>\n<\/div>\n\n<div class=\"wp-block-image\">\n<figure class=\"aligncenter size-large is-resized\"><img decoding=\"async\" src=\"https:\/\/www.periferieprahy.cz\/blog\/wp-content\/uploads\/2025\/01\/36.jpg\" alt=\"\" style=\"width:606px;height:auto\"\/><figcaption class=\"wp-element-caption\">Zbytek zasypan\u00e9 studny v doln\u00ed \u010d\u00e1sti obory<\/figcaption><\/figure>\n<\/div><\/div>\n<\/div>\n\n\n\n<h2 class=\"wp-block-heading\" id=\"lomy\">P\u00edskovcov\u00e9 sk\u00e1ly a lomy<\/h2>\n\n\n\n<p>V obo\u0159e je n\u011bkolik p\u00edskovcov\u00fdch skal, kde se t\u011b\u017eil k\u00e1men ke stavebn\u00edm \u00fa\u010del\u016fm. V\u00edce naleznete na str\u00e1nce Libock\u00e9 podzem\u00ed. Tady jen mal\u00e1 uk\u00e1zka, jak m\u011bl b\u00fdt upraven prostor nejv\u011bt\u0161\u00edho lomu nedaleko &#8222;Sv\u011btlu\u0161ky&#8220;. M\u011bl zde vzniknout jak\u00fdsi amfite\u00e1tr s vyu\u017eit\u00edm vyhlouben\u00fdch \u0161tol do p\u00edskovcov\u00e9 sk\u00e1ly. Na drobn\u00e9 \u0161toly si pamatuji, ale ty u\u017e byly d\u00e1vno zasyp\u00e1ny a zaveleny utr\u017een\u00fdm masivem:<\/p>\n\n\n\n<div class=\"wp-block-columns is-layout-flex wp-container-core-columns-is-layout-9d6595d7 wp-block-columns-is-layout-flex\">\n<div class=\"wp-block-column is-layout-flow wp-block-column-is-layout-flow\"><div class=\"wp-block-image\">\n<figure class=\"aligncenter size-large is-resized\"><img loading=\"lazy\" decoding=\"async\" width=\"1024\" height=\"768\" src=\"https:\/\/www.periferieprahy.cz\/blog\/wp-content\/uploads\/2025\/01\/42-1-1024x768.jpg\" alt=\"\" class=\"wp-image-591\" style=\"width:496px;height:auto\" srcset=\"https:\/\/www.periferieprahy.cz\/blog\/wp-content\/uploads\/2025\/01\/42-1-1024x768.jpg 1024w, https:\/\/www.periferieprahy.cz\/blog\/wp-content\/uploads\/2025\/01\/42-1-300x225.jpg 300w, https:\/\/www.periferieprahy.cz\/blog\/wp-content\/uploads\/2025\/01\/42-1-768x576.jpg 768w, https:\/\/www.periferieprahy.cz\/blog\/wp-content\/uploads\/2025\/01\/42-1-1536x1152.jpg 1536w, https:\/\/www.periferieprahy.cz\/blog\/wp-content\/uploads\/2025\/01\/42-1.jpg 1600w\" sizes=\"auto, (max-width: 1024px) 100vw, 1024px\" \/><\/figure>\n<\/div><\/div>\n\n\n\n<div class=\"wp-block-column is-layout-flow wp-block-column-is-layout-flow\">\n<figure class=\"wp-block-image size-large\"><img loading=\"lazy\" decoding=\"async\" width=\"1024\" height=\"684\" src=\"https:\/\/www.periferieprahy.cz\/blog\/wp-content\/uploads\/2025\/01\/40a-1024x684.jpg\" alt=\"\" class=\"wp-image-589\" srcset=\"https:\/\/www.periferieprahy.cz\/blog\/wp-content\/uploads\/2025\/01\/40a-1024x684.jpg 1024w, https:\/\/www.periferieprahy.cz\/blog\/wp-content\/uploads\/2025\/01\/40a-300x200.jpg 300w, https:\/\/www.periferieprahy.cz\/blog\/wp-content\/uploads\/2025\/01\/40a-768x513.jpg 768w, https:\/\/www.periferieprahy.cz\/blog\/wp-content\/uploads\/2025\/01\/40a-1536x1025.jpg 1536w, https:\/\/www.periferieprahy.cz\/blog\/wp-content\/uploads\/2025\/01\/40a.jpg 1600w\" sizes=\"auto, (max-width: 1024px) 100vw, 1024px\" \/><figcaption class=\"wp-element-caption\">M\u00edsto lomu m\u011bl b\u00fdt na tomto m\u00edst\u011b vybudov\u00e1n amfite\u00e1tr. (z info tabule nau\u010dn\u00e9 stezky). <\/figcaption><\/figure>\n<\/div>\n<\/div>\n\n\n\n<h2 class=\"wp-block-heading\" id=\"bitva\"><strong>Smutn\u00e9 m\u00edsto na\u0161\u00ed historie<\/strong><\/h2>\n\n\n<p>\u00a0Bl\u00ed\u017e\u00ed se 8. listopadu a j\u00e1 jsem se za\u0161el pod\u00edvat se sv\u00fdm vnou\u010dkem na m\u00edsta, kde p\u0159ed 390 l\u00e9ty skon\u010dila b\u011blohorsk\u00e1 bitva posledn\u00ed \u0161arv\u00e1tkou prav\u011b u zdi obory. Kdy\u017e p\u016fjdete oborou kolem jihoz\u00e1padn\u00ed oborn\u00ed zdi, je jedno jestli od Vypichu, nebo z Ruzyn\u011b, naraz\u00edte asi v polovin\u011b cesty na jak\u00fdsi most p\u0159es \u00fadol\u00ed\u010dko, kde asi kdysi tekl potok kolem Sv\u011btli\u010dky. U vn\u011bj\u0161\u00ed strany oborn\u00ed zdi \u00fadol\u00ed\u010dko pokra\u010duje do nevelk\u00e9ho dol\u00edku. Pr\u00e1v\u011b sem se stahoval moravsk\u00fd pluk hrab\u011bte J\u00e1chyma Ond\u0159eje \u0160lika s t\u00edm, \u017ee proniknou do obory a spoj\u00ed se se z\u00e1lohami, kter\u00e9 v obo\u0159e vy\u010dk\u00e1valy na n\u011bjak\u00fd rozkaz, a\u010dkoliv se za zdmi odehr\u00e1vala ji\u017e t\u00e9m\u011b\u0159 hodinov\u00e1 bitva. Otvor, kter\u00fd je ve zdi obory tu byl tak\u00e9, ale zam\u0159\u00ed\u017eovan\u00fd ( j\u00e1 si pamatuji na kovan\u00e1 vr\u00e1tka, ale ty u\u017e d\u00e1vno n\u011bkdo ukradl). Stavov\u0161t\u00ed voj\u00e1ci byli nucen\u00ed v t\u00e9to pasti zah\u00e1jit kruhovou obranu proti velk\u00e9 p\u0159esile c\u00edsa\u0159sk\u00fdch. Traduje se, \u017ee v dol\u00edku bylo a\u017e sedm vrstev padl\u00fdch. Zkrvaven\u00fd hrab\u011b \u0160lik byl pr\u00fd zajat jako posledn\u00ed, s me\u010dem v ruce.<br \/>M\u00edsto je smutn\u00e9 dodnes. Plno v\u00fdkal\u016f a sajrajtu, ale i kr\u00e1m\u016f od hodn\u00fdch soused\u016f, kte\u0159\u00ed se zde zbavuj\u00ed nepot\u0159ebn\u00e9ho.<\/p>\n<p style=\"text-align: right;\">Jaroslav \u0160er\u00e1k, podzim 2010<\/p>\n<p>&nbsp;<\/p>\n\n<div class=\"wp-block-image\">\n<figure class=\"aligncenter size-large is-resized\"><img loading=\"lazy\" decoding=\"async\" width=\"1024\" height=\"783\" src=\"https:\/\/www.periferieprahy.cz\/blog\/wp-content\/uploads\/2025\/01\/47-1024x783.jpg\" alt=\"\" class=\"wp-image-596\" style=\"width:800px\" srcset=\"https:\/\/www.periferieprahy.cz\/blog\/wp-content\/uploads\/2025\/01\/47-1024x783.jpg 1024w, https:\/\/www.periferieprahy.cz\/blog\/wp-content\/uploads\/2025\/01\/47-300x229.jpg 300w, https:\/\/www.periferieprahy.cz\/blog\/wp-content\/uploads\/2025\/01\/47-768x587.jpg 768w, https:\/\/www.periferieprahy.cz\/blog\/wp-content\/uploads\/2025\/01\/47.jpg 1156w\" sizes=\"auto, (max-width: 1024px) 100vw, 1024px\" \/><figcaption class=\"wp-element-caption\">Posledn\u00ed okam\u017eiky bitvy na B\u00edl\u00e9 Ho\u0159e u oborn\u00ed zdi na pl\u00e1tn\u011b Stanislava Hude\u010dka. Moravan\u00e9 jsou obkl\u00ed\u010deni c\u00edsa\u0159sk\u00fdmi. Objekt letohr\u00e1dku ale neodpov\u00edd\u00e1 tehdej\u0161\u00ed situaci. St\u0159echa vypadala jinak.<\/figcaption><\/figure>\n<\/div>\n\n\n<div class=\"wp-block-columns is-layout-flex wp-container-core-columns-is-layout-9d6595d7 wp-block-columns-is-layout-flex\">\n<div class=\"wp-block-column is-layout-flow wp-block-column-is-layout-flow\"><div class=\"wp-block-image\">\n<figure class=\"aligncenter size-large\"><img loading=\"lazy\" decoding=\"async\" width=\"1024\" height=\"768\" src=\"https:\/\/www.periferieprahy.cz\/blog\/wp-content\/uploads\/2025\/01\/48-1024x768.jpg\" alt=\"\" class=\"wp-image-597\" srcset=\"https:\/\/www.periferieprahy.cz\/blog\/wp-content\/uploads\/2025\/01\/48-1024x768.jpg 1024w, https:\/\/www.periferieprahy.cz\/blog\/wp-content\/uploads\/2025\/01\/48-300x225.jpg 300w, https:\/\/www.periferieprahy.cz\/blog\/wp-content\/uploads\/2025\/01\/48-768x576.jpg 768w, https:\/\/www.periferieprahy.cz\/blog\/wp-content\/uploads\/2025\/01\/48-1536x1152.jpg 1536w, https:\/\/www.periferieprahy.cz\/blog\/wp-content\/uploads\/2025\/01\/48.jpg 1600w\" sizes=\"auto, (max-width: 1024px) 100vw, 1024px\" \/><figcaption class=\"wp-element-caption\">Toto je m\u00edsto, kde se cel\u00e9 drama odehr\u00e1lo. Svah k oborn\u00ed zdi je dnes zarostl\u00fd k\u0159ov\u00edm. Tam dole je otvor, d\u0159\u00edve zam\u0159\u00ed\u017eovan\u00fd, posledn\u00ed ale plan\u00e1 nad\u011bje \u010desk\u00fdch stav\u016f na z\u00e1chranu.<\/figcaption><\/figure>\n<\/div><\/div>\n\n\n\n<div class=\"wp-block-column is-layout-flow wp-block-column-is-layout-flow\"><div class=\"wp-block-image\">\n<figure class=\"aligncenter size-large\"><img loading=\"lazy\" decoding=\"async\" width=\"1024\" height=\"768\" src=\"https:\/\/www.periferieprahy.cz\/blog\/wp-content\/uploads\/2025\/01\/48a-1024x768.jpg\" alt=\"\" class=\"wp-image-598\" srcset=\"https:\/\/www.periferieprahy.cz\/blog\/wp-content\/uploads\/2025\/01\/48a-1024x768.jpg 1024w, https:\/\/www.periferieprahy.cz\/blog\/wp-content\/uploads\/2025\/01\/48a-300x225.jpg 300w, https:\/\/www.periferieprahy.cz\/blog\/wp-content\/uploads\/2025\/01\/48a-768x576.jpg 768w, https:\/\/www.periferieprahy.cz\/blog\/wp-content\/uploads\/2025\/01\/48a-1536x1152.jpg 1536w, https:\/\/www.periferieprahy.cz\/blog\/wp-content\/uploads\/2025\/01\/48a.jpg 1600w\" sizes=\"auto, (max-width: 1024px) 100vw, 1024px\" \/><figcaption class=\"wp-element-caption\">Cesta vedouc\u00ed od Vypichu pod\u00e9l zdi.  Vlevo je m\u00edsto posledn\u00ed bitvy \u0160lika s c\u00edsa\u0159sk\u00fdmi.<\/figcaption><\/figure>\n<\/div><\/div>\n<\/div>\n\n\n\n<p>Z druh\u00e9 strany zdi je jak\u00fdsi m\u016fstek p\u0159es potok, kter\u00fdm prot\u00e9kala voda ze svahu za oborn\u00ed zd\u00ed&#8230;<\/p>\n\n\n\n<div class=\"wp-block-columns is-layout-flex wp-container-core-columns-is-layout-9d6595d7 wp-block-columns-is-layout-flex\">\n<div class=\"wp-block-column is-layout-flow wp-block-column-is-layout-flow\"><div class=\"wp-block-image\">\n<figure class=\"aligncenter size-full\"><img loading=\"lazy\" decoding=\"async\" width=\"786\" height=\"754\" src=\"https:\/\/www.periferieprahy.cz\/blog\/wp-content\/uploads\/2025\/01\/49a.jpg\" alt=\"\" class=\"wp-image-600\" srcset=\"https:\/\/www.periferieprahy.cz\/blog\/wp-content\/uploads\/2025\/01\/49a.jpg 786w, https:\/\/www.periferieprahy.cz\/blog\/wp-content\/uploads\/2025\/01\/49a-300x288.jpg 300w, https:\/\/www.periferieprahy.cz\/blog\/wp-content\/uploads\/2025\/01\/49a-768x737.jpg 768w\" sizes=\"auto, (max-width: 786px) 100vw, 786px\" \/><\/figure>\n<\/div><\/div>\n\n\n\n<div class=\"wp-block-column is-layout-flow wp-block-column-is-layout-flow\">\n<figure class=\"wp-block-image size-large\"><img loading=\"lazy\" decoding=\"async\" width=\"1024\" height=\"768\" src=\"https:\/\/www.periferieprahy.cz\/blog\/wp-content\/uploads\/2025\/01\/49-1024x768.jpg\" alt=\"\" class=\"wp-image-599\" srcset=\"https:\/\/www.periferieprahy.cz\/blog\/wp-content\/uploads\/2025\/01\/49-1024x768.jpg 1024w, https:\/\/www.periferieprahy.cz\/blog\/wp-content\/uploads\/2025\/01\/49-300x225.jpg 300w, https:\/\/www.periferieprahy.cz\/blog\/wp-content\/uploads\/2025\/01\/49-768x576.jpg 768w, https:\/\/www.periferieprahy.cz\/blog\/wp-content\/uploads\/2025\/01\/49-1536x1152.jpg 1536w, https:\/\/www.periferieprahy.cz\/blog\/wp-content\/uploads\/2025\/01\/49.jpg 1600w\" sizes=\"auto, (max-width: 1024px) 100vw, 1024px\" \/><\/figure>\n<\/div>\n<\/div>\n\n\n\n<p>&#8230;.K tomu slou\u017eil otvor, kter\u00fd byl ke sm\u016fle \u0160likov\u00fdch spolubojovn\u00edk\u016f opat\u0159en m\u0159\u00ed\u017e\u00ed. Dnes by to m\u011bli jednodu\u0161\u0161\u00ed, ale ur\u010dit\u011b by se jim zvedl \u017ealudek z toho sajrajtu.<\/p>\n\n\n\n<div class=\"wp-block-columns is-layout-flex wp-container-core-columns-is-layout-9d6595d7 wp-block-columns-is-layout-flex\">\n<div class=\"wp-block-column is-layout-flow wp-block-column-is-layout-flow\">\n<figure class=\"wp-block-image size-large\"><img loading=\"lazy\" decoding=\"async\" width=\"768\" height=\"1024\" src=\"https:\/\/www.periferieprahy.cz\/blog\/wp-content\/uploads\/2025\/01\/50a-768x1024.jpg\" alt=\"\" class=\"wp-image-602\" srcset=\"https:\/\/www.periferieprahy.cz\/blog\/wp-content\/uploads\/2025\/01\/50a-768x1024.jpg 768w, https:\/\/www.periferieprahy.cz\/blog\/wp-content\/uploads\/2025\/01\/50a-225x300.jpg 225w, https:\/\/www.periferieprahy.cz\/blog\/wp-content\/uploads\/2025\/01\/50a-1152x1536.jpg 1152w, https:\/\/www.periferieprahy.cz\/blog\/wp-content\/uploads\/2025\/01\/50a.jpg 1200w\" sizes=\"auto, (max-width: 768px) 100vw, 768px\" \/><\/figure>\n<\/div>\n\n\n\n<div class=\"wp-block-column is-layout-flow wp-block-column-is-layout-flow\">\n<figure class=\"wp-block-image size-large\"><img loading=\"lazy\" decoding=\"async\" width=\"768\" height=\"1024\" src=\"https:\/\/www.periferieprahy.cz\/blog\/wp-content\/uploads\/2025\/01\/50-768x1024.jpg\" alt=\"\" class=\"wp-image-601\" srcset=\"https:\/\/www.periferieprahy.cz\/blog\/wp-content\/uploads\/2025\/01\/50-768x1024.jpg 768w, https:\/\/www.periferieprahy.cz\/blog\/wp-content\/uploads\/2025\/01\/50-225x300.jpg 225w, https:\/\/www.periferieprahy.cz\/blog\/wp-content\/uploads\/2025\/01\/50-1152x1536.jpg 1152w, https:\/\/www.periferieprahy.cz\/blog\/wp-content\/uploads\/2025\/01\/50.jpg 1200w\" sizes=\"auto, (max-width: 768px) 100vw, 768px\" \/><\/figure>\n<\/div>\n<\/div>\n\n\n<div class=\"wp-block-image\">\n<figure class=\"aligncenter size-full is-resized\"><img loading=\"lazy\" decoding=\"async\" width=\"417\" height=\"55\" src=\"https:\/\/www.periferieprahy.cz\/blog\/wp-content\/uploads\/2025\/01\/or45.gif\" alt=\"\" class=\"wp-image-148\" style=\"width:306px\"\/><\/figure>\n<\/div>","protected":false},"excerpt":{"rendered":"<p>Spr\u00e1vce obory, R\u00f6dlova restaurace Letohr\u00e1dek Hv\u011bzda H\u00e1jenka, c\u00edsa\u0159sk\u00e1 kuchyn\u011b Alt\u00e1nek Br\u00e1ny a oplocen\u00ed Mok\u0159ady a voda P\u00edskovcov\u00e9 sk\u00e1ly a lomy Smutn\u00e9 m\u00edsto na\u0161\u00ed historie bora Hv\u011bzda se stejnojmenn\u00fdm letohr\u00e1dkem pat\u0159\u00ed k nejv\u011bt\u0161\u00edm pozoruhodnostem v Liboci. Ps\u00e1t zde rozs\u00e1hl\u00e9 pojedn\u00e1n\u00ed o letohr\u00e1dku a obo\u0159e by bylo zbyte\u010dn\u00e9. Velmi p\u011bkn\u011b je to ud\u011bl\u00e1no na m\u00edstopisn\u00fdch str\u00e1nk\u00e1ch m\u00edstopisn\u00fdch &hellip;<br \/><a href=\"https:\/\/www.periferieprahy.cz\/blog\/2025\/01\/10\/c-p-1-a-86-obora-hvezda\/\" class=\"more-link pen_button pen_element_default pen_icon_arrow_double\">Pokra\u010dovat ve\u00a0\u010dten\u00ed <span class=\"screen-reader-text\">\u010c.p. 1 a 86 obora Hv\u011bzda<\/span><\/a><\/p>\n","protected":false},"author":1,"featured_media":634,"comment_status":"open","ping_status":"open","sticky":false,"template":"","format":"standard","meta":{"_exactmetrics_skip_tracking":false,"_exactmetrics_sitenote_active":false,"_exactmetrics_sitenote_note":"","_exactmetrics_sitenote_category":0,"footnotes":""},"categories":[28,3],"tags":[],"post_folder":[],"class_list":["post-526","post","type-post","status-publish","format-standard","has-post-thumbnail","hentry","category-hospody","category-redakce"],"_links":{"self":[{"href":"https:\/\/www.periferieprahy.cz\/blog\/wp-json\/wp\/v2\/posts\/526","targetHints":{"allow":["GET"]}}],"collection":[{"href":"https:\/\/www.periferieprahy.cz\/blog\/wp-json\/wp\/v2\/posts"}],"about":[{"href":"https:\/\/www.periferieprahy.cz\/blog\/wp-json\/wp\/v2\/types\/post"}],"author":[{"embeddable":true,"href":"https:\/\/www.periferieprahy.cz\/blog\/wp-json\/wp\/v2\/users\/1"}],"replies":[{"embeddable":true,"href":"https:\/\/www.periferieprahy.cz\/blog\/wp-json\/wp\/v2\/comments?post=526"}],"version-history":[{"count":5,"href":"https:\/\/www.periferieprahy.cz\/blog\/wp-json\/wp\/v2\/posts\/526\/revisions"}],"predecessor-version":[{"id":750,"href":"https:\/\/www.periferieprahy.cz\/blog\/wp-json\/wp\/v2\/posts\/526\/revisions\/750"}],"wp:featuredmedia":[{"embeddable":true,"href":"https:\/\/www.periferieprahy.cz\/blog\/wp-json\/wp\/v2\/media\/634"}],"wp:attachment":[{"href":"https:\/\/www.periferieprahy.cz\/blog\/wp-json\/wp\/v2\/media?parent=526"}],"wp:term":[{"taxonomy":"category","embeddable":true,"href":"https:\/\/www.periferieprahy.cz\/blog\/wp-json\/wp\/v2\/categories?post=526"},{"taxonomy":"post_tag","embeddable":true,"href":"https:\/\/www.periferieprahy.cz\/blog\/wp-json\/wp\/v2\/tags?post=526"},{"taxonomy":"post_folder","embeddable":true,"href":"https:\/\/www.periferieprahy.cz\/blog\/wp-json\/wp\/v2\/post_folder?post=526"}],"curies":[{"name":"wp","href":"https:\/\/api.w.org\/{rel}","templated":true}]}}