{"id":5527,"date":"2025-08-09T07:50:44","date_gmt":"2025-08-09T05:50:44","guid":{"rendered":"https:\/\/www.periferieprahy.cz\/blog\/?p=5527"},"modified":"2025-08-11T21:55:39","modified_gmt":"2025-08-11T19:55:39","slug":"zeleznice-v-liboci-a-ruzyni","status":"publish","type":"post","link":"https:\/\/www.periferieprahy.cz\/blog\/2025\/08\/09\/zeleznice-v-liboci-a-ruzyni\/","title":{"rendered":"\u017deleznice v Liboci a Ruzyni"},"content":{"rendered":"\n<p>\n<img loading=\"lazy\" decoding=\"async\" border=\"0\" src=\"https:\/\/www.periferieprahy.cz\/blog\/wp-content\/uploads\/2024\/12\/pismo7_19.gif\" width=\"99\" height=\"125\" align=\"left\">ak \nse bl\u00ed\u017e\u00ed doba, kdy p\u0159es Liboc a Ruzyni povede dvoukolejn\u00e1 rychlodr\u00e1ha. Bude \nvybudov\u00e1na nov\u00e1 zast\u00e1vka Liboc u ulice Brodeck\u00e1 a Pavlovsk\u00e1, Zcela se zm\u011bn\u00ed \nsituace u p\u0159emost\u011bn\u00ed Libock\u00e9. Jinak to bude vypadat po \u00faprav\u011b viaduktu u \nlibock\u00e9ho rybn\u00edka. Liboc i Ruzyn\u011b&nbsp; v n\u011bkter\u00fdch m\u00edstech bude zm\u011bn\u011bna k \nnepozn\u00e1n\u00ed. C\u00edlem tohoto p\u0159\u00edsp\u011bvku nen\u00ed obhajoba, \u010di kritika navrhovan\u00e9ho \u0159e\u0161en\u00ed. \nTo je v\u011bc\u00ed st\u00e1le prob\u00edhaj\u00edc\u00edch jedn\u00e1n\u00ed, projedn\u00e1v\u00e1n\u00ed p\u0159ipom\u00ednek, vyhodnocov\u00e1n\u00ed \nr\u016fzn\u00fdch n\u00e1zor\u016f&#8230; Cht\u011bl bych jen pro budouc\u00ed generace dokumentovat, jak to asi \nvypadalo p\u0159ed realizac\u00ed tohoto d\u00edla. <b>Samoz\u0159ejm\u011b, \u017ee bude skv\u011bl\u00e9, kdy\u017e to dopln\u00edte o Va\u0161e koment\u00e1\u0159e, fotografie, vzpom\u00ednky.<\/b> <\/p>\n<p>Nejprve ale nahl\u00e9dn\u011bme do n\u00e1vrh\u016f d\u00edla,kter\u00e9 p\u0159edpokl\u00e1d\u00e1 modernizaci spojen\u00ed Kladna a pra\u017esk\u00e9ho leti\u0161t\u011b s pra\u017esk\u00fdm centrem.<\/p>\n\n\n<span class=\"su-lightbox\" data-mfp-src=\"https:\/\/www.periferieprahy.cz\/blog\/wp-content\/uploads\/2025\/08\/prezentace_sz_k_verejnemu_setkani.pdf\" data-mfp-type=\"iframe\" data-mobile=\"yes\"><font color=\"blue\"><u> Prezentace: https:\/\/www.dopravni6.cz\/2025\/03\/19\/sz-predstavilo-upraveny-projekt-modernizace-trati-v-liboci\/<\/u><\/font><\/span>\n\n\n<div class=\"wp-block-image\">\n<figure class=\"aligncenter size-large\"><img loading=\"lazy\" decoding=\"async\" width=\"1024\" height=\"337\" src=\"https:\/\/www.periferieprahy.cz\/blog\/wp-content\/uploads\/2025\/08\/brodecka_pavlovska-zastavka-1024x337.jpg\" alt=\"\" class=\"wp-image-5532\" srcset=\"https:\/\/www.periferieprahy.cz\/blog\/wp-content\/uploads\/2025\/08\/brodecka_pavlovska-zastavka-1024x337.jpg 1024w, https:\/\/www.periferieprahy.cz\/blog\/wp-content\/uploads\/2025\/08\/brodecka_pavlovska-zastavka-300x99.jpg 300w, https:\/\/www.periferieprahy.cz\/blog\/wp-content\/uploads\/2025\/08\/brodecka_pavlovska-zastavka-150x49.jpg 150w, https:\/\/www.periferieprahy.cz\/blog\/wp-content\/uploads\/2025\/08\/brodecka_pavlovska-zastavka-768x253.jpg 768w, https:\/\/www.periferieprahy.cz\/blog\/wp-content\/uploads\/2025\/08\/brodecka_pavlovska-zastavka.jpg 1274w\" sizes=\"auto, (max-width: 1024px) 100vw, 1024px\" \/><figcaption class=\"wp-element-caption\">Brodeck\u00e1, pohled sm\u011brem k Pavlovsk\u00e9. Vpravo d\u016fm \u010d,p, 142. \nTak tady, vlevo pod\u00e9l Brodeck\u00e9, by m\u011bla st\u00e1t \u017eelezni\u010dn\u00ed zast\u00e1vka Liboc.<\/figcaption><\/figure>\n<\/div>\n\n<div class=\"wp-block-image\">\n<figure class=\"aligncenter size-large is-resized\"><img loading=\"lazy\" decoding=\"async\" width=\"1024\" height=\"370\" src=\"https:\/\/www.periferieprahy.cz\/blog\/wp-content\/uploads\/2025\/08\/spotzova-litovicka-u-prioru-1024x370.jpg\" alt=\"\" class=\"wp-image-5548\" style=\"width:773px;height:auto\" srcset=\"https:\/\/www.periferieprahy.cz\/blog\/wp-content\/uploads\/2025\/08\/spotzova-litovicka-u-prioru-1024x370.jpg 1024w, https:\/\/www.periferieprahy.cz\/blog\/wp-content\/uploads\/2025\/08\/spotzova-litovicka-u-prioru-300x108.jpg 300w, https:\/\/www.periferieprahy.cz\/blog\/wp-content\/uploads\/2025\/08\/spotzova-litovicka-u-prioru-150x54.jpg 150w, https:\/\/www.periferieprahy.cz\/blog\/wp-content\/uploads\/2025\/08\/spotzova-litovicka-u-prioru-768x277.jpg 768w, https:\/\/www.periferieprahy.cz\/blog\/wp-content\/uploads\/2025\/08\/spotzova-litovicka-u-prioru.jpg 1302w\" sizes=\"auto, (max-width: 1024px) 100vw, 1024px\" \/><figcaption class=\"wp-element-caption\">Pohled od \u0160potzovy. Zmiz\u00ed p\u0159ejezd a Litovick\u00e1 k p\u0159ejezdu se zm\u011bn\u00ed na parkovi\u0161t\u011b. Ulice U Prioru tak\u00e9 nebude za\u00fast\u011bna do t\u00e9to k\u0159i\u017eovatky, ale povede rovn\u011b pod\u00e9l trati a do Libock\u00e9 bude za\u00fast\u011bna k\u0159i\u017eovatkou p\u0159ed p\u0159emost\u011bn\u00edm Libock\u00e9.<\/figcaption><\/figure>\n<\/div>\n\n<div class=\"wp-block-image\">\n<figure class=\"aligncenter size-large is-resized\"><img loading=\"lazy\" decoding=\"async\" width=\"1024\" height=\"578\" src=\"https:\/\/www.periferieprahy.cz\/blog\/wp-content\/uploads\/2025\/08\/IMG20250501101316-1024x578.jpg\" alt=\"\" class=\"wp-image-5549\" style=\"width:682px;height:auto\" srcset=\"https:\/\/www.periferieprahy.cz\/blog\/wp-content\/uploads\/2025\/08\/IMG20250501101316-1024x578.jpg 1024w, https:\/\/www.periferieprahy.cz\/blog\/wp-content\/uploads\/2025\/08\/IMG20250501101316-300x169.jpg 300w, https:\/\/www.periferieprahy.cz\/blog\/wp-content\/uploads\/2025\/08\/IMG20250501101316-150x85.jpg 150w, https:\/\/www.periferieprahy.cz\/blog\/wp-content\/uploads\/2025\/08\/IMG20250501101316-768x433.jpg 768w, https:\/\/www.periferieprahy.cz\/blog\/wp-content\/uploads\/2025\/08\/IMG20250501101316-1536x866.jpg 1536w, https:\/\/www.periferieprahy.cz\/blog\/wp-content\/uploads\/2025\/08\/IMG20250501101316-2048x1155.jpg 2048w\" sizes=\"auto, (max-width: 1024px) 100vw, 1024px\" \/><figcaption class=\"wp-element-caption\">V pozad\u00ed p\u0159ejezd v Litovick\u00e9 zmiz\u00ed, a pod\u00e9l nov\u00e9, dvojkolejn\u00e9 trati, povede vpravo ulice U Prioru a tam dole bude k\u0159i\u017eovatka s Libockou, Foceno p\u0159ed p\u0159emost\u011bn\u00edm Libock\u00e9.<\/figcaption><\/figure>\n<\/div>\n\n<div class=\"wp-block-image\">\n<figure class=\"aligncenter size-large is-resized\"><img loading=\"lazy\" decoding=\"async\" width=\"1024\" height=\"578\" src=\"https:\/\/www.periferieprahy.cz\/blog\/wp-content\/uploads\/2025\/08\/IMG20250501101500-1024x578.jpg\" alt=\"\" class=\"wp-image-5551\" style=\"width:826px;height:auto\" srcset=\"https:\/\/www.periferieprahy.cz\/blog\/wp-content\/uploads\/2025\/08\/IMG20250501101500-1024x578.jpg 1024w, https:\/\/www.periferieprahy.cz\/blog\/wp-content\/uploads\/2025\/08\/IMG20250501101500-300x169.jpg 300w, https:\/\/www.periferieprahy.cz\/blog\/wp-content\/uploads\/2025\/08\/IMG20250501101500-150x85.jpg 150w, https:\/\/www.periferieprahy.cz\/blog\/wp-content\/uploads\/2025\/08\/IMG20250501101500-768x433.jpg 768w, https:\/\/www.periferieprahy.cz\/blog\/wp-content\/uploads\/2025\/08\/IMG20250501101500-1536x866.jpg 1536w, https:\/\/www.periferieprahy.cz\/blog\/wp-content\/uploads\/2025\/08\/IMG20250501101500-2048x1155.jpg 2048w\" sizes=\"auto, (max-width: 1024px) 100vw, 1024px\" \/><figcaption class=\"wp-element-caption\">To je d\u016fm \u010d.p. 101 v Libock\u00e9, t\u011bsn\u011b za p\u0159emost\u011bn\u00edm. Tam dole, bude k\u0159i\u017eovatka Libock\u00e9 a U Prioru.<\/figcaption><\/figure>\n<\/div>\n\n<div class=\"wp-block-image\">\n<figure class=\"aligncenter size-full is-resized\"><img loading=\"lazy\" decoding=\"async\" width=\"993\" height=\"642\" src=\"https:\/\/www.periferieprahy.cz\/blog\/wp-content\/uploads\/2025\/08\/pojezd-libocka.jpg\" alt=\"\" class=\"wp-image-5556\" style=\"width:636px;height:auto\" srcset=\"https:\/\/www.periferieprahy.cz\/blog\/wp-content\/uploads\/2025\/08\/pojezd-libocka.jpg 993w, https:\/\/www.periferieprahy.cz\/blog\/wp-content\/uploads\/2025\/08\/pojezd-libocka-300x194.jpg 300w, https:\/\/www.periferieprahy.cz\/blog\/wp-content\/uploads\/2025\/08\/pojezd-libocka-150x97.jpg 150w, https:\/\/www.periferieprahy.cz\/blog\/wp-content\/uploads\/2025\/08\/pojezd-libocka-768x497.jpg 768w\" sizes=\"auto, (max-width: 993px) 100vw, 993px\" \/><figcaption class=\"wp-element-caption\">P\u0159emost\u011bn\u00ed Libock\u00e9 bude pro oba sm\u011bry&#8230;A hned za podjezdem bude k\u0159i\u017eovatka&#8230;<\/figcaption><\/figure>\n<\/div>\n\n<div class=\"wp-block-image\">\n<figure class=\"aligncenter size-full\"><img loading=\"lazy\" decoding=\"async\" width=\"894\" height=\"462\" src=\"https:\/\/www.periferieprahy.cz\/blog\/wp-content\/uploads\/2025\/08\/krizovatka-libocka-u-prioru.jpg\" alt=\"\" class=\"wp-image-5553\" srcset=\"https:\/\/www.periferieprahy.cz\/blog\/wp-content\/uploads\/2025\/08\/krizovatka-libocka-u-prioru.jpg 894w, https:\/\/www.periferieprahy.cz\/blog\/wp-content\/uploads\/2025\/08\/krizovatka-libocka-u-prioru-300x155.jpg 300w, https:\/\/www.periferieprahy.cz\/blog\/wp-content\/uploads\/2025\/08\/krizovatka-libocka-u-prioru-150x78.jpg 150w, https:\/\/www.periferieprahy.cz\/blog\/wp-content\/uploads\/2025\/08\/krizovatka-libocka-u-prioru-768x397.jpg 768w\" sizes=\"auto, (max-width: 894px) 100vw, 894px\" \/><figcaption class=\"wp-element-caption\">Tak tady bude dosti frekventovan\u00e1 k\u0159i\u017eovatka v obou sm\u011brech ulic Libock\u00e1 a U Prioru. Vpravo d\u016fm \u010d.p. 101<\/figcaption><\/figure>\n<\/div>\n\n<div class=\"su-image-carousel  su-image-carousel-has-spacing su-image-carousel-crop su-image-carousel-crop-1-1 su-image-carousel-has-lightbox su-image-carousel-has-outline su-image-carousel-adaptive su-image-carousel-slides-style-default su-image-carousel-controls-style-dark su-image-carousel-align-center\" style=\"max-width:500px\" data-flickity-options='{\"groupCells\":true,\"cellSelector\":\".su-image-carousel-item\",\"adaptiveHeight\":false,\"cellAlign\":\"left\",\"prevNextButtons\":true,\"pageDots\":true,\"autoPlay\":5000,\"imagesLoaded\":true,\"contain\":true,\"selectedAttraction\":0.007000000000000000145716771982051795930601656436920166015625,\"friction\":0.25}' id=\"su_image_carousel_69f34c69c7b4d\"><div class=\"su-image-carousel-item\"><div class=\"su-image-carousel-item-content\"><a href=\"https:\/\/www.periferieprahy.cz\/blog\/wp-content\/uploads\/2025\/08\/IMG20250501101500-scaled.jpg\" target=\"_blank\" rel=\"noopener noreferrer\" data-caption=\"D\u016fm \u010d.p. 101. A\u017e tu budou protihlukov\u00e9 zdi, tak cestuj\u00edc\u00edm zmiz\u00ed i tento pohled, kde jsou poz\u016fstatky prvorepublikov\u00fdch reklam.\"><img loading=\"lazy\" decoding=\"async\" width=\"2560\" height=\"1444\" src=\"https:\/\/www.periferieprahy.cz\/blog\/wp-content\/uploads\/2025\/08\/IMG20250501101500-scaled.jpg\" class=\"\" alt=\"\" srcset=\"https:\/\/www.periferieprahy.cz\/blog\/wp-content\/uploads\/2025\/08\/IMG20250501101500-scaled.jpg 2560w, https:\/\/www.periferieprahy.cz\/blog\/wp-content\/uploads\/2025\/08\/IMG20250501101500-300x169.jpg 300w, https:\/\/www.periferieprahy.cz\/blog\/wp-content\/uploads\/2025\/08\/IMG20250501101500-1024x578.jpg 1024w, https:\/\/www.periferieprahy.cz\/blog\/wp-content\/uploads\/2025\/08\/IMG20250501101500-150x85.jpg 150w, https:\/\/www.periferieprahy.cz\/blog\/wp-content\/uploads\/2025\/08\/IMG20250501101500-768x433.jpg 768w, https:\/\/www.periferieprahy.cz\/blog\/wp-content\/uploads\/2025\/08\/IMG20250501101500-1536x866.jpg 1536w, https:\/\/www.periferieprahy.cz\/blog\/wp-content\/uploads\/2025\/08\/IMG20250501101500-2048x1155.jpg 2048w\" sizes=\"auto, (max-width: 2560px) 100vw, 2560px\" \/><span>D\u016fm \u010d.p. 101. A\u017e tu budou protihlukov\u00e9 zdi, tak cestuj\u00edc\u00edm zmiz\u00ed i tento pohled, kde jsou poz\u016fstatky prvorepublikov\u00fdch reklam.<\/span><\/a><\/div><\/div><div class=\"su-image-carousel-item\"><div class=\"su-image-carousel-item-content\"><a href=\"https:\/\/www.periferieprahy.cz\/blog\/wp-content\/uploads\/2025\/08\/IMG20250501101415-scaled.jpg\" target=\"_blank\" rel=\"noopener noreferrer\" data-caption=\"D\u016fm \u010d.p. 101. A\u017e tu budou protihlukov\u00e9 zdi, tak cestuj\u00edc\u00edm zmiz\u00ed i tento pohled, kde jsou poz\u016fstatky prvorepublikov\u00fdch reklam.\"><img loading=\"lazy\" decoding=\"async\" width=\"2560\" height=\"1444\" src=\"https:\/\/www.periferieprahy.cz\/blog\/wp-content\/uploads\/2025\/08\/IMG20250501101415-scaled.jpg\" class=\"\" alt=\"\" srcset=\"https:\/\/www.periferieprahy.cz\/blog\/wp-content\/uploads\/2025\/08\/IMG20250501101415-scaled.jpg 2560w, https:\/\/www.periferieprahy.cz\/blog\/wp-content\/uploads\/2025\/08\/IMG20250501101415-300x169.jpg 300w, https:\/\/www.periferieprahy.cz\/blog\/wp-content\/uploads\/2025\/08\/IMG20250501101415-1024x578.jpg 1024w, https:\/\/www.periferieprahy.cz\/blog\/wp-content\/uploads\/2025\/08\/IMG20250501101415-150x85.jpg 150w, https:\/\/www.periferieprahy.cz\/blog\/wp-content\/uploads\/2025\/08\/IMG20250501101415-768x433.jpg 768w, https:\/\/www.periferieprahy.cz\/blog\/wp-content\/uploads\/2025\/08\/IMG20250501101415-1536x866.jpg 1536w, https:\/\/www.periferieprahy.cz\/blog\/wp-content\/uploads\/2025\/08\/IMG20250501101415-2048x1155.jpg 2048w\" sizes=\"auto, (max-width: 2560px) 100vw, 2560px\" \/><span>D\u016fm \u010d.p. 101. A\u017e tu budou protihlukov\u00e9 zdi, tak cestuj\u00edc\u00edm zmiz\u00ed i tento pohled, kde jsou poz\u016fstatky prvorepublikov\u00fdch reklam.<\/span><\/a><\/div><\/div><div class=\"su-image-carousel-item\"><div class=\"su-image-carousel-item-content\"><a href=\"https:\/\/www.periferieprahy.cz\/blog\/wp-content\/uploads\/2025\/08\/IMG20250501102228-scaled-e1754910004341.jpg\" target=\"_blank\" rel=\"noopener noreferrer\" data-caption=\"D\u016fm \u010d.p. 101. A\u017e tu budou protihlukov\u00e9 zdi, tak cestuj\u00edc\u00edm zmiz\u00ed i tento pohled, kde jsou poz\u016fstatky prvorepublikov\u00fdch reklam.\"><img loading=\"lazy\" decoding=\"async\" width=\"1442\" height=\"1720\" src=\"https:\/\/www.periferieprahy.cz\/blog\/wp-content\/uploads\/2025\/08\/IMG20250501102228-scaled-e1754910004341.jpg\" class=\"\" alt=\"\" srcset=\"https:\/\/www.periferieprahy.cz\/blog\/wp-content\/uploads\/2025\/08\/IMG20250501102228-scaled-e1754910004341.jpg 1442w, https:\/\/www.periferieprahy.cz\/blog\/wp-content\/uploads\/2025\/08\/IMG20250501102228-scaled-e1754910004341-252x300.jpg 252w, https:\/\/www.periferieprahy.cz\/blog\/wp-content\/uploads\/2025\/08\/IMG20250501102228-scaled-e1754910004341-858x1024.jpg 858w, https:\/\/www.periferieprahy.cz\/blog\/wp-content\/uploads\/2025\/08\/IMG20250501102228-scaled-e1754910004341-126x150.jpg 126w, https:\/\/www.periferieprahy.cz\/blog\/wp-content\/uploads\/2025\/08\/IMG20250501102228-scaled-e1754910004341-768x916.jpg 768w, https:\/\/www.periferieprahy.cz\/blog\/wp-content\/uploads\/2025\/08\/IMG20250501102228-scaled-e1754910004341-1288x1536.jpg 1288w\" sizes=\"auto, (max-width: 1442px) 100vw, 1442px\" \/><span>D\u016fm \u010d.p. 101. A\u017e tu budou protihlukov\u00e9 zdi, tak cestuj\u00edc\u00edm zmiz\u00ed i tento pohled, kde jsou poz\u016fstatky prvorepublikov\u00fdch reklam.<\/span><\/a><\/div><\/div><div class=\"su-image-carousel-item\"><div class=\"su-image-carousel-item-content\"><a href=\"https:\/\/www.periferieprahy.cz\/blog\/wp-content\/uploads\/2025\/08\/krizovatka-libocka-u-prioru.jpg\" target=\"_blank\" rel=\"noopener noreferrer\" data-caption=\"Tak tady bude dosti frekventovan\u00e1 k\u0159i\u017eovatka v obou sm\u011brech ulic Libock\u00e1 a U Prioru. Vpravo d\u016fm \u010d.p. 101\"><img loading=\"lazy\" decoding=\"async\" width=\"894\" height=\"462\" src=\"https:\/\/www.periferieprahy.cz\/blog\/wp-content\/uploads\/2025\/08\/krizovatka-libocka-u-prioru.jpg\" class=\"\" alt=\"\" srcset=\"https:\/\/www.periferieprahy.cz\/blog\/wp-content\/uploads\/2025\/08\/krizovatka-libocka-u-prioru.jpg 894w, https:\/\/www.periferieprahy.cz\/blog\/wp-content\/uploads\/2025\/08\/krizovatka-libocka-u-prioru-300x155.jpg 300w, https:\/\/www.periferieprahy.cz\/blog\/wp-content\/uploads\/2025\/08\/krizovatka-libocka-u-prioru-150x78.jpg 150w, https:\/\/www.periferieprahy.cz\/blog\/wp-content\/uploads\/2025\/08\/krizovatka-libocka-u-prioru-768x397.jpg 768w\" sizes=\"auto, (max-width: 894px) 100vw, 894px\" \/><span>Tak tady bude dosti frekventovan\u00e1 k\u0159i\u017eovatka v obou sm\u011brech ulic Libock\u00e1 a U Prioru. Vpravo d\u016fm \u010d.p. 101<\/span><\/a><\/div><\/div><\/div><script id=\"su_image_carousel_69f34c69c7b4d_script\">if(window.SUImageCarousel){setTimeout(function() {window.SUImageCarousel.initGallery(document.getElementById(\"su_image_carousel_69f34c69c7b4d\"))}, 0);}var su_image_carousel_69f34c69c7b4d_script=document.getElementById(\"su_image_carousel_69f34c69c7b4d_script\");if(su_image_carousel_69f34c69c7b4d_script){su_image_carousel_69f34c69c7b4d_script.parentNode.removeChild(su_image_carousel_69f34c69c7b4d_script);}<\/script>\n\n\n\n<p class=\"has-text-align-center\">P\u0159e\u017eije to d\u016fm \u010d.p. 101?<\/p>\n\n\n<div class=\"wp-block-image\">\n<figure class=\"aligncenter size-full is-resized\"><img loading=\"lazy\" decoding=\"async\" width=\"417\" height=\"55\" src=\"https:\/\/www.periferieprahy.cz\/blog\/wp-content\/uploads\/2025\/01\/or45.gif\" alt=\"\" class=\"wp-image-148\" style=\"width:300px\"\/><\/figure>\n<\/div>\n\n\n<p>Od p\u0159emost\u011bn\u00ed Libock\u00e9 je jen p\u00e1r metr\u016f dal\u0161\u00ed p\u0159ejezd, tentokr\u00e1te bez z\u00e1vor. I on m\u00e1 odzvon\u011bno. Cestuj\u00edc\u00edm bude skryt za betonovou zd\u00ed pohled i b\u00fdval\u00fd str\u00e1\u017en\u00ed domek p\u016fvodn\u00ed libock\u00e9 zast\u00e1vky z roku 1863, kter\u00fd snad v\u0161e p\u0159e\u017eije. Nov\u011bj\u0161\u00ed \u010dek\u00e1rna, kter\u00e1 doslou\u017eila v roce 1985, pozd\u011bji p\u0159estav\u011bna na obytn\u00fd objekt, to asi nep\u0159e\u017eije. Zkr\u00e1tka protihlukov\u00e1 st\u011bna je pl\u00e1nov\u00e1na snad metr p\u0159ed jej\u00ed severn\u00ed pr\u016f\u010del\u00ed s okny.<\/p>\n\n\n<div class=\"su-image-carousel  su-image-carousel-has-spacing su-image-carousel-crop su-image-carousel-crop-5-4 su-image-carousel-has-lightbox su-image-carousel-has-outline su-image-carousel-adaptive su-image-carousel-slides-style-default su-image-carousel-controls-style-dark su-image-carousel-align-center\" style=\"max-width:500px\" data-flickity-options='{\"groupCells\":true,\"cellSelector\":\".su-image-carousel-item\",\"adaptiveHeight\":false,\"cellAlign\":\"left\",\"prevNextButtons\":true,\"pageDots\":true,\"autoPlay\":5000,\"imagesLoaded\":true,\"contain\":true,\"selectedAttraction\":0.007000000000000000145716771982051795930601656436920166015625,\"friction\":0.25}' id=\"su_image_carousel_69f34c69c8de2\"><div class=\"su-image-carousel-item\"><div class=\"su-image-carousel-item-content\"><a href=\"https:\/\/www.periferieprahy.cz\/blog\/wp-content\/uploads\/2025\/08\/IMG20250501101335-scaled.jpg\" target=\"_blank\" rel=\"noopener noreferrer\" data-caption=\"P\u0159edstavte si dv\u011b koleje v betonov\u00e9m koryt\u011b...\"><img loading=\"lazy\" decoding=\"async\" width=\"2560\" height=\"1444\" src=\"https:\/\/www.periferieprahy.cz\/blog\/wp-content\/uploads\/2025\/08\/IMG20250501101335-scaled.jpg\" class=\"\" alt=\"\" srcset=\"https:\/\/www.periferieprahy.cz\/blog\/wp-content\/uploads\/2025\/08\/IMG20250501101335-scaled.jpg 2560w, https:\/\/www.periferieprahy.cz\/blog\/wp-content\/uploads\/2025\/08\/IMG20250501101335-300x169.jpg 300w, https:\/\/www.periferieprahy.cz\/blog\/wp-content\/uploads\/2025\/08\/IMG20250501101335-1024x578.jpg 1024w, https:\/\/www.periferieprahy.cz\/blog\/wp-content\/uploads\/2025\/08\/IMG20250501101335-150x85.jpg 150w, https:\/\/www.periferieprahy.cz\/blog\/wp-content\/uploads\/2025\/08\/IMG20250501101335-768x433.jpg 768w, https:\/\/www.periferieprahy.cz\/blog\/wp-content\/uploads\/2025\/08\/IMG20250501101335-1536x866.jpg 1536w, https:\/\/www.periferieprahy.cz\/blog\/wp-content\/uploads\/2025\/08\/IMG20250501101335-2048x1155.jpg 2048w\" sizes=\"auto, (max-width: 2560px) 100vw, 2560px\" \/><span>P\u0159edstavte si dv\u011b koleje v betonov\u00e9m koryt\u011b...<\/span><\/a><\/div><\/div><div class=\"su-image-carousel-item\"><div class=\"su-image-carousel-item-content\"><a href=\"https:\/\/www.periferieprahy.cz\/blog\/wp-content\/uploads\/2025\/08\/zdroj-praha6_cz-1.jpeg\" target=\"_blank\" rel=\"noopener noreferrer\" data-caption=\"Od p\u0159emost\u011bn\u00ed Libock\u00e9 je jen p\u00e1r metr\u016f dal\u0161\u00ed p\u0159ejezd, tentokr\u00e1te bez z\u00e1vor. I on m\u00e1 odzvon\u011bno.\"><img loading=\"lazy\" decoding=\"async\" width=\"750\" height=\"563\" src=\"https:\/\/www.periferieprahy.cz\/blog\/wp-content\/uploads\/2025\/08\/zdroj-praha6_cz-1.jpeg\" class=\"\" alt=\"\" srcset=\"https:\/\/www.periferieprahy.cz\/blog\/wp-content\/uploads\/2025\/08\/zdroj-praha6_cz-1.jpeg 750w, https:\/\/www.periferieprahy.cz\/blog\/wp-content\/uploads\/2025\/08\/zdroj-praha6_cz-1-300x225.jpeg 300w, https:\/\/www.periferieprahy.cz\/blog\/wp-content\/uploads\/2025\/08\/zdroj-praha6_cz-1-150x113.jpeg 150w\" sizes=\"auto, (max-width: 750px) 100vw, 750px\" \/><span>Od p\u0159emost\u011bn\u00ed Libock\u00e9 je jen p\u00e1r metr\u016f dal\u0161\u00ed p\u0159ejezd, tentokr\u00e1te bez z\u00e1vor. I on m\u00e1 odzvon\u011bno.<\/span><\/a><\/div><\/div><div class=\"su-image-carousel-item\"><div class=\"su-image-carousel-item-content\"><a href=\"https:\/\/www.periferieprahy.cz\/blog\/wp-content\/uploads\/2025\/08\/stara_zastavka.jpg\" target=\"_blank\" rel=\"noopener noreferrer\" data-caption=\"Od p\u0159emost\u011bn\u00ed Libock\u00e9 je jen p\u00e1r metr\u016f dal\u0161\u00ed p\u0159ejezd, tentokr\u00e1te bez z\u00e1vor. I on m\u00e1 odzvon\u011bno. \nCestuj\u00edc\u00edm bude skryt za betonovou zd\u00ed pohled i na b\u00fdval\u00fd str\u00e1\u017en\u00ed domek p\u016fvodn\u00ed libock\u00e9 zast\u00e1vky z roku 1863, kter\u00fd snad v\u0161e p\u0159e\u017eije.\"><img loading=\"lazy\" decoding=\"async\" width=\"1155\" height=\"730\" src=\"https:\/\/www.periferieprahy.cz\/blog\/wp-content\/uploads\/2025\/08\/stara_zastavka.jpg\" class=\"\" alt=\"\" srcset=\"https:\/\/www.periferieprahy.cz\/blog\/wp-content\/uploads\/2025\/08\/stara_zastavka.jpg 1155w, https:\/\/www.periferieprahy.cz\/blog\/wp-content\/uploads\/2025\/08\/stara_zastavka-300x190.jpg 300w, https:\/\/www.periferieprahy.cz\/blog\/wp-content\/uploads\/2025\/08\/stara_zastavka-1024x647.jpg 1024w, https:\/\/www.periferieprahy.cz\/blog\/wp-content\/uploads\/2025\/08\/stara_zastavka-150x95.jpg 150w, https:\/\/www.periferieprahy.cz\/blog\/wp-content\/uploads\/2025\/08\/stara_zastavka-768x485.jpg 768w\" sizes=\"auto, (max-width: 1155px) 100vw, 1155px\" \/><span>Od p\u0159emost\u011bn\u00ed Libock\u00e9 je jen p\u00e1r metr\u016f dal\u0161\u00ed p\u0159ejezd, tentokr\u00e1te bez z\u00e1vor. I on m\u00e1 odzvon\u011bno. \nCestuj\u00edc\u00edm bude skryt za betonovou zd\u00ed pohled i na b\u00fdval\u00fd str\u00e1\u017en\u00ed domek p\u016fvodn\u00ed libock\u00e9 zast\u00e1vky z roku 1863, kter\u00fd snad v\u0161e p\u0159e\u017eije.<\/span><\/a><\/div><\/div><div class=\"su-image-carousel-item\"><div class=\"su-image-carousel-item-content\"><a href=\"https:\/\/www.periferieprahy.cz\/blog\/wp-content\/uploads\/2025\/08\/cekarna.jpg\" target=\"_blank\" rel=\"noopener noreferrer\" data-caption=\"Nov\u011bj\u0161\u00ed \u010dek\u00e1rna, kter\u00e1 doslou\u017eila v roce 1985, pozd\u011bji p\u0159estav\u011bna na obytn\u00fd objekt, to asi nep\u0159e\u017eije. Zkr\u00e1tka protihlukov\u00e1 st\u011bna je pl\u00e1nov\u00e1na snad metr p\u0159ed jej\u00ed severn\u00ed pr\u016f\u010del\u00ed s okny\"><img loading=\"lazy\" decoding=\"async\" width=\"1875\" height=\"783\" src=\"https:\/\/www.periferieprahy.cz\/blog\/wp-content\/uploads\/2025\/08\/cekarna.jpg\" class=\"\" alt=\"\" srcset=\"https:\/\/www.periferieprahy.cz\/blog\/wp-content\/uploads\/2025\/08\/cekarna.jpg 1875w, https:\/\/www.periferieprahy.cz\/blog\/wp-content\/uploads\/2025\/08\/cekarna-300x125.jpg 300w, https:\/\/www.periferieprahy.cz\/blog\/wp-content\/uploads\/2025\/08\/cekarna-1024x428.jpg 1024w, https:\/\/www.periferieprahy.cz\/blog\/wp-content\/uploads\/2025\/08\/cekarna-150x63.jpg 150w, https:\/\/www.periferieprahy.cz\/blog\/wp-content\/uploads\/2025\/08\/cekarna-768x321.jpg 768w, https:\/\/www.periferieprahy.cz\/blog\/wp-content\/uploads\/2025\/08\/cekarna-1536x641.jpg 1536w\" sizes=\"auto, (max-width: 1875px) 100vw, 1875px\" \/><span>Nov\u011bj\u0161\u00ed \u010dek\u00e1rna, kter\u00e1 doslou\u017eila v roce 1985, pozd\u011bji p\u0159estav\u011bna na obytn\u00fd objekt, to asi nep\u0159e\u017eije. Zkr\u00e1tka protihlukov\u00e1 st\u011bna je pl\u00e1nov\u00e1na snad metr p\u0159ed jej\u00ed severn\u00ed pr\u016f\u010del\u00ed s okny<\/span><\/a><\/div><\/div><\/div><script id=\"su_image_carousel_69f34c69c8de2_script\">if(window.SUImageCarousel){setTimeout(function() {window.SUImageCarousel.initGallery(document.getElementById(\"su_image_carousel_69f34c69c8de2\"))}, 0);}var su_image_carousel_69f34c69c8de2_script=document.getElementById(\"su_image_carousel_69f34c69c8de2_script\");if(su_image_carousel_69f34c69c8de2_script){su_image_carousel_69f34c69c8de2_script.parentNode.removeChild(su_image_carousel_69f34c69c8de2_script);}<\/script>\n\n\n<div class=\"wp-block-image\">\n<figure class=\"aligncenter size-full is-resized\"><img loading=\"lazy\" decoding=\"async\" width=\"417\" height=\"55\" src=\"https:\/\/www.periferieprahy.cz\/blog\/wp-content\/uploads\/2025\/01\/or45.gif\" alt=\"\" class=\"wp-image-148\" style=\"width:300px\"\/><\/figure>\n<\/div>\n\n<div class=\"su-image-carousel  su-image-carousel-has-spacing su-image-carousel-crop su-image-carousel-crop-4-3 su-image-carousel-has-lightbox su-image-carousel-has-outline su-image-carousel-adaptive su-image-carousel-slides-style-default su-image-carousel-controls-style-dark su-image-carousel-align-center\" style=\"max-width:500px\" data-flickity-options='{\"groupCells\":true,\"cellSelector\":\".su-image-carousel-item\",\"adaptiveHeight\":false,\"cellAlign\":\"left\",\"prevNextButtons\":true,\"pageDots\":true,\"autoPlay\":5000,\"imagesLoaded\":true,\"contain\":true,\"selectedAttraction\":0.007000000000000000145716771982051795930601656436920166015625,\"friction\":0.25}' id=\"su_image_carousel_69f34c69c9bba\"><div class=\"su-image-carousel-item\"><div class=\"su-image-carousel-item-content\"><a href=\"https:\/\/www.periferieprahy.cz\/blog\/wp-content\/uploads\/2025\/08\/rybnik1.jpg\" target=\"_blank\" rel=\"noopener noreferrer\" data-caption=\"I viadukt u rybn\u00edka bude pozm\u011bn\u011bn. Jen nebude m\u00edt protihlukov\u00e9 bari\u00e9ry. Nad hladinou se to bude p\u011bkn\u011b rozl\u00e9hat.\"><img loading=\"lazy\" decoding=\"async\" width=\"1067\" height=\"654\" src=\"https:\/\/www.periferieprahy.cz\/blog\/wp-content\/uploads\/2025\/08\/rybnik1.jpg\" class=\"\" alt=\"\" srcset=\"https:\/\/www.periferieprahy.cz\/blog\/wp-content\/uploads\/2025\/08\/rybnik1.jpg 1067w, https:\/\/www.periferieprahy.cz\/blog\/wp-content\/uploads\/2025\/08\/rybnik1-300x184.jpg 300w, https:\/\/www.periferieprahy.cz\/blog\/wp-content\/uploads\/2025\/08\/rybnik1-1024x628.jpg 1024w, https:\/\/www.periferieprahy.cz\/blog\/wp-content\/uploads\/2025\/08\/rybnik1-150x92.jpg 150w, https:\/\/www.periferieprahy.cz\/blog\/wp-content\/uploads\/2025\/08\/rybnik1-768x471.jpg 768w\" sizes=\"auto, (max-width: 1067px) 100vw, 1067px\" \/><span>I viadukt u rybn\u00edka bude pozm\u011bn\u011bn. Jen nebude m\u00edt protihlukov\u00e9 bari\u00e9ry. Nad hladinou se to bude p\u011bkn\u011b rozl\u00e9hat.<\/span><\/a><\/div><\/div><div class=\"su-image-carousel-item\"><div class=\"su-image-carousel-item-content\"><a href=\"https:\/\/www.periferieprahy.cz\/blog\/wp-content\/uploads\/2025\/01\/rybnik14.jpg\" target=\"_blank\" rel=\"noopener noreferrer\" data-caption=\"To nen\u00ed tunel do v\u011b\u010dnosti, ale do Veleslav\u00edna, pod viaduktem bu\u0161t\u011bhradsk\u00e9 dr\u00e1hy u libock\u00e9ho rybn\u00edka. Tento pohled do v\u011b\u010dnosti navazuje na &quot;\u00damrl\u010d\u00ed &quot;cestu, vedouc\u00ed nahoru k ulici &quot;Sestupn\u00e1&quot; a d\u00e1le na star\u00fd libock\u00fd h\u0159bitov. Tak\u00e9 vezme za sv\u00e9. Bude zde v\u011bt\u0161\u00ed obd\u00e9ln\u00edkov\u00e1 d\u00edra.\"><img loading=\"lazy\" decoding=\"async\" width=\"1600\" height=\"1200\" src=\"https:\/\/www.periferieprahy.cz\/blog\/wp-content\/uploads\/2025\/01\/rybnik14.jpg\" class=\"\" alt=\"\" srcset=\"https:\/\/www.periferieprahy.cz\/blog\/wp-content\/uploads\/2025\/01\/rybnik14.jpg 1600w, https:\/\/www.periferieprahy.cz\/blog\/wp-content\/uploads\/2025\/01\/rybnik14-300x225.jpg 300w, https:\/\/www.periferieprahy.cz\/blog\/wp-content\/uploads\/2025\/01\/rybnik14-1024x768.jpg 1024w, https:\/\/www.periferieprahy.cz\/blog\/wp-content\/uploads\/2025\/01\/rybnik14-768x576.jpg 768w, https:\/\/www.periferieprahy.cz\/blog\/wp-content\/uploads\/2025\/01\/rybnik14-1536x1152.jpg 1536w\" sizes=\"auto, (max-width: 1600px) 100vw, 1600px\" \/><span>To nen\u00ed tunel do v\u011b\u010dnosti, ale do Veleslav\u00edna, pod viaduktem bu\u0161t\u011bhradsk\u00e9 dr\u00e1hy u libock\u00e9ho rybn\u00edka. Tento pohled do v\u011b\u010dnosti navazuje na \"\u00damrl\u010d\u00ed \"cestu, vedouc\u00ed nahoru k ulici \"Sestupn\u00e1\" a d\u00e1le na star\u00fd libock\u00fd h\u0159bitov. Tak\u00e9 vezme za sv\u00e9. Bude zde v\u011bt\u0161\u00ed obd\u00e9ln\u00edkov\u00e1 d\u00edra.<\/span><\/a><\/div><\/div><\/div><script id=\"su_image_carousel_69f34c69c9bba_script\">if(window.SUImageCarousel){setTimeout(function() {window.SUImageCarousel.initGallery(document.getElementById(\"su_image_carousel_69f34c69c9bba\"))}, 0);}var su_image_carousel_69f34c69c9bba_script=document.getElementById(\"su_image_carousel_69f34c69c9bba_script\");if(su_image_carousel_69f34c69c9bba_script){su_image_carousel_69f34c69c9bba_script.parentNode.removeChild(su_image_carousel_69f34c69c9bba_script);}<\/script>\n\n\n\n<p><\/p>\n","protected":false},"excerpt":{"rendered":"<p>Tak se bl\u00ed\u017e\u00ed doba, kdy p\u0159es Liboc a Ruzyni povede dvoukolejn\u00e1 rychlodr\u00e1ha. Bude vybudov\u00e1na nov\u00e1 zast\u00e1vka Liboc u ulice Brodeck\u00e1 a Pavlovsk\u00e1, Zcela se zm\u011bn\u00ed situace u p\u0159emost\u011bn\u00ed Libock\u00e9. Jinak to bude vypadat po \u00faprav\u011b viaduktu u Libock\u00e9ho rybn\u00edka. Liboc i Ruzyn\u011b  v n\u011bkter\u00fdch m\u00edstech bude zm\u011bn\u011bna k nepozn\u00e1n\u00ed. C\u00edlem tohoto p\u0159\u00edsp\u011bvku nen\u00ed obhajoba, \u010di kritika navrhovan\u00e9ho \u0159e\u0161en\u00ed. To je v\u011bc\u00ed st\u00e1le prob\u00edhaj\u00edc\u00edch jedn\u00e1n\u00ed, projedn\u00e1v\u00e1n\u00ed p\u0159ipom\u00ednek, vyhodnocov\u00e1n\u00ed r\u016fzn\u00fdch n\u00e1zor\u016f\u2026 Cht\u011bl bych jen pro budouc\u00ed generace dokumentovat, jak to asi vypadalo p\u0159ed realizac\u00ed tohoto d\u00edla. Samoz\u0159ejm\u011b, \u017ee bude skv\u011bl\u00e9, kdy\u017e to dopln\u00edte o Va\u0161e koment\u00e1\u0159e, fotografie, vzpom\u00ednky.<\/p>\n","protected":false},"author":1,"featured_media":5532,"comment_status":"open","ping_status":"open","sticky":false,"template":"","format":"aside","meta":{"_exactmetrics_skip_tracking":false,"_exactmetrics_sitenote_active":false,"_exactmetrics_sitenote_note":"","_exactmetrics_sitenote_category":0,"footnotes":""},"categories":[1,3],"tags":[],"post_folder":[],"class_list":["post-5527","post","type-post","status-publish","format-aside","has-post-thumbnail","hentry","category-nezarazene","category-redakce","post_format-post-format-aside"],"_links":{"self":[{"href":"https:\/\/www.periferieprahy.cz\/blog\/wp-json\/wp\/v2\/posts\/5527","targetHints":{"allow":["GET"]}}],"collection":[{"href":"https:\/\/www.periferieprahy.cz\/blog\/wp-json\/wp\/v2\/posts"}],"about":[{"href":"https:\/\/www.periferieprahy.cz\/blog\/wp-json\/wp\/v2\/types\/post"}],"author":[{"embeddable":true,"href":"https:\/\/www.periferieprahy.cz\/blog\/wp-json\/wp\/v2\/users\/1"}],"replies":[{"embeddable":true,"href":"https:\/\/www.periferieprahy.cz\/blog\/wp-json\/wp\/v2\/comments?post=5527"}],"version-history":[{"count":28,"href":"https:\/\/www.periferieprahy.cz\/blog\/wp-json\/wp\/v2\/posts\/5527\/revisions"}],"predecessor-version":[{"id":5589,"href":"https:\/\/www.periferieprahy.cz\/blog\/wp-json\/wp\/v2\/posts\/5527\/revisions\/5589"}],"wp:featuredmedia":[{"embeddable":true,"href":"https:\/\/www.periferieprahy.cz\/blog\/wp-json\/wp\/v2\/media\/5532"}],"wp:attachment":[{"href":"https:\/\/www.periferieprahy.cz\/blog\/wp-json\/wp\/v2\/media?parent=5527"}],"wp:term":[{"taxonomy":"category","embeddable":true,"href":"https:\/\/www.periferieprahy.cz\/blog\/wp-json\/wp\/v2\/categories?post=5527"},{"taxonomy":"post_tag","embeddable":true,"href":"https:\/\/www.periferieprahy.cz\/blog\/wp-json\/wp\/v2\/tags?post=5527"},{"taxonomy":"post_folder","embeddable":true,"href":"https:\/\/www.periferieprahy.cz\/blog\/wp-json\/wp\/v2\/post_folder?post=5527"}],"curies":[{"name":"wp","href":"https:\/\/api.w.org\/{rel}","templated":true}]}}