{"id":67,"date":"2024-12-31T14:38:53","date_gmt":"2024-12-31T13:38:53","guid":{"rendered":"https:\/\/www.periferieprahy.cz\/blog\/?p=67"},"modified":"2025-05-13T05:32:55","modified_gmt":"2025-05-13T03:32:55","slug":"c-p","status":"publish","type":"post","link":"https:\/\/www.periferieprahy.cz\/blog\/2024\/12\/31\/c-p\/","title":{"rendered":"Kostel sv. Fabi\u00e1na a \u0160ebesti\u00e1na"},"content":{"rendered":"\n<p align=\"justify\"><font color=\"\">\n\t\t\t<span style=\"font-style: italic; letter-spacing: normal\"><img loading=\"lazy\" decoding=\"async\" border=\"0\" src=\"https:\/\/www.periferieprahy.cz\/blog\/wp-content\/uploads\/2024\/12\/pismo7_6.gif\" width=\"94\" height=\"116\" align=\"left\"><span style=\"visibility: hidden\"><font size=\"1\">F<\/font><\/span>arn\u00ed \n\t\t\tchr\u00e1m n\u00e1le\u017e\u00ed sv\u00fdm zalo\u017een\u00edm k nejstar\u0161\u00edm kostel\u016fm v \u010cech\u00e1ch. Dle \n\t\t\tH\u00e1jka zalo\u017een byl od kn\u00ed\u017eete Boleslava II. na m\u00edst\u011b, kde pohansk\u00fd \n\t\t\tVr\u0161ovec Hradoboj k\u00e1zal usmrtiti kn\u011bze Prostivoje, hl\u00e1saj\u00edc\u00edho zde \n\t\t\tevangelium Kristovo pohansk\u00e9mu lidu. R. 1318 byl ji\u017e kostel libock\u00fd \n\t\t\tfarn\u00ed a odevzd\u00e1n kl\u00e1\u0161teru b\u0159evnovsk\u00e9mu biskupem Janem IV. s podac\u00edm \n\t\t\tkosteln\u00edm i se v\u0161emi po\u017eitky \u00bbin perpetuum\u00ab. Fara n\u00e1le\u017eela k \n\t\t\td\u011bkanstv\u00ed o\u0159echovsk\u00e9mu. Za v\u00e1lek husitsk\u00fdch zabrala [Liboc] (1420) i \n\t\t\ts podac\u00edm kosteln\u00edm obec pra\u017esk\u00e1. C\u00eds. Sigmund zapsal (1436) ji \n\t\t\tm\u011b\u0161\u0165an\u016fm starom\u011bstsk\u00fdm, co\u017e jim bylo potvrzeno kr\u00e1lem Ji\u0159\u00edm (1459) a \n\t\t\tVladislavem (1470). Starom\u011bst\u0161t\u00ed m\u011b\u0161\u0165an\u00e9 prodali pozd\u011bji dv\u016fr \n\t\t\tlibock\u00fd Janu zvan\u00e9mu z [Liboc]-e, od n\u011bho\u017e jej koupil op\u011bt opat \n\t\t\tb\u0159evnovsk\u00fd (1492). R. 1567 dv\u016fr libock\u00fd odprod\u00e1n od kl\u00e1\u0161tera jist\u00e9mu \n\t\t\tMachovi z Vokovic. V t\u00e9 dob\u011b byli v [Liboc]-i far\u00e1\u0159ov\u00e9 podoboj\u00ed. Za \n\t\t\tv\u00e1lky 30let\u00e9 kostel opu\u0161t\u011bn a slu\u017eby bo\u017e\u00ed v n\u011bm zastaveny. Teprve \n\t\t\tnejvy\u0161\u0161\u00ed purkrab\u00ed Bernard hr. z Martinic dal kostel obnoviti (1663) \n\t\t\ta far\u00e1\u0159em osaditi. Nyn\u011bj\u0161\u00ed kostel postaven v letech 1842-44 do k\u0159\u00ed\u017ee \n\t\t\tve slohu renaissan\u010dn\u00edm s hlavn\u00edm obrazem od Hellicha.<\/span><\/font><font face=\"Arial\" size=\"2\"><span style=\"letter-spacing: normal\"> \n\t\t\t[Takto o kostele hovo\u0159\u00ed Ottova encyklopedie.]<\/span><\/font>\n\n\n<div class=\"wp-block-image\">\n<figure class=\"aligncenter size-full is-resized\"><img loading=\"lazy\" decoding=\"async\" width=\"417\" height=\"55\" src=\"https:\/\/www.periferieprahy.cz\/blog\/wp-content\/uploads\/2025\/01\/or45.gif\" alt=\"\" class=\"wp-image-148\" style=\"width:300px\"\/><\/figure>\n<\/div>\n\n<p align=\"justify\"><span style=\"\"><i>V kostele t\u00e9 doby [1844] byl ji\u017e jen hlavn\u00ed olt\u00e1\u0159 od truhl\u00e1\u0159e Rixiho z Prahy a mistr. obrazem sv\u011bt. Fabi\u00e1na a \u0160ebesti\u00e1na od Jos.Helicha za 600 zl.c.m. [600 zlat\u00fdch konven\u010dn\u00ed m\u011bny] zhotoven\u00fd a varhany od dvorn\u00edho varhan\u00e1\u0159e G\u00e4rtnera za 1.400 zl. c. m. postaven\u00e9. Ze star\u00e9ho kostel\u00edka p\u0159eneseno do nov\u00e9ho, p\u011bkn\u011b \u0159ezan\u00e1 socha trp\u00edc\u00edho spasitele a k\u0159titelnice s \u0159ezbou na v\u00edku. Obraz Apo\u0161tol\u016f &#8211; \u010dtrn\u00e1cti sv. Pomocn\u00edk\u016f &#8211; nemal\u00e9 ceny a star\u0161\u00edho p\u016fvodu, zav\u011b\u0161en je nyn\u00ed v s\u00e1kristii. Postrann\u00ed olt\u00e1\u0159 Panny Marie na pravo v lodi, ozdoben jest obrazem &#8222;Matky Bo\u017e\u00ed&#8220;, kter\u00fd maloval r. 1846 historick\u00fd mal\u00ed\u0159 Markovsk\u00fd; zem\u0159el v\u0161ak ne\u017e obraz byl hotov a proto dokon\u010den mal\u00ed\u0159em jm\u00e9na nezn\u00e1m\u00e9ho. Prot\u011bj\u0161\u00ed olt\u00e1\u0159 sv. K\u0159\u00ed\u017ee s obrazem Markovsk\u00e9ho, zhotoven t\u00e9\u017e v r. 1846. Olt\u00e1\u0159 se sochou P. Marie Lurdsk\u00e9 poch\u00e1z\u00ed z roku 1893 a olt\u00e1\u0159 se sochou sv. Anny, jej\u017e zhotovil Karel Kaluha z Prahy, postaven ze sb\u00edrek r. 1893. Olt\u00e1\u0159 &#8222;Nejsv\u011bt\u011bj\u0161\u00edho srdce Je\u017e\u00ed\u0161e&#8220; se souso\u0161\u00edm sv. Franti\u0161ka a sv. Josefa v\u011bnoval na oslavu 50ti let\u00e9ho panov\u00e1n\u00ed r. 1893 JUDr Julius Nejedl\u00fd, advok\u00e1t a obh\u00e1jce ve v\u011bcech trestn\u00edch z Prahy.<\/i><\/span><\/p>\n<p align=\"justify\"><span style=\"\"><i>V\u011b\u017en\u00ed hodiny poch\u00e1zej\u00ed z dob znovuz\u0159\u00edzen\u00ed kostela, kter\u00e9 del\u0161\u00ed dobu byly porouch\u00e1ny, tak\u017ee r. 1877 opraveny od z\u00e1meck\u00e9ho hodin\u00e1\u0159e, n\u00e1kladem m\u00edstn\u00edho zp\u011bv\u00e1ck\u00e9ho spolku Hv\u011bzdy.<\/i><\/span><\/p>\n<p align=\"justify\"><span style=\"\"><i>H\u0159bitov rozkl\u00e1dal se a\u017e do zbo\u0159en\u00ed star\u00e9ho kostela kolem t\u00e9ho\u017e a od r. 1842 um\u00edst\u011bn na n\u00e1vr\u0161\u00ed u Hv\u011bzdy, bl\u00ed\u017ee domu \u010dp.20. Na n\u00e1tlak ob\u010dan\u016f z nedostatku m\u00edsta a hlavn\u011b ze zdravotn\u00edch ohled\u016f p\u0159elo\u017een r. 1902 ku okresn\u00ed silnici Vokovick\u00e1.<\/i><\/span>\u00a0[<a href=\"https:\/\/www.periferieprahy.cz\/blog\/wp-content\/uploads\/2025\/01\/kronika1.pdf\"><span style=\"font-family: Arial; font-size: small;\">str. 57- 60<\/span><\/a>]\n<h3><b><span style=\" font-size: x-large;\">Historie duchovn\u00ed spr\u00e1vy libock\u00e9 farnosti\u00a0 a far\u00e1\u0159i<\/span><\/b><\/h3>\n<p>Roku 1318 p\u0159id\u011blil kl\u00e1\u0161teru b\u0159evnovsk\u00e9mu kostel libock\u00fd jako farn\u00ed, biskup Jan IV. Prv\u00fdm zn\u00e1m\u00fdm far\u00e1\u0159em do roku 1355 byl\u00a0<b>Va\u0159inec<\/b>, po n\u011bm\u00a0<b>Protiva (<\/b>d\u0159\u00edve far\u00e1\u0159 v Lukavic\u00edch) do r. 1380 a dal\u0161\u00ed far\u00e1\u0159i a\u017e do v\u00e1lek husitsk\u00fdch: v r.1380\u00a0<b>Henzel\u00edn;\u00a0<\/b>do r. 1383\u00a0<b>K\u0159\u00ed\u017e<\/b>\u00a0(dosud kaplan \u010di almu\u017en\u00edk v b\u0159evnovsk\u00e9m kl\u00e1\u0161te\u0159e); v r. 1383\u00a0<b>J\u00e1cha<\/b>; do t. 1397\u00a0<b>Ctibor<\/b>; do\u00a0 r. 1407\u00a0<b>\u0158iv\u00edn<\/b>\u00a0(dosud mnich b\u0159evnovsk\u00fd); do r. 1417\u00a0<b>Duchek<\/b>; v r. 1417\u00a0<b>Vil\u00edm\u00a0<\/b>(d\u0159\u00edve fara v Krtni); do r. 1418\u00a0<b>Jake\u0161<\/b>\u00a0(d\u0159\u00edve fara v D\u0159\u00ednov\u011b); v r. 1418\u00a0<b>Prokop<\/b>; do r. 1419<b>\u00a0Jan\u00a0<\/b>(d\u0159\u00edve fara\u00a0 v Hloub\u011bt\u00edn\u011b).<\/p>\n<p>Za husitsk\u00fdch v\u00e1lek ztratil b\u0159evnovsk\u00fd kl\u00e1\u0161ter, slavn\u00e9 st\u0159edisko \u010desk\u00e9 st\u0159edov\u011bk\u00e9 kultury, Liboc s podanstv\u00edm kosteln\u00edm a vesnice okoln\u00ed. V t\u00e9 dob\u011b byli v Liboci far\u00e1\u0159i pod oboj\u00ed \u010di kali\u0161n\u00edci.<\/p>\n<p>B\u011bhem t\u0159icetilet\u00e9 v\u00e1lky kostel libock\u00fd velmi se\u0161el. A\u017e nejvy\u0161\u0161\u00ed purkrab\u00ed Bernard hrab\u011b Martinic dal kostel obnovit a zavedl v n\u011bm op\u011bt duchovn\u00ed spr\u00e1vu. Nejstar\u0161\u00ed matrika poch\u00e1z\u00ed z 3. 6.1671. Od t\u00e9 doby zde zastupovali duchovn\u00ed spr\u00e1vu: do r. 1672\u00a0<b>Bartolom\u011bj Halle z Hallenberku<\/b>, far\u00e1\u0159 z pra\u017esk\u00e9ho kostela U matky Bo\u017e\u00ed v T\u00fdn\u011b; do r. 1682 Ond\u0159ej \u0160el\u00edk; do r. 1695\u00a0 Jan V\u00e1clav Olomouck\u00fd op\u011bt far\u00e1\u0159\u00a0 U matky Bo\u017e\u00ed v T\u00fdn\u011b. Do roku 1702 byla spr\u00e1va vykon\u00e1v\u00e1na farou od Panny Marie Sn\u011b\u017en\u00e9 v Praze.<\/p>\n<p>Fara v Liboci byla obnovena a\u017e v roce 1702 a prvn\u00edm far\u00e1\u0159em po dlouh\u00e9 dob\u011b se stal\u00a0<b>Josef Ji\u0159\u00ed Saar;<\/b>\u00a0po n\u011bm od roku 1716\u00a0<b>Mat\u011bj Karel Christen<\/b>;\u00a0<b>Maxmili\u00e1n Florentin Saroprosk\u00fd<\/b>; do r. 1754\u00a0<b>Jan Luk\u00e1\u0161 Stadlmayer<\/b>; do roku 1784\u00a0<b>Josef Petr Stadlmayer\u00a0<\/b>synovec p\u0159ede\u0161l\u00e9ho\u00a0 a b\u00fdval\u00fd kaplan<b>\u00a0<\/b>; do r.1807\u00a0<b>Anton\u00edn Lebeda<\/b>; do r. 1823\u00a0<b>Josef Kub\u00edk\u00a0<\/b>b\u00fdval\u00fd far\u00e1\u0159 z P\u0159edn\u00edho Ovence; do r.1824<b>\u00a0Franti\u0161ek Kautsk\u00fd\u00a0<\/b>tak\u00e9 b\u00fdval\u00fd far\u00e1\u0159 z P\u0159edn\u00edho Ovence, kam se zas vr\u00e1til;\u00a0<b>Franti\u0161ek Lampa<\/b>\u00a0do r.1851. V roce 1834 se stal kn\u00ed\u017eec\u00edm arcibiskupsk\u00fdm vik\u00e1\u0159em a c.k. \u0161koldozorvem pro pra\u017esk\u00fd obvod venkovsk\u00fd. Po skon\u010den\u00ed jeho velmi zaslou\u017eil\u00e9 \u010dinnosti v Liboci byl v\u00a0 r.1851 ustanoven s\u00eddeln\u00edm\u00a0 kanovn\u00edkem v Hradci Kr\u00e1lov\u00e9. Zem\u0159el v r. \u20201859. Za jeho p\u016fsoben\u00ed byl zbo\u0159en star\u00fd kostel ve dnech (18.4.1842 &#8211; 9.5.1842) a postaven nov\u00fd, tak jak ho zn\u00e1me i dnes\u00a0 (z\u00e1kladn\u00ed k\u00e1men byl polo\u017een 28.5.1842, vysv\u011bcen byl 20.10.1844). Zalo\u017eil i libockou kroniku. Jeho n\u00e1stupcem byl\u00a0\u00a0<b>Karel Ullick<\/b>, zem\u0159el n\u00e1hle \u20202.11.1871 ve v\u011bku 74 let; pot\u00e9\u00a0<b>Karel Hausman<\/b>\u00a0rovn\u011b\u017e do sv\u00e9 smrti \u202022.12.1883 ve v\u011bku 72 let. Do r. 1892\u00a0<b>V\u00e1clav \u010c\u00e1p,<\/b>\u00a0d\u0159\u00edve kaplan a administr\u00e1tor; pot\u00e9 do sv\u00e9 smrti \u202019.2. 1919\u00a0<b>Vlastimil H\u00e1lek<\/b>, kter\u00fd byl vydavatelem Farn\u00edho v\u011bstn\u00edku v letech 1908 -1916. Narozen *20. 7. 1868 v Pacov\u011b, vysv\u011bcen na kn\u011bze 19. 7. 1891,\u00a0 nositel pape\u017esk\u00e9ho vyznamen\u00e1n\u00ed Pro Eccslesia et Pontifice;\u00a0<b>V\u00e1clav Holub<\/b>\u00a0byl far\u00e1\u0159em od r. 1919 &#8211; 1951, *1875 Sp\u00e1len\u00e9 Po\u0159\u00ed\u010d\u00ed, vysv\u011bcen na kn\u011bze 10. 7. 1898, zem\u0159el dne \u20207.8.1955 Sp\u00e1len\u00e9 Po\u0159\u00ed\u010d\u00ed. V r. 1951\u00a0<b>Jaroslav Vystr\u010dil<\/b>; r.1951-52\u00a0<b>Franti\u0161ek Slez\u00e1k<\/b>; 1952\u00a0<b>Jaroslav Bej\u010dek<\/b>; 1952 -53<b>\u00a0V\u00e1clav Nos\u00e1\u010dek<\/b>; 1953\u00a0<b>Alfons Da\u0148ha<\/b>.\u00a0<\/p>\n<p style=\"text-align: right;\">Zdroje: matriky farnosti, Kronika libock\u00e9 farnosti 1940, Farn\u00ed v\u011bstn\u00edk 1908 -1919<\/p>\n<p>I kdy\u017e z\u00e1pisy v matrik\u00e1ch nemuseli prov\u00e1d\u011bt v\u017edy jen far\u00e1\u0159i , p\u0159esto jsem se pokusil vybrat v matrik\u00e1ch z\u00e1znamy, u kter\u00fdch se domn\u00edv\u00e1m, \u017ee je podepsali pr\u00e1v\u011b far\u00e1\u0159i vlastn\u00ed rukou. Bohu\u017eel jejich portr\u00e9ty se asi nedochovaly, tak alespo\u0148 jejich podpisy<\/p>\n\n\n<div class=\"wp-block-columns is-layout-flex wp-container-core-columns-is-layout-9d6595d7 wp-block-columns-is-layout-flex\">\n<div class=\"wp-block-column is-layout-flow wp-block-column-is-layout-flow\"><div class=\"wp-block-image\">\n<figure class=\"aligncenter size-full\"><a href=\"https:\/\/www.periferieprahy.cz\/blog\/wp-content\/uploads\/2025\/01\/kostel11.jpg\"><img loading=\"lazy\" decoding=\"async\" width=\"191\" height=\"201\" src=\"https:\/\/www.periferieprahy.cz\/blog\/wp-content\/uploads\/2025\/01\/kostel11.jpg\" alt=\"\" class=\"wp-image-134\"\/><\/a><figcaption class=\"wp-element-caption\">Josef Petr Stadlmayer<\/figcaption><\/figure>\n<\/div>\n\n<div class=\"wp-block-image\">\n<figure class=\"aligncenter size-full\"><a href=\"https:\/\/www.periferieprahy.cz\/blog\/wp-content\/uploads\/2025\/01\/kostel12.jpg\"><img loading=\"lazy\" decoding=\"async\" width=\"343\" height=\"219\" src=\"https:\/\/www.periferieprahy.cz\/blog\/wp-content\/uploads\/2025\/01\/kostel12.jpg\" alt=\"\" class=\"wp-image-135\" srcset=\"https:\/\/www.periferieprahy.cz\/blog\/wp-content\/uploads\/2025\/01\/kostel12.jpg 343w, https:\/\/www.periferieprahy.cz\/blog\/wp-content\/uploads\/2025\/01\/kostel12-300x192.jpg 300w\" sizes=\"auto, (max-width: 343px) 100vw, 343px\" \/><\/a><figcaption class=\"wp-element-caption\">Anton\u00edn Lebeda<\/figcaption><\/figure>\n<\/div><\/div>\n\n\n\n<div class=\"wp-block-column is-layout-flow wp-block-column-is-layout-flow\"><div class=\"wp-block-image\">\n<figure class=\"aligncenter size-full\"><a href=\"https:\/\/www.periferieprahy.cz\/blog\/wp-content\/uploads\/2025\/01\/kostel13.jpg\"><img loading=\"lazy\" decoding=\"async\" width=\"264\" height=\"156\" src=\"https:\/\/www.periferieprahy.cz\/blog\/wp-content\/uploads\/2025\/01\/kostel13.jpg\" alt=\"\" class=\"wp-image-136\"\/><\/a><figcaption class=\"wp-element-caption\">Josef Kub\u00edk<\/figcaption><\/figure>\n<\/div>\n\n\n<figure class=\"wp-block-image size-full\"><a href=\"https:\/\/www.periferieprahy.cz\/blog\/wp-content\/uploads\/2025\/01\/osobno2.jpg\"><img loading=\"lazy\" decoding=\"async\" width=\"685\" height=\"221\" src=\"https:\/\/www.periferieprahy.cz\/blog\/wp-content\/uploads\/2025\/01\/osobno2.jpg\" alt=\"\" class=\"wp-image-195\" srcset=\"https:\/\/www.periferieprahy.cz\/blog\/wp-content\/uploads\/2025\/01\/osobno2.jpg 685w, https:\/\/www.periferieprahy.cz\/blog\/wp-content\/uploads\/2025\/01\/osobno2-300x97.jpg 300w\" sizes=\"auto, (max-width: 685px) 100vw, 685px\" \/><\/a><figcaption class=\"wp-element-caption\">Franti\u0161ek Lampa<\/figcaption><\/figure>\n<\/div>\n\n\n\n<div class=\"wp-block-column is-layout-flow wp-block-column-is-layout-flow\"><div class=\"wp-block-image\">\n<figure class=\"aligncenter size-full\"><a href=\"https:\/\/www.periferieprahy.cz\/blog\/kostel14\/\"><img loading=\"lazy\" decoding=\"async\" width=\"468\" height=\"83\" src=\"https:\/\/www.periferieprahy.cz\/blog\/wp-content\/uploads\/2025\/01\/kostel14.jpg\" alt=\"\" class=\"wp-image-137\" srcset=\"https:\/\/www.periferieprahy.cz\/blog\/wp-content\/uploads\/2025\/01\/kostel14.jpg 468w, https:\/\/www.periferieprahy.cz\/blog\/wp-content\/uploads\/2025\/01\/kostel14-300x53.jpg 300w\" sizes=\"auto, (max-width: 468px) 100vw, 468px\" \/><\/a><figcaption class=\"wp-element-caption\">Franti\u0161ek Kautsk\u00fd<\/figcaption><\/figure>\n<\/div>\n\n\n<figure class=\"wp-block-image size-full\"><a href=\"https:\/\/www.periferieprahy.cz\/blog\/wp-content\/uploads\/2025\/01\/kostel16.jpg\"><img loading=\"lazy\" decoding=\"async\" width=\"818\" height=\"119\" src=\"https:\/\/www.periferieprahy.cz\/blog\/wp-content\/uploads\/2025\/01\/kostel16.jpg\" alt=\"\" class=\"wp-image-139\" srcset=\"https:\/\/www.periferieprahy.cz\/blog\/wp-content\/uploads\/2025\/01\/kostel16.jpg 818w, https:\/\/www.periferieprahy.cz\/blog\/wp-content\/uploads\/2025\/01\/kostel16-300x44.jpg 300w, https:\/\/www.periferieprahy.cz\/blog\/wp-content\/uploads\/2025\/01\/kostel16-768x112.jpg 768w\" sizes=\"auto, (max-width: 818px) 100vw, 818px\" \/><\/a><figcaption class=\"wp-element-caption\">Karel Hausman<\/figcaption><\/figure>\n\n\n\n<figure class=\"wp-block-image size-full\"><a href=\"https:\/\/www.periferieprahy.cz\/blog\/wp-content\/uploads\/2025\/01\/kostel15.jpg\"><img loading=\"lazy\" decoding=\"async\" width=\"346\" height=\"158\" src=\"https:\/\/www.periferieprahy.cz\/blog\/wp-content\/uploads\/2025\/01\/kostel15.jpg\" alt=\"\" class=\"wp-image-138\" srcset=\"https:\/\/www.periferieprahy.cz\/blog\/wp-content\/uploads\/2025\/01\/kostel15.jpg 346w, https:\/\/www.periferieprahy.cz\/blog\/wp-content\/uploads\/2025\/01\/kostel15-300x137.jpg 300w\" sizes=\"auto, (max-width: 346px) 100vw, 346px\" \/><\/a><figcaption class=\"wp-element-caption\">Karel Ullick<\/figcaption><\/figure>\n<\/div>\n<\/div>\n\n\n\n<p class=\"has-medium-font-size\"><strong>A p\u0159eci jenom n\u011bkolik portr\u00e9t\u016f<\/strong><\/p>\n\n\n<div class=\"su-image-carousel  su-image-carousel-has-spacing su-image-carousel-crop su-image-carousel-crop-10-16 su-image-carousel-has-lightbox su-image-carousel-has-outline su-image-carousel-adaptive su-image-carousel-slides-style-default su-image-carousel-controls-style-dark su-image-carousel-align-center\" style=\"max-width:400px\" data-flickity-options='{\"groupCells\":true,\"cellSelector\":\".su-image-carousel-item\",\"adaptiveHeight\":false,\"cellAlign\":\"left\",\"prevNextButtons\":true,\"pageDots\":true,\"autoPlay\":5000,\"imagesLoaded\":true,\"contain\":true,\"selectedAttraction\":0.025000000000000001387778780781445675529539585113525390625,\"friction\":0.2800000000000000266453525910037569701671600341796875}' id=\"su_image_carousel_69f4459136245\"><div class=\"su-image-carousel-item\"><div class=\"su-image-carousel-item-content\"><a href=\"https:\/\/www.periferieprahy.cz\/blog\/wp-content\/uploads\/2025\/01\/osobnost_stibor2.jpg\" data-caption=\"Franti\u0161ek Stibor sice nebyl far\u00e1\u0159em v LIboci, ale pro\u017eil zde sv\u00e1 posledn\u00ed l\u00e9ta \u017eivota a mnoho pro libock\u00e9 vykonal.\"><img loading=\"lazy\" decoding=\"async\" width=\"503\" height=\"819\" src=\"https:\/\/www.periferieprahy.cz\/blog\/wp-content\/uploads\/2025\/01\/osobnost_stibor2.jpg\" class=\"\" alt=\"\" srcset=\"https:\/\/www.periferieprahy.cz\/blog\/wp-content\/uploads\/2025\/01\/osobnost_stibor2.jpg 503w, https:\/\/www.periferieprahy.cz\/blog\/wp-content\/uploads\/2025\/01\/osobnost_stibor2-184x300.jpg 184w\" sizes=\"auto, (max-width: 503px) 100vw, 503px\" \/><span>Franti\u0161ek Stibor sice nebyl far\u00e1\u0159em v LIboci, ale pro\u017eil zde sv\u00e1 posledn\u00ed l\u00e9ta \u017eivota a mnoho pro libock\u00e9 vykonal.<\/span><\/a><\/div><\/div><div class=\"su-image-carousel-item\"><div class=\"su-image-carousel-item-content\"><a href=\"https:\/\/www.periferieprahy.cz\/blog\/wp-content\/uploads\/2025\/01\/osobnost_stibor1.jpg\" data-caption=\"Franti\u0161ek Stibor sice nebyl far\u00e1\u0159em v LIboci, ale pro\u017eil zde sv\u00e1 posledn\u00ed l\u00e9ta \u017eivota a mnoho pro libock\u00e9 vykonal.\"><img loading=\"lazy\" decoding=\"async\" width=\"526\" height=\"861\" src=\"https:\/\/www.periferieprahy.cz\/blog\/wp-content\/uploads\/2025\/01\/osobnost_stibor1.jpg\" class=\"\" alt=\"\" srcset=\"https:\/\/www.periferieprahy.cz\/blog\/wp-content\/uploads\/2025\/01\/osobnost_stibor1.jpg 526w, https:\/\/www.periferieprahy.cz\/blog\/wp-content\/uploads\/2025\/01\/osobnost_stibor1-183x300.jpg 183w\" sizes=\"auto, (max-width: 526px) 100vw, 526px\" \/><span>Franti\u0161ek Stibor sice nebyl far\u00e1\u0159em v LIboci, ale pro\u017eil zde sv\u00e1 posledn\u00ed l\u00e9ta \u017eivota a mnoho pro libock\u00e9 vykonal.<\/span><\/a><\/div><\/div><div class=\"su-image-carousel-item\"><div class=\"su-image-carousel-item-content\"><a href=\"https:\/\/www.periferieprahy.cz\/blog\/wp-content\/uploads\/2025\/01\/osobnost_farar_holub2.jpg\" data-caption=\"V\u00e1clav Holub\"><img loading=\"lazy\" decoding=\"async\" width=\"438\" height=\"596\" src=\"https:\/\/www.periferieprahy.cz\/blog\/wp-content\/uploads\/2025\/01\/osobnost_farar_holub2.jpg\" class=\"\" alt=\"\" srcset=\"https:\/\/www.periferieprahy.cz\/blog\/wp-content\/uploads\/2025\/01\/osobnost_farar_holub2.jpg 438w, https:\/\/www.periferieprahy.cz\/blog\/wp-content\/uploads\/2025\/01\/osobnost_farar_holub2-220x300.jpg 220w\" sizes=\"auto, (max-width: 438px) 100vw, 438px\" \/><span>V\u00e1clav Holub<\/span><\/a><\/div><\/div><div class=\"su-image-carousel-item\"><div class=\"su-image-carousel-item-content\"><a href=\"https:\/\/www.periferieprahy.cz\/blog\/wp-content\/uploads\/2025\/01\/osobnost_farar_holub.jpg\" data-caption=\"V\u00e1clav Holub\"><img loading=\"lazy\" decoding=\"async\" width=\"423\" height=\"659\" src=\"https:\/\/www.periferieprahy.cz\/blog\/wp-content\/uploads\/2025\/01\/osobnost_farar_holub.jpg\" class=\"\" alt=\"\" srcset=\"https:\/\/www.periferieprahy.cz\/blog\/wp-content\/uploads\/2025\/01\/osobnost_farar_holub.jpg 423w, https:\/\/www.periferieprahy.cz\/blog\/wp-content\/uploads\/2025\/01\/osobnost_farar_holub-193x300.jpg 193w\" sizes=\"auto, (max-width: 423px) 100vw, 423px\" \/><span>V\u00e1clav Holub<\/span><\/a><\/div><\/div><div class=\"su-image-carousel-item\"><div class=\"su-image-carousel-item-content\"><a href=\"https:\/\/www.periferieprahy.cz\/blog\/wp-content\/uploads\/2025\/01\/osobnost_farar_hajek.jpg\" data-caption=\"Vlastimil H\u00e1lek\"><img loading=\"lazy\" decoding=\"async\" width=\"503\" height=\"765\" src=\"https:\/\/www.periferieprahy.cz\/blog\/wp-content\/uploads\/2025\/01\/osobnost_farar_hajek.jpg\" class=\"\" alt=\"\" srcset=\"https:\/\/www.periferieprahy.cz\/blog\/wp-content\/uploads\/2025\/01\/osobnost_farar_hajek.jpg 503w, https:\/\/www.periferieprahy.cz\/blog\/wp-content\/uploads\/2025\/01\/osobnost_farar_hajek-197x300.jpg 197w\" sizes=\"auto, (max-width: 503px) 100vw, 503px\" \/><span>Vlastimil H\u00e1lek<\/span><\/a><\/div><\/div><\/div><script id=\"su_image_carousel_69f4459136245_script\">if(window.SUImageCarousel){setTimeout(function() {window.SUImageCarousel.initGallery(document.getElementById(\"su_image_carousel_69f4459136245\"))}, 0);}var su_image_carousel_69f4459136245_script=document.getElementById(\"su_image_carousel_69f4459136245_script\");if(su_image_carousel_69f4459136245_script){su_image_carousel_69f4459136245_script.parentNode.removeChild(su_image_carousel_69f4459136245_script);}<\/script>\n\n\n<div class=\"wp-block-image\">\n<figure class=\"aligncenter size-full is-resized\"><img loading=\"lazy\" decoding=\"async\" width=\"417\" height=\"55\" src=\"https:\/\/www.periferieprahy.cz\/blog\/wp-content\/uploads\/2025\/01\/or45.gif\" alt=\"\" class=\"wp-image-148\" style=\"width:300px\"\/><\/figure>\n<\/div>\n\n<div class=\"su-image-carousel  su-image-carousel-has-spacing su-image-carousel-crop su-image-carousel-crop-10-16 su-image-carousel-has-lightbox su-image-carousel-has-outline su-image-carousel-adaptive su-image-carousel-slides-style-default su-image-carousel-controls-style-dark su-image-carousel-align-center\" style=\"max-width:400px\" data-flickity-options='{\"groupCells\":true,\"cellSelector\":\".su-image-carousel-item\",\"adaptiveHeight\":false,\"cellAlign\":\"left\",\"prevNextButtons\":true,\"pageDots\":true,\"autoPlay\":5000,\"imagesLoaded\":true,\"contain\":true,\"selectedAttraction\":0.025000000000000001387778780781445675529539585113525390625,\"friction\":0.2800000000000000266453525910037569701671600341796875}' id=\"su_image_carousel_69f4459138716\"><div class=\"su-image-carousel-item\"><div class=\"su-image-carousel-item-content\"><a href=\"https:\/\/www.periferieprahy.cz\/blog\/wp-content\/uploads\/2025\/01\/kostel3.jpg\" data-caption=\"P\u00f9vodn\u00ed Libock\u00fd kostel\u00edk, p\u0159evzato ze str\u00e1nek farnosti Liboc http:\/\/liboc.euweb.cz\/files\/others\/105-01.jpg\"><img loading=\"lazy\" decoding=\"async\" width=\"686\" height=\"1086\" src=\"https:\/\/www.periferieprahy.cz\/blog\/wp-content\/uploads\/2025\/01\/kostel3.jpg\" class=\"\" alt=\"\" srcset=\"https:\/\/www.periferieprahy.cz\/blog\/wp-content\/uploads\/2025\/01\/kostel3.jpg 686w, https:\/\/www.periferieprahy.cz\/blog\/wp-content\/uploads\/2025\/01\/kostel3-190x300.jpg 190w, https:\/\/www.periferieprahy.cz\/blog\/wp-content\/uploads\/2025\/01\/kostel3-647x1024.jpg 647w\" sizes=\"auto, (max-width: 686px) 100vw, 686px\" \/><span>P\u00f9vodn\u00ed Libock\u00fd kostel\u00edk, p\u0159evzato ze str\u00e1nek farnosti Liboc http:\/\/liboc.euweb.cz\/files\/others\/105-01.jpg<\/span><\/a><\/div><\/div><div class=\"su-image-carousel-item\"><div class=\"su-image-carousel-item-content\"><a href=\"https:\/\/www.periferieprahy.cz\/blog\/wp-content\/uploads\/2025\/01\/kostel4.jpg\" data-caption=\"To jsou ty t\u0159i vrby zasazen\u00e9 libock\u00fdmi d\u00edvkami v r\u00e1mci \u010dinnosti Zveleby libock\u00e9\"><img loading=\"lazy\" decoding=\"async\" width=\"930\" height=\"622\" src=\"https:\/\/www.periferieprahy.cz\/blog\/wp-content\/uploads\/2025\/01\/kostel4.jpg\" class=\"\" alt=\"\" srcset=\"https:\/\/www.periferieprahy.cz\/blog\/wp-content\/uploads\/2025\/01\/kostel4.jpg 930w, https:\/\/www.periferieprahy.cz\/blog\/wp-content\/uploads\/2025\/01\/kostel4-300x201.jpg 300w, https:\/\/www.periferieprahy.cz\/blog\/wp-content\/uploads\/2025\/01\/kostel4-768x514.jpg 768w\" sizes=\"auto, (max-width: 930px) 100vw, 930px\" \/><span>To jsou ty t\u0159i vrby zasazen\u00e9 libock\u00fdmi d\u00edvkami v r\u00e1mci \u010dinnosti Zveleby libock\u00e9<\/span><\/a><\/div><\/div><div class=\"su-image-carousel-item\"><div class=\"su-image-carousel-item-content\"><a href=\"https:\/\/www.periferieprahy.cz\/blog\/wp-content\/uploads\/2025\/01\/kostel8.jpg\" data-caption=\"Pohled na libock\u00fd kostel od Ruzy\u0148sk\u00e9 ulice.\"><img loading=\"lazy\" decoding=\"async\" width=\"933\" height=\"642\" src=\"https:\/\/www.periferieprahy.cz\/blog\/wp-content\/uploads\/2025\/01\/kostel8.jpg\" class=\"\" alt=\"\" srcset=\"https:\/\/www.periferieprahy.cz\/blog\/wp-content\/uploads\/2025\/01\/kostel8.jpg 933w, https:\/\/www.periferieprahy.cz\/blog\/wp-content\/uploads\/2025\/01\/kostel8-300x206.jpg 300w, https:\/\/www.periferieprahy.cz\/blog\/wp-content\/uploads\/2025\/01\/kostel8-768x528.jpg 768w\" sizes=\"auto, (max-width: 933px) 100vw, 933px\" \/><span>Pohled na libock\u00fd kostel od Ruzy\u0148sk\u00e9 ulice.<\/span><\/a><\/div><\/div><div class=\"su-image-carousel-item\"><div class=\"su-image-carousel-item-content\"><a href=\"https:\/\/www.periferieprahy.cz\/blog\/wp-content\/uploads\/2025\/01\/kostel2.jpg\" data-caption=\"\"><img loading=\"lazy\" decoding=\"async\" width=\"755\" height=\"1090\" src=\"https:\/\/www.periferieprahy.cz\/blog\/wp-content\/uploads\/2025\/01\/kostel2.jpg\" class=\"\" alt=\"\" srcset=\"https:\/\/www.periferieprahy.cz\/blog\/wp-content\/uploads\/2025\/01\/kostel2.jpg 755w, https:\/\/www.periferieprahy.cz\/blog\/wp-content\/uploads\/2025\/01\/kostel2-208x300.jpg 208w, https:\/\/www.periferieprahy.cz\/blog\/wp-content\/uploads\/2025\/01\/kostel2-709x1024.jpg 709w\" sizes=\"auto, (max-width: 755px) 100vw, 755px\" \/><span><\/span><\/a><\/div><\/div><div class=\"su-image-carousel-item\"><div class=\"su-image-carousel-item-content\"><a href=\"https:\/\/www.periferieprahy.cz\/blog\/wp-content\/uploads\/2025\/01\/kostel6.jpg\" data-caption=\"\"><img loading=\"lazy\" decoding=\"async\" width=\"619\" height=\"854\" src=\"https:\/\/www.periferieprahy.cz\/blog\/wp-content\/uploads\/2025\/01\/kostel6.jpg\" class=\"\" alt=\"\" srcset=\"https:\/\/www.periferieprahy.cz\/blog\/wp-content\/uploads\/2025\/01\/kostel6.jpg 619w, https:\/\/www.periferieprahy.cz\/blog\/wp-content\/uploads\/2025\/01\/kostel6-217x300.jpg 217w\" sizes=\"auto, (max-width: 619px) 100vw, 619px\" \/><span><\/span><\/a><\/div><\/div><div class=\"su-image-carousel-item\"><div class=\"su-image-carousel-item-content\"><a href=\"https:\/\/www.periferieprahy.cz\/blog\/wp-content\/uploads\/2025\/01\/kostel5.jpg\" data-caption=\"\"><img loading=\"lazy\" decoding=\"async\" width=\"1013\" height=\"612\" src=\"https:\/\/www.periferieprahy.cz\/blog\/wp-content\/uploads\/2025\/01\/kostel5.jpg\" class=\"\" alt=\"\" srcset=\"https:\/\/www.periferieprahy.cz\/blog\/wp-content\/uploads\/2025\/01\/kostel5.jpg 1013w, https:\/\/www.periferieprahy.cz\/blog\/wp-content\/uploads\/2025\/01\/kostel5-300x181.jpg 300w, https:\/\/www.periferieprahy.cz\/blog\/wp-content\/uploads\/2025\/01\/kostel5-768x464.jpg 768w\" sizes=\"auto, (max-width: 1013px) 100vw, 1013px\" \/><span><\/span><\/a><\/div><\/div><div class=\"su-image-carousel-item\"><div class=\"su-image-carousel-item-content\"><a href=\"https:\/\/www.periferieprahy.cz\/blog\/wp-content\/uploads\/2025\/01\/kostel9.jpg\" data-caption=\"Far\u00e1\u0159 V\u00e1clav Holub asi kolem rok 1940\"><img loading=\"lazy\" decoding=\"async\" width=\"596\" height=\"882\" src=\"https:\/\/www.periferieprahy.cz\/blog\/wp-content\/uploads\/2025\/01\/kostel9.jpg\" class=\"\" alt=\"\" srcset=\"https:\/\/www.periferieprahy.cz\/blog\/wp-content\/uploads\/2025\/01\/kostel9.jpg 596w, https:\/\/www.periferieprahy.cz\/blog\/wp-content\/uploads\/2025\/01\/kostel9-203x300.jpg 203w\" sizes=\"auto, (max-width: 596px) 100vw, 596px\" \/><span>Far\u00e1\u0159 V\u00e1clav Holub asi kolem rok 1940<\/span><\/a><\/div><\/div><div class=\"su-image-carousel-item\"><div class=\"su-image-carousel-item-content\"><a href=\"https:\/\/www.periferieprahy.cz\/blog\/wp-content\/uploads\/2025\/01\/kostel1.jpg\" data-caption=\"Z\u00e1znam o kostelu a jeho p\u0159estavby psan\u00fd rukou starosty Ruprechta. Z poz\u016fstalosti Anton\u00edna Mare\u0161e\"><img loading=\"lazy\" decoding=\"async\" width=\"537\" height=\"669\" src=\"https:\/\/www.periferieprahy.cz\/blog\/wp-content\/uploads\/2025\/01\/kostel1.jpg\" class=\"\" alt=\"\" srcset=\"https:\/\/www.periferieprahy.cz\/blog\/wp-content\/uploads\/2025\/01\/kostel1.jpg 537w, https:\/\/www.periferieprahy.cz\/blog\/wp-content\/uploads\/2025\/01\/kostel1-241x300.jpg 241w\" sizes=\"auto, (max-width: 537px) 100vw, 537px\" \/><span>Z\u00e1znam o kostelu a jeho p\u0159estavby psan\u00fd rukou starosty Ruprechta. Z poz\u016fstalosti Anton\u00edna Mare\u0161e<\/span><\/a><\/div><\/div><\/div><script id=\"su_image_carousel_69f4459138716_script\">if(window.SUImageCarousel){setTimeout(function() {window.SUImageCarousel.initGallery(document.getElementById(\"su_image_carousel_69f4459138716\"))}, 0);}var su_image_carousel_69f4459138716_script=document.getElementById(\"su_image_carousel_69f4459138716_script\");if(su_image_carousel_69f4459138716_script){su_image_carousel_69f4459138716_script.parentNode.removeChild(su_image_carousel_69f4459138716_script);}<\/script>\n\n\n<div class=\"wp-block-image\">\n<figure class=\"aligncenter size-large is-resized\"><a href=\"https:\/\/www.periferieprahy.cz\/blog\/wp-content\/uploads\/2025\/01\/kostel10.jpg\"><img loading=\"lazy\" decoding=\"async\" width=\"1024\" height=\"687\" src=\"https:\/\/www.periferieprahy.cz\/blog\/wp-content\/uploads\/2025\/01\/kostel10-1024x687.jpg\" alt=\"\" class=\"wp-image-133\" style=\"width:800px\" srcset=\"https:\/\/www.periferieprahy.cz\/blog\/wp-content\/uploads\/2025\/01\/kostel10-1024x687.jpg 1024w, https:\/\/www.periferieprahy.cz\/blog\/wp-content\/uploads\/2025\/01\/kostel10-300x201.jpg 300w, https:\/\/www.periferieprahy.cz\/blog\/wp-content\/uploads\/2025\/01\/kostel10-768x515.jpg 768w, https:\/\/www.periferieprahy.cz\/blog\/wp-content\/uploads\/2025\/01\/kostel10.jpg 1031w\" sizes=\"auto, (max-width: 1024px) 100vw, 1024px\" \/><\/a><figcaption class=\"wp-element-caption\">Kostel sv. Fabi\u00e1na a \u0160ebestiana &#8211; v\u00e1noce 1946 na fotce pana Nehasila, kter\u00fd mi k tomu uvedl: &#8222;Pokud si matn\u011b vzpom\u00edn\u00e1m, tak je na n\u00ed skupinka \u0161koln\u00edch d\u011bt\u00ed z Liboce a Ruzyn\u011b, kter\u00e1 tehdy nacvi\u010dila v\u00e1no\u010dn\u00ed koledy, a ty o v\u00e1noc\u00edch 1946  zp\u00edvala p\u0159i m\u0161i na k\u016fru libock\u00e9ho kostela sv. Fabi\u00e1na a \u0160ebesti\u00e1na.&#8220; Nepozn\u00e1v\u00e1te se n\u011bkdo nebo n\u011bkoho?<\/figcaption><\/figure>\n<\/div>","protected":false},"excerpt":{"rendered":"<p>Farn\u00ed chr\u00e1m n\u00e1le\u017e\u00ed sv\u00fdm zalo\u017een\u00edm k nejstar\u0161\u00edm kostel\u016fm v \u010cech\u00e1ch. Dle H\u00e1jka zalo\u017een byl od kn\u00ed\u017eete Boleslava II. na m\u00edst\u011b, kde pohansk\u00fd Vr\u0161ovec Hradoboj k\u00e1zal usmrtiti kn\u011bze Prostivoje, hl\u00e1saj\u00edc\u00edho zde evangelium Kristovo pohansk\u00e9mu lidu. R. 1318 byl ji\u017e kostel libock\u00fd farn\u00ed a odevzd\u00e1n kl\u00e1\u0161teru b\u0159evnovsk\u00e9mu biskupem Janem IV. s podac\u00edm kosteln\u00edm i se v\u0161emi po\u017eitky &hellip;<br \/><a href=\"https:\/\/www.periferieprahy.cz\/blog\/2024\/12\/31\/c-p\/\" class=\"more-link pen_button pen_element_default pen_icon_arrow_double\">Pokra\u010dovat ve\u00a0\u010dten\u00ed <span class=\"screen-reader-text\">Kostel sv. Fabi\u00e1na a \u0160ebesti\u00e1na<\/span><\/a><\/p>\n","protected":false},"author":1,"featured_media":130,"comment_status":"open","ping_status":"closed","sticky":false,"template":"","format":"standard","meta":{"_exactmetrics_skip_tracking":false,"_exactmetrics_sitenote_active":false,"_exactmetrics_sitenote_note":"","_exactmetrics_sitenote_category":0,"footnotes":""},"categories":[3],"tags":[],"post_folder":[],"class_list":["post-67","post","type-post","status-publish","format-standard","has-post-thumbnail","hentry","category-redakce"],"_links":{"self":[{"href":"https:\/\/www.periferieprahy.cz\/blog\/wp-json\/wp\/v2\/posts\/67","targetHints":{"allow":["GET"]}}],"collection":[{"href":"https:\/\/www.periferieprahy.cz\/blog\/wp-json\/wp\/v2\/posts"}],"about":[{"href":"https:\/\/www.periferieprahy.cz\/blog\/wp-json\/wp\/v2\/types\/post"}],"author":[{"embeddable":true,"href":"https:\/\/www.periferieprahy.cz\/blog\/wp-json\/wp\/v2\/users\/1"}],"replies":[{"embeddable":true,"href":"https:\/\/www.periferieprahy.cz\/blog\/wp-json\/wp\/v2\/comments?post=67"}],"version-history":[{"count":5,"href":"https:\/\/www.periferieprahy.cz\/blog\/wp-json\/wp\/v2\/posts\/67\/revisions"}],"predecessor-version":[{"id":2511,"href":"https:\/\/www.periferieprahy.cz\/blog\/wp-json\/wp\/v2\/posts\/67\/revisions\/2511"}],"wp:featuredmedia":[{"embeddable":true,"href":"https:\/\/www.periferieprahy.cz\/blog\/wp-json\/wp\/v2\/media\/130"}],"wp:attachment":[{"href":"https:\/\/www.periferieprahy.cz\/blog\/wp-json\/wp\/v2\/media?parent=67"}],"wp:term":[{"taxonomy":"category","embeddable":true,"href":"https:\/\/www.periferieprahy.cz\/blog\/wp-json\/wp\/v2\/categories?post=67"},{"taxonomy":"post_tag","embeddable":true,"href":"https:\/\/www.periferieprahy.cz\/blog\/wp-json\/wp\/v2\/tags?post=67"},{"taxonomy":"post_folder","embeddable":true,"href":"https:\/\/www.periferieprahy.cz\/blog\/wp-json\/wp\/v2\/post_folder?post=67"}],"curies":[{"name":"wp","href":"https:\/\/api.w.org\/{rel}","templated":true}]}}