{"id":745,"date":"2025-01-15T11:57:31","date_gmt":"2025-01-15T10:57:31","guid":{"rendered":"https:\/\/www.periferieprahy.cz\/blog\/?p=745"},"modified":"2025-06-21T22:14:00","modified_gmt":"2025-06-21T20:14:00","slug":"divoka-sarka","status":"publish","type":"post","link":"https:\/\/www.periferieprahy.cz\/blog\/2025\/01\/15\/divoka-sarka\/","title":{"rendered":"Divok\u00e1 \u0160\u00e1rka"},"content":{"rendered":"\n<img loading=\"lazy\" decoding=\"async\" border=\"0\" src=\"https:\/\/www.periferieprahy.cz\/blog\/wp-content\/uploads\/2024\/12\/pismo7_21.gif\" width=\"111\" height=\"114\" align=\"left\"> \n\t\t\t\u00fadol\u00ed Divok\u00e9 \u0160\u00e1rky snad byl ka\u017ed\u00fd obyvatel Liboce. A kdo to je\u0161t\u011b \n\t\t\tnestihl, v\u0159ele doporu\u010duji pravideln\u00e9 n\u00e1v\u0161t\u011bvy. V\u017edy objev\u00edte n\u011bco \n\t\t\tnov\u00e9ho. Nap\u0159\u00edklad \u017ee  v \n\t\t\t\u00fadol\u00ed, nad \u010certov\u00fdm ml\u00fdnem, existovala od roku 1913&nbsp;letn\u00ed sc\u00e9na \n\t\t\tN\u00e1rodn\u00edho divadla, a to p\u0159\u00edrodn\u00ed p\u0159\u00edrodn\u00ed amfite\u00e1tr o kapacit\u011b a\u017e 10 \n\t\t\t000 div\u00e1k\u016f. Divadlo zaniklo v roce 1924, ale od roku 2005 byla \n\t\t\topern\u00ed p\u0159edstaven\u00ed obnovena a to ka\u017edou prvn\u00ed z\u00e1\u0159ijovou ned\u011bli. Informaci o budovan\u00e9m\n\t\t\t<a target=\"_parent\" href=\"https:\/\/www.periferieprahy.cz\/blog\/2025\/01\/05\/libocke-podzemi\/\">podzemn\u00edm z\u00e1zem\u00ed leti\u0161t\u011b \t\t\tLuftwaffe je pod t\u00edmto odkazem<\/a> za druh\u00e9 sv\u011btov\u00e9 v\u00e1lky. Neopomenul jsem ani\n\t\t\t<a target=\"_parent\" href=\"https:\/\/www.periferieprahy.cz\/blog\/2025\/01\/19\/c-p-41-a-356-divci-skok-a-horejsi-mlyn-v-divoke-sarce\/\">koupali\u0161t\u011b a hospodu &quot;D\u00edv\u010d\u00ed \n\t\t\tskok&quot;<\/a>. Co tedy je\u0161t\u011b doplnit? Jen vzpom\u00ednku na star\u00fdch \n\t\t\tpohlednic\u00edch.\n\n\n<div class=\"su-image-carousel  su-image-carousel-has-spacing su-image-carousel-crop su-image-carousel-crop-1-1 su-image-carousel-has-lightbox su-image-carousel-has-outline su-image-carousel-adaptive su-image-carousel-slides-style-default su-image-carousel-controls-style-dark su-image-carousel-align-center\" style=\"max-width:600px\" data-flickity-options='{\"groupCells\":true,\"cellSelector\":\".su-image-carousel-item\",\"adaptiveHeight\":false,\"cellAlign\":\"left\",\"prevNextButtons\":true,\"pageDots\":true,\"autoPlay\":5000,\"imagesLoaded\":true,\"contain\":true,\"selectedAttraction\":0.025000000000000001387778780781445675529539585113525390625,\"friction\":0.2800000000000000266453525910037569701671600341796875}' id=\"su_image_carousel_69f4463baa265\"><div class=\"su-image-carousel-item\"><div class=\"su-image-carousel-item-content\"><a href=\"https:\/\/www.periferieprahy.cz\/blog\/wp-content\/uploads\/2025\/01\/sarka4.jpg\" data-caption=\"Pohled z Koz\u00e1kovy sk\u00e1ly na \u0160est\u00e1kovu a panorama Liboce\"><img loading=\"lazy\" decoding=\"async\" width=\"973\" height=\"318\" src=\"https:\/\/www.periferieprahy.cz\/blog\/wp-content\/uploads\/2025\/01\/sarka4.jpg\" class=\"\" alt=\"\" srcset=\"https:\/\/www.periferieprahy.cz\/blog\/wp-content\/uploads\/2025\/01\/sarka4.jpg 973w, https:\/\/www.periferieprahy.cz\/blog\/wp-content\/uploads\/2025\/01\/sarka4-300x98.jpg 300w, https:\/\/www.periferieprahy.cz\/blog\/wp-content\/uploads\/2025\/01\/sarka4-768x251.jpg 768w\" sizes=\"auto, (max-width: 973px) 100vw, 973px\" \/><span>Pohled z Koz\u00e1kovy sk\u00e1ly na \u0160est\u00e1kovu a panorama Liboce<\/span><\/a><\/div><\/div><div class=\"su-image-carousel-item\"><div class=\"su-image-carousel-item-content\"><a href=\"https:\/\/www.periferieprahy.cz\/blog\/wp-content\/uploads\/2025\/01\/sarka3.jpg\" data-caption=\"Pohled z Koz\u00e1kovy sk\u00e1ly na \u0160est\u00e1kovu a panorama Liboce\"><img loading=\"lazy\" decoding=\"async\" width=\"973\" height=\"631\" src=\"https:\/\/www.periferieprahy.cz\/blog\/wp-content\/uploads\/2025\/01\/sarka3.jpg\" class=\"\" alt=\"\" srcset=\"https:\/\/www.periferieprahy.cz\/blog\/wp-content\/uploads\/2025\/01\/sarka3.jpg 973w, https:\/\/www.periferieprahy.cz\/blog\/wp-content\/uploads\/2025\/01\/sarka3-300x195.jpg 300w, https:\/\/www.periferieprahy.cz\/blog\/wp-content\/uploads\/2025\/01\/sarka3-768x498.jpg 768w\" sizes=\"auto, (max-width: 973px) 100vw, 973px\" \/><span>Pohled z Koz\u00e1kovy sk\u00e1ly na \u0160est\u00e1kovu a panorama Liboce<\/span><\/a><\/div><\/div><div class=\"su-image-carousel-item\"><div class=\"su-image-carousel-item-content\"><a href=\"https:\/\/www.periferieprahy.cz\/blog\/wp-content\/uploads\/2025\/01\/sarka5.jpg\" data-caption=\"Pohled do ka\u0148onu D\u017eb\u00e1n mezi \u0160est\u00e1kovou (vlevo) a Koz\u00e1kovou sk\u00e1lou.\"><img loading=\"lazy\" decoding=\"async\" width=\"973\" height=\"624\" src=\"https:\/\/www.periferieprahy.cz\/blog\/wp-content\/uploads\/2025\/01\/sarka5.jpg\" class=\"\" alt=\"\" srcset=\"https:\/\/www.periferieprahy.cz\/blog\/wp-content\/uploads\/2025\/01\/sarka5.jpg 973w, https:\/\/www.periferieprahy.cz\/blog\/wp-content\/uploads\/2025\/01\/sarka5-300x192.jpg 300w, https:\/\/www.periferieprahy.cz\/blog\/wp-content\/uploads\/2025\/01\/sarka5-768x493.jpg 768w\" sizes=\"auto, (max-width: 973px) 100vw, 973px\" \/><span>Pohled do ka\u0148onu D\u017eb\u00e1n mezi \u0160est\u00e1kovou (vlevo) a Koz\u00e1kovou sk\u00e1lou.<\/span><\/a><\/div><\/div><div class=\"su-image-carousel-item\"><div class=\"su-image-carousel-item-content\"><a href=\"https:\/\/www.periferieprahy.cz\/blog\/wp-content\/uploads\/2025\/01\/sarka6.jpg\" data-caption=\"\"><img loading=\"lazy\" decoding=\"async\" width=\"973\" height=\"618\" src=\"https:\/\/www.periferieprahy.cz\/blog\/wp-content\/uploads\/2025\/01\/sarka6.jpg\" class=\"\" alt=\"\" srcset=\"https:\/\/www.periferieprahy.cz\/blog\/wp-content\/uploads\/2025\/01\/sarka6.jpg 973w, https:\/\/www.periferieprahy.cz\/blog\/wp-content\/uploads\/2025\/01\/sarka6-300x191.jpg 300w, https:\/\/www.periferieprahy.cz\/blog\/wp-content\/uploads\/2025\/01\/sarka6-768x488.jpg 768w\" sizes=\"auto, (max-width: 973px) 100vw, 973px\" \/><span><\/span><\/a><\/div><\/div><div class=\"su-image-carousel-item\"><div class=\"su-image-carousel-item-content\"><a href=\"https:\/\/www.periferieprahy.cz\/blog\/wp-content\/uploads\/2025\/01\/sarka2.jpg\" data-caption=\"Pod D\u00edv\u010d\u00edm skokem\"><img loading=\"lazy\" decoding=\"async\" width=\"973\" height=\"622\" src=\"https:\/\/www.periferieprahy.cz\/blog\/wp-content\/uploads\/2025\/01\/sarka2.jpg\" class=\"\" alt=\"\" srcset=\"https:\/\/www.periferieprahy.cz\/blog\/wp-content\/uploads\/2025\/01\/sarka2.jpg 973w, https:\/\/www.periferieprahy.cz\/blog\/wp-content\/uploads\/2025\/01\/sarka2-300x192.jpg 300w, https:\/\/www.periferieprahy.cz\/blog\/wp-content\/uploads\/2025\/01\/sarka2-768x491.jpg 768w\" sizes=\"auto, (max-width: 973px) 100vw, 973px\" \/><span>Pod D\u00edv\u010d\u00edm skokem<\/span><\/a><\/div><\/div><\/div><script id=\"su_image_carousel_69f4463baa265_script\">if(window.SUImageCarousel){setTimeout(function() {window.SUImageCarousel.initGallery(document.getElementById(\"su_image_carousel_69f4463baa265\"))}, 0);}var su_image_carousel_69f4463baa265_script=document.getElementById(\"su_image_carousel_69f4463baa265_script\");if(su_image_carousel_69f4463baa265_script){su_image_carousel_69f4463baa265_script.parentNode.removeChild(su_image_carousel_69f4463baa265_script);}<\/script>\n\n\n\n<h3 class=\"wp-block-heading\" id=\"divadlo\">Vzpom\u00ednka na amfite\u00e1tr v \u0161\u00e1reck\u00e9m \u00fadol\u00ed: <\/h3>\n\n\n<div class=\"su-image-carousel  su-image-carousel-has-spacing su-image-carousel-crop su-image-carousel-crop-1-1 su-image-carousel-has-lightbox su-image-carousel-has-outline su-image-carousel-adaptive su-image-carousel-slides-style-default su-image-carousel-controls-style-dark su-image-carousel-align-center\" style=\"max-width:600px\" data-flickity-options='{\"groupCells\":true,\"cellSelector\":\".su-image-carousel-item\",\"adaptiveHeight\":false,\"cellAlign\":\"left\",\"prevNextButtons\":true,\"pageDots\":true,\"autoPlay\":5000,\"imagesLoaded\":true,\"contain\":true,\"selectedAttraction\":0.025000000000000001387778780781445675529539585113525390625,\"friction\":0.2800000000000000266453525910037569701671600341796875}' id=\"su_image_carousel_69f4463bab625\"><div class=\"su-image-carousel-item\"><div class=\"su-image-carousel-item-content\"><a href=\"https:\/\/www.periferieprahy.cz\/blog\/wp-content\/uploads\/2025\/01\/zaj_divadlo12.jpg\" data-caption=\"\u010cesk\u00fd sv\u011bt 11.4.1913 V\u00fdstavba letn\u00edho divadla  v \u0161\u00e1reck\u00e9m \u00fadol\u00ed\"><img loading=\"lazy\" decoding=\"async\" width=\"1083\" height=\"779\" src=\"https:\/\/www.periferieprahy.cz\/blog\/wp-content\/uploads\/2025\/01\/zaj_divadlo12.jpg\" class=\"\" alt=\"\" srcset=\"https:\/\/www.periferieprahy.cz\/blog\/wp-content\/uploads\/2025\/01\/zaj_divadlo12.jpg 1083w, https:\/\/www.periferieprahy.cz\/blog\/wp-content\/uploads\/2025\/01\/zaj_divadlo12-300x216.jpg 300w, https:\/\/www.periferieprahy.cz\/blog\/wp-content\/uploads\/2025\/01\/zaj_divadlo12-1024x737.jpg 1024w, https:\/\/www.periferieprahy.cz\/blog\/wp-content\/uploads\/2025\/01\/zaj_divadlo12-768x552.jpg 768w\" sizes=\"auto, (max-width: 1083px) 100vw, 1083px\" \/><span>\u010cesk\u00fd sv\u011bt 11.4.1913 V\u00fdstavba letn\u00edho divadla  v \u0161\u00e1reck\u00e9m \u00fadol\u00ed<\/span><\/a><\/div><\/div><div class=\"su-image-carousel-item\"><div class=\"su-image-carousel-item-content\"><a href=\"https:\/\/www.periferieprahy.cz\/blog\/wp-content\/uploads\/2025\/01\/zaj_divadlo11-scaled.jpg\" data-caption=\"Pohled na orchest\u0159i\u0161t\u011b a  zapln\u011bn\u00e9 hledi\u0161t\u011b.\nhttps:\/\/upload.wikimedia.org\/wikipedia\/commons\/3\/33\/SarkaDivadlo.jpg\"><img loading=\"lazy\" decoding=\"async\" width=\"2560\" height=\"1469\" src=\"https:\/\/www.periferieprahy.cz\/blog\/wp-content\/uploads\/2025\/01\/zaj_divadlo11-scaled.jpg\" class=\"\" alt=\"\" srcset=\"https:\/\/www.periferieprahy.cz\/blog\/wp-content\/uploads\/2025\/01\/zaj_divadlo11-scaled.jpg 2560w, https:\/\/www.periferieprahy.cz\/blog\/wp-content\/uploads\/2025\/01\/zaj_divadlo11-300x172.jpg 300w, https:\/\/www.periferieprahy.cz\/blog\/wp-content\/uploads\/2025\/01\/zaj_divadlo11-1024x587.jpg 1024w, https:\/\/www.periferieprahy.cz\/blog\/wp-content\/uploads\/2025\/01\/zaj_divadlo11-768x441.jpg 768w, https:\/\/www.periferieprahy.cz\/blog\/wp-content\/uploads\/2025\/01\/zaj_divadlo11-1536x881.jpg 1536w, https:\/\/www.periferieprahy.cz\/blog\/wp-content\/uploads\/2025\/01\/zaj_divadlo11-2048x1175.jpg 2048w\" sizes=\"auto, (max-width: 2560px) 100vw, 2560px\" \/><span>Pohled na orchest\u0159i\u0161t\u011b a  zapln\u011bn\u00e9 hledi\u0161t\u011b.\nhttps:\/\/upload.wikimedia.org\/wikipedia\/commons\/3\/33\/SarkaDivadlo.jpg<\/span><\/a><\/div><\/div><div class=\"su-image-carousel-item\"><div class=\"su-image-carousel-item-content\"><a href=\"https:\/\/www.periferieprahy.cz\/blog\/wp-content\/uploads\/2025\/01\/zaj_divadlo9.jpg\" data-caption=\"\u010cesk\u00fd sv\u011bt 25.5.1913 . Prvn\u00ed p\u0159edstaven\u00ed 6.5.1913\"><img loading=\"lazy\" decoding=\"async\" width=\"970\" height=\"616\" src=\"https:\/\/www.periferieprahy.cz\/blog\/wp-content\/uploads\/2025\/01\/zaj_divadlo9.jpg\" class=\"\" alt=\"\" srcset=\"https:\/\/www.periferieprahy.cz\/blog\/wp-content\/uploads\/2025\/01\/zaj_divadlo9.jpg 970w, https:\/\/www.periferieprahy.cz\/blog\/wp-content\/uploads\/2025\/01\/zaj_divadlo9-300x191.jpg 300w, https:\/\/www.periferieprahy.cz\/blog\/wp-content\/uploads\/2025\/01\/zaj_divadlo9-768x488.jpg 768w\" sizes=\"auto, (max-width: 970px) 100vw, 970px\" \/><span>\u010cesk\u00fd sv\u011bt 25.5.1913 . Prvn\u00ed p\u0159edstaven\u00ed 6.5.1913<\/span><\/a><\/div><\/div><div class=\"su-image-carousel-item\"><div class=\"su-image-carousel-item-content\"><a href=\"https:\/\/www.periferieprahy.cz\/blog\/wp-content\/uploads\/2025\/01\/zaj_divadlo15.jpg\" data-caption=\"\u010cesk\u00fd sv\u011bt 19.06.1914 z p\u0159edstaven\u00ed Ve\u010der t\u0159\u00edkr\u00e1lov\u00fd\"><img loading=\"lazy\" decoding=\"async\" width=\"1230\" height=\"779\" src=\"https:\/\/www.periferieprahy.cz\/blog\/wp-content\/uploads\/2025\/01\/zaj_divadlo15.jpg\" class=\"\" alt=\"\" srcset=\"https:\/\/www.periferieprahy.cz\/blog\/wp-content\/uploads\/2025\/01\/zaj_divadlo15.jpg 1230w, https:\/\/www.periferieprahy.cz\/blog\/wp-content\/uploads\/2025\/01\/zaj_divadlo15-300x190.jpg 300w, https:\/\/www.periferieprahy.cz\/blog\/wp-content\/uploads\/2025\/01\/zaj_divadlo15-1024x649.jpg 1024w, https:\/\/www.periferieprahy.cz\/blog\/wp-content\/uploads\/2025\/01\/zaj_divadlo15-768x486.jpg 768w\" sizes=\"auto, (max-width: 1230px) 100vw, 1230px\" \/><span>\u010cesk\u00fd sv\u011bt 19.06.1914 z p\u0159edstaven\u00ed Ve\u010der t\u0159\u00edkr\u00e1lov\u00fd<\/span><\/a><\/div><\/div><div class=\"su-image-carousel-item\"><div class=\"su-image-carousel-item-content\"><a href=\"https:\/\/www.periferieprahy.cz\/blog\/wp-content\/uploads\/2025\/01\/zaj_divadlo14.jpg\" data-caption=\"\u010cesk\u00fd sv\u011bt 25.5.1913\"><img loading=\"lazy\" decoding=\"async\" width=\"1309\" height=\"770\" src=\"https:\/\/www.periferieprahy.cz\/blog\/wp-content\/uploads\/2025\/01\/zaj_divadlo14.jpg\" class=\"\" alt=\"\" srcset=\"https:\/\/www.periferieprahy.cz\/blog\/wp-content\/uploads\/2025\/01\/zaj_divadlo14.jpg 1309w, https:\/\/www.periferieprahy.cz\/blog\/wp-content\/uploads\/2025\/01\/zaj_divadlo14-300x176.jpg 300w, https:\/\/www.periferieprahy.cz\/blog\/wp-content\/uploads\/2025\/01\/zaj_divadlo14-1024x602.jpg 1024w, https:\/\/www.periferieprahy.cz\/blog\/wp-content\/uploads\/2025\/01\/zaj_divadlo14-768x452.jpg 768w\" sizes=\"auto, (max-width: 1309px) 100vw, 1309px\" \/><span>\u010cesk\u00fd sv\u011bt 25.5.1913<\/span><\/a><\/div><\/div><div class=\"su-image-carousel-item\"><div class=\"su-image-carousel-item-content\"><a href=\"https:\/\/www.periferieprahy.cz\/blog\/wp-content\/uploads\/2025\/01\/zaj_divadlo13.jpg\" data-caption=\"\u010cesk\u00fd sv\u011bt 25.5.1913 Pohled do hledi\u0161t\u011b\"><img loading=\"lazy\" decoding=\"async\" width=\"1342\" height=\"770\" src=\"https:\/\/www.periferieprahy.cz\/blog\/wp-content\/uploads\/2025\/01\/zaj_divadlo13.jpg\" class=\"\" alt=\"\" srcset=\"https:\/\/www.periferieprahy.cz\/blog\/wp-content\/uploads\/2025\/01\/zaj_divadlo13.jpg 1342w, https:\/\/www.periferieprahy.cz\/blog\/wp-content\/uploads\/2025\/01\/zaj_divadlo13-300x172.jpg 300w, https:\/\/www.periferieprahy.cz\/blog\/wp-content\/uploads\/2025\/01\/zaj_divadlo13-1024x588.jpg 1024w, https:\/\/www.periferieprahy.cz\/blog\/wp-content\/uploads\/2025\/01\/zaj_divadlo13-768x441.jpg 768w\" sizes=\"auto, (max-width: 1342px) 100vw, 1342px\" \/><span>\u010cesk\u00fd sv\u011bt 25.5.1913 Pohled do hledi\u0161t\u011b<\/span><\/a><\/div><\/div><div class=\"su-image-carousel-item\"><div class=\"su-image-carousel-item-content\"><a href=\"https:\/\/www.periferieprahy.cz\/blog\/wp-content\/uploads\/2025\/01\/zaj_divadlo10.jpg\" data-caption=\"Dobov\u00e1 pohlednice s pozn\u00e1mkou: Prodan\u00e1 nev\u011bsta Jevi\u0161t\u011b\"><img loading=\"lazy\" decoding=\"async\" width=\"614\" height=\"414\" src=\"https:\/\/www.periferieprahy.cz\/blog\/wp-content\/uploads\/2025\/01\/zaj_divadlo10.jpg\" class=\"\" alt=\"\" srcset=\"https:\/\/www.periferieprahy.cz\/blog\/wp-content\/uploads\/2025\/01\/zaj_divadlo10.jpg 614w, https:\/\/www.periferieprahy.cz\/blog\/wp-content\/uploads\/2025\/01\/zaj_divadlo10-300x202.jpg 300w\" sizes=\"auto, (max-width: 614px) 100vw, 614px\" \/><span>Dobov\u00e1 pohlednice s pozn\u00e1mkou: Prodan\u00e1 nev\u011bsta Jevi\u0161t\u011b<\/span><\/a><\/div><\/div><\/div><script id=\"su_image_carousel_69f4463bab625_script\">if(window.SUImageCarousel){setTimeout(function() {window.SUImageCarousel.initGallery(document.getElementById(\"su_image_carousel_69f4463bab625\"))}, 0);}var su_image_carousel_69f4463bab625_script=document.getElementById(\"su_image_carousel_69f4463bab625_script\");if(su_image_carousel_69f4463bab625_script){su_image_carousel_69f4463bab625_script.parentNode.removeChild(su_image_carousel_69f4463bab625_script);}<\/script>\n\n\n\n<h3 class=\"wp-block-heading\" id=\"tresnovka\">T\u0159e\u0161\u0148ovka<\/h3>\n\n\n\n<p align=\"left\">\n\t\t\t<img loading=\"lazy\" decoding=\"async\" border=\"0\" src=\"https:\/\/www.periferieprahy.cz\/blog\/wp-content\/uploads\/2025\/01\/sarka1.png\" width=\"200\" height=\"175\" align=\"left\">Je \n\t\t\tale je\u0161t\u011b jeden unik\u00e1t, o kter\u00e9m mlad\u0161\u00ed generece nemaj\u00ed asi ani \n\t\t\tpon\u011bt\u00ed, a kter\u00fd by byl v dne\u0161n\u00ed dob\u011b, d\u00edky bohu, t\u011b\u017eko \n\t\t\trealizovateln\u00fd. On se toti\u017e v \u0160\u00e1rce jezdil motokros. Tedy nejezdil \n\t\t\tse p\u0159\u00edmo v \u0161\u00e1reck\u00e9m \u00fadol\u00ed, ale v T\u0159e\u0161\u0148ovce. To je t\u0159e\u0161\u0148ov\u00fd sad pod \n\t\t\tKoz\u00e1kovou sk\u00e1lou, hned vedle p\u0159ehradn\u00ed hr\u00e1ze &quot;D\u017eb\u00e1n&quot;. Jezdilo se \n\t\t\tp\u0159es potok, ve svahu mezi kmeny t\u0159e\u0161n\u00ed a obecenstvo to v\u0161e sledovalo \n\t\t\tz prot\u011bj\u0161\u00edho svahu.<p align=\"left\">\n\t\t\tPoprv\u00e9 se zde jelo v roce 1951 a jezdilo se zde pravideln\u011b a\u017e do \n\t\t\troku 1963. Jezdily se zde i motokrosov\u00e9 z\u00e1vody v r\u00e1mci mistrovst\u00ed \n\t\t\tsv\u011bta. S jistotou mohu napsat, \u017ee to bylo v roce 1962 a 1963. Byl \n\t\t\tjsem se tak\u00e9 na tento posledn\u00ed z\u00e1vod pod\u00edvat. Kdy\u017e v roce 1964 \n\t\t\tkone\u010dn\u011b p\u0159evl\u00e1dly z\u00e1jmy ochrany p\u0159\u00edrody, byla tato cenn\u00e1 lokalita \n\t\t\tjako prvn\u00ed v Praze vyhl\u00e1\u0161ena pam\u00e1tkovou rezervac\u00ed a s motokrosem \n\t\t\tbylo po pt\u00e1k\u00e1ch. Fotografie z\u00e1vod\u016f jsou od pana \u2020Bohumila Nehasila.\n\n\n<div class=\"su-image-carousel  su-image-carousel-has-spacing su-image-carousel-crop su-image-carousel-crop-1-1 su-image-carousel-has-lightbox su-image-carousel-has-outline su-image-carousel-adaptive su-image-carousel-slides-style-default su-image-carousel-controls-style-dark su-image-carousel-align-center\" style=\"max-width:600px\" data-flickity-options='{\"groupCells\":true,\"cellSelector\":\".su-image-carousel-item\",\"adaptiveHeight\":false,\"cellAlign\":\"left\",\"prevNextButtons\":true,\"pageDots\":true,\"autoPlay\":5000,\"imagesLoaded\":true,\"contain\":true,\"selectedAttraction\":0.025000000000000001387778780781445675529539585113525390625,\"friction\":0.2800000000000000266453525910037569701671600341796875}' id=\"su_image_carousel_69f4463bae149\"><div class=\"su-image-carousel-item\"><div class=\"su-image-carousel-item-content\"><a href=\"https:\/\/www.periferieprahy.cz\/blog\/wp-content\/uploads\/2025\/01\/sarka_A.jpg\" data-caption=\"Rok 2023 pohled na T\u0159e\u0161\u0148ovku. V pop\u0159ed\u00ed potok, vlevo Koz\u00e1kova sk\u00e1la. M\u00edsto, kde prob\u00edhaly motokrosov\u00e9 z\u00e1vody.\"><img loading=\"lazy\" decoding=\"async\" width=\"906\" height=\"396\" src=\"https:\/\/www.periferieprahy.cz\/blog\/wp-content\/uploads\/2025\/01\/sarka_A.jpg\" class=\"\" alt=\"\" srcset=\"https:\/\/www.periferieprahy.cz\/blog\/wp-content\/uploads\/2025\/01\/sarka_A.jpg 906w, https:\/\/www.periferieprahy.cz\/blog\/wp-content\/uploads\/2025\/01\/sarka_A-300x131.jpg 300w, https:\/\/www.periferieprahy.cz\/blog\/wp-content\/uploads\/2025\/01\/sarka_A-768x336.jpg 768w\" sizes=\"auto, (max-width: 906px) 100vw, 906px\" \/><span>Rok 2023 pohled na T\u0159e\u0161\u0148ovku. V pop\u0159ed\u00ed potok, vlevo Koz\u00e1kova sk\u00e1la. M\u00edsto, kde prob\u00edhaly motokrosov\u00e9 z\u00e1vody.<\/span><\/a><\/div><\/div><div class=\"su-image-carousel-item\"><div class=\"su-image-carousel-item-content\"><a href=\"https:\/\/www.periferieprahy.cz\/blog\/wp-content\/uploads\/2025\/01\/sarka_F.jpg\" data-caption=\"Motokros v Divok\u00e9 \u0160\u00e1rce - rok 1956.\"><img loading=\"lazy\" decoding=\"async\" width=\"906\" height=\"573\" src=\"https:\/\/www.periferieprahy.cz\/blog\/wp-content\/uploads\/2025\/01\/sarka_F.jpg\" class=\"\" alt=\"\" srcset=\"https:\/\/www.periferieprahy.cz\/blog\/wp-content\/uploads\/2025\/01\/sarka_F.jpg 906w, https:\/\/www.periferieprahy.cz\/blog\/wp-content\/uploads\/2025\/01\/sarka_F-300x190.jpg 300w, https:\/\/www.periferieprahy.cz\/blog\/wp-content\/uploads\/2025\/01\/sarka_F-768x486.jpg 768w\" sizes=\"auto, (max-width: 906px) 100vw, 906px\" \/><span>Motokros v Divok\u00e9 \u0160\u00e1rce - rok 1956.<\/span><\/a><\/div><\/div><div class=\"su-image-carousel-item\"><div class=\"su-image-carousel-item-content\"><a href=\"https:\/\/www.periferieprahy.cz\/blog\/wp-content\/uploads\/2025\/01\/sarka_E.jpg\" data-caption=\"Rok 1956 - j\u00edzda p\u0159es \u0160\u00e1reck\u00fd potok\"><img loading=\"lazy\" decoding=\"async\" width=\"931\" height=\"571\" src=\"https:\/\/www.periferieprahy.cz\/blog\/wp-content\/uploads\/2025\/01\/sarka_E.jpg\" class=\"\" alt=\"\" srcset=\"https:\/\/www.periferieprahy.cz\/blog\/wp-content\/uploads\/2025\/01\/sarka_E.jpg 931w, https:\/\/www.periferieprahy.cz\/blog\/wp-content\/uploads\/2025\/01\/sarka_E-300x184.jpg 300w, https:\/\/www.periferieprahy.cz\/blog\/wp-content\/uploads\/2025\/01\/sarka_E-768x471.jpg 768w\" sizes=\"auto, (max-width: 931px) 100vw, 931px\" \/><span>Rok 1956 - j\u00edzda p\u0159es \u0160\u00e1reck\u00fd potok<\/span><\/a><\/div><\/div><div class=\"su-image-carousel-item\"><div class=\"su-image-carousel-item-content\"><a href=\"https:\/\/www.periferieprahy.cz\/blog\/wp-content\/uploads\/2025\/01\/sarka_D.jpg\" data-caption=\"R. 1953 - start z\u00e1vodu moto 250 ccm\"><img loading=\"lazy\" decoding=\"async\" width=\"601\" height=\"408\" src=\"https:\/\/www.periferieprahy.cz\/blog\/wp-content\/uploads\/2025\/01\/sarka_D.jpg\" class=\"\" alt=\"\" srcset=\"https:\/\/www.periferieprahy.cz\/blog\/wp-content\/uploads\/2025\/01\/sarka_D.jpg 601w, https:\/\/www.periferieprahy.cz\/blog\/wp-content\/uploads\/2025\/01\/sarka_D-300x204.jpg 300w\" sizes=\"auto, (max-width: 601px) 100vw, 601px\" \/><span>R. 1953 - start z\u00e1vodu moto 250 ccm<\/span><\/a><\/div><\/div><div class=\"su-image-carousel-item\"><div class=\"su-image-carousel-item-content\"><a href=\"https:\/\/www.periferieprahy.cz\/blog\/wp-content\/uploads\/2025\/01\/sarka_C.jpg\" data-caption=\"\"><img loading=\"lazy\" decoding=\"async\" width=\"600\" height=\"890\" src=\"https:\/\/www.periferieprahy.cz\/blog\/wp-content\/uploads\/2025\/01\/sarka_C.jpg\" class=\"\" alt=\"\" srcset=\"https:\/\/www.periferieprahy.cz\/blog\/wp-content\/uploads\/2025\/01\/sarka_C.jpg 600w, https:\/\/www.periferieprahy.cz\/blog\/wp-content\/uploads\/2025\/01\/sarka_C-202x300.jpg 202w\" sizes=\"auto, (max-width: 600px) 100vw, 600px\" \/><span><\/span><\/a><\/div><\/div><div class=\"su-image-carousel-item\"><div class=\"su-image-carousel-item-content\"><a href=\"https:\/\/www.periferieprahy.cz\/blog\/wp-content\/uploads\/2025\/01\/sarka_B.jpg\" data-caption=\"\"><img loading=\"lazy\" decoding=\"async\" width=\"600\" height=\"840\" src=\"https:\/\/www.periferieprahy.cz\/blog\/wp-content\/uploads\/2025\/01\/sarka_B.jpg\" class=\"\" alt=\"\" srcset=\"https:\/\/www.periferieprahy.cz\/blog\/wp-content\/uploads\/2025\/01\/sarka_B.jpg 600w, https:\/\/www.periferieprahy.cz\/blog\/wp-content\/uploads\/2025\/01\/sarka_B-214x300.jpg 214w\" sizes=\"auto, (max-width: 600px) 100vw, 600px\" \/><span><\/span><\/a><\/div><\/div><\/div><script id=\"su_image_carousel_69f4463bae149_script\">if(window.SUImageCarousel){setTimeout(function() {window.SUImageCarousel.initGallery(document.getElementById(\"su_image_carousel_69f4463bae149\"))}, 0);}var su_image_carousel_69f4463bae149_script=document.getElementById(\"su_image_carousel_69f4463bae149_script\");if(su_image_carousel_69f4463bae149_script){su_image_carousel_69f4463bae149_script.parentNode.removeChild(su_image_carousel_69f4463bae149_script);}<\/script>\n","protected":false},"excerpt":{"rendered":"<p>\u00fadol\u00ed Divok\u00e9 \u0160\u00e1rky snad byl ka\u017ed\u00fd obyvatel Liboce. A kdo to je\u0161t\u011b nestihl, v\u0159ele doporu\u010duji pravideln\u00e9 n\u00e1v\u0161t\u011bvy. V\u017edy objev\u00edte n\u011bco nov\u00e9ho. Nap\u0159\u00edklad \u017ee v \u00fadol\u00ed, nad \u010certov\u00fdm ml\u00fdnem, existovala od roku 1913&nbsp;letn\u00ed sc\u00e9na N\u00e1rodn\u00edho divadla, a to p\u0159\u00edrodn\u00ed p\u0159\u00edrodn\u00ed amfite\u00e1tr o kapacit\u011b a\u017e 10 000 div\u00e1k\u016f. Divadlo zaniklo v roce 1924, ale od roku 2005 &hellip;<br \/><a href=\"https:\/\/www.periferieprahy.cz\/blog\/2025\/01\/15\/divoka-sarka\/\" class=\"more-link pen_button pen_element_default pen_icon_arrow_double\">Pokra\u010dovat ve\u00a0\u010dten\u00ed <span class=\"screen-reader-text\">Divok\u00e1 \u0160\u00e1rka<\/span><\/a><\/p>\n","protected":false},"author":1,"featured_media":790,"comment_status":"open","ping_status":"open","sticky":false,"template":"","format":"standard","meta":{"_exactmetrics_skip_tracking":false,"_exactmetrics_sitenote_active":false,"_exactmetrics_sitenote_note":"","_exactmetrics_sitenote_category":0,"footnotes":""},"categories":[3],"tags":[],"post_folder":[],"class_list":["post-745","post","type-post","status-publish","format-standard","has-post-thumbnail","hentry","category-redakce"],"_links":{"self":[{"href":"https:\/\/www.periferieprahy.cz\/blog\/wp-json\/wp\/v2\/posts\/745","targetHints":{"allow":["GET"]}}],"collection":[{"href":"https:\/\/www.periferieprahy.cz\/blog\/wp-json\/wp\/v2\/posts"}],"about":[{"href":"https:\/\/www.periferieprahy.cz\/blog\/wp-json\/wp\/v2\/types\/post"}],"author":[{"embeddable":true,"href":"https:\/\/www.periferieprahy.cz\/blog\/wp-json\/wp\/v2\/users\/1"}],"replies":[{"embeddable":true,"href":"https:\/\/www.periferieprahy.cz\/blog\/wp-json\/wp\/v2\/comments?post=745"}],"version-history":[{"count":5,"href":"https:\/\/www.periferieprahy.cz\/blog\/wp-json\/wp\/v2\/posts\/745\/revisions"}],"predecessor-version":[{"id":4541,"href":"https:\/\/www.periferieprahy.cz\/blog\/wp-json\/wp\/v2\/posts\/745\/revisions\/4541"}],"wp:featuredmedia":[{"embeddable":true,"href":"https:\/\/www.periferieprahy.cz\/blog\/wp-json\/wp\/v2\/media\/790"}],"wp:attachment":[{"href":"https:\/\/www.periferieprahy.cz\/blog\/wp-json\/wp\/v2\/media?parent=745"}],"wp:term":[{"taxonomy":"category","embeddable":true,"href":"https:\/\/www.periferieprahy.cz\/blog\/wp-json\/wp\/v2\/categories?post=745"},{"taxonomy":"post_tag","embeddable":true,"href":"https:\/\/www.periferieprahy.cz\/blog\/wp-json\/wp\/v2\/tags?post=745"},{"taxonomy":"post_folder","embeddable":true,"href":"https:\/\/www.periferieprahy.cz\/blog\/wp-json\/wp\/v2\/post_folder?post=745"}],"curies":[{"name":"wp","href":"https:\/\/api.w.org\/{rel}","templated":true}]}}