{"id":976,"date":"2025-01-21T00:11:58","date_gmt":"2025-01-20T23:11:58","guid":{"rendered":"https:\/\/www.periferieprahy.cz\/blog\/?p=976"},"modified":"2025-04-13T20:58:59","modified_gmt":"2025-04-13T18:58:59","slug":"c-p-2","status":"publish","type":"post","link":"https:\/\/www.periferieprahy.cz\/blog\/2025\/01\/21\/c-p-2\/","title":{"rendered":"\u010c. p. 2 domek kosteln\u00edka"},"content":{"rendered":"\n<p align=\"left\">\n\t\t\t<img loading=\"lazy\" decoding=\"async\" border=\"0\" src=\"https:\/\/www.periferieprahy.cz\/blog\/wp-content\/uploads\/2024\/12\/pismo7_4.gif\" width=\"107\" height=\"132\" align=\"left\"><span style=\"visibility: hidden\"><font size=\"1\">D<\/font><\/span>\u016fm \n\t\t\tji\u017e&nbsp; neexistuje. Nev\u00edme kdy byl zbo\u0159en. Na map\u011b z roku 1938 se \n\t\t\tje\u0161t\u011b objevuje. Pam\u011btn\u00edci \u0159\u00edkaj\u00ed, \u017ee zde je\u0161t\u011b v roce 1946 \u017eila \n\t\t\tjak\u00e1si star\u00e1 pan\u00ed se spoustou ko\u010dek.&nbsp; Podle z\u00e1znam\u016f pana Mare\u0161e&nbsp; \n\t\t\tbyl dr\u017eitelem p.Putta, dozorce p\u0159i hospod\u00e1\u0159stv\u00ed, v letech \n\t\t\tkolem 1840 pan\u00ed Marie Vesel\u00e1 provd.T\u016fmov\u00e1. Je pops\u00e1n jako b\u00fdval\u00fd \n\t\t\tkostelnick\u00fd domek.\n\n\n<div class=\"wp-block-image\">\n<figure class=\"aligncenter size-full\"><a href=\"https:\/\/www.periferieprahy.cz\/blog\/wp-content\/uploads\/2025\/01\/cp2.jpg\"><img loading=\"lazy\" decoding=\"async\" width=\"800\" height=\"373\" src=\"https:\/\/www.periferieprahy.cz\/blog\/wp-content\/uploads\/2025\/01\/cp2.jpg\" alt=\"\" class=\"wp-image-974\" srcset=\"https:\/\/www.periferieprahy.cz\/blog\/wp-content\/uploads\/2025\/01\/cp2.jpg 800w, https:\/\/www.periferieprahy.cz\/blog\/wp-content\/uploads\/2025\/01\/cp2-300x140.jpg 300w, https:\/\/www.periferieprahy.cz\/blog\/wp-content\/uploads\/2025\/01\/cp2-768x358.jpg 768w\" sizes=\"auto, (max-width: 800px) 100vw, 800px\" \/><\/a><figcaption class=\"wp-element-caption\">Z libock\u00e9 kroniky \u00a9 p. Hol\u00e1 &#8211; \u0160est\u00e1kov\u00e1, kreslila v roce 1906 sle\u010dna Rzivn\u00e1\u010dov\u00e1<\/figcaption><\/figure>\n<\/div>\n\n<div class=\"wp-block-image\">\n<figure class=\"aligncenter size-full\"><a href=\"https:\/\/www.periferieprahy.cz\/blog\/wp-content\/uploads\/2025\/01\/cp2a.jpg\"><img loading=\"lazy\" decoding=\"async\" width=\"936\" height=\"689\" src=\"https:\/\/www.periferieprahy.cz\/blog\/wp-content\/uploads\/2025\/01\/cp2a.jpg\" alt=\"\" class=\"wp-image-975\" srcset=\"https:\/\/www.periferieprahy.cz\/blog\/wp-content\/uploads\/2025\/01\/cp2a.jpg 936w, https:\/\/www.periferieprahy.cz\/blog\/wp-content\/uploads\/2025\/01\/cp2a-300x221.jpg 300w, https:\/\/www.periferieprahy.cz\/blog\/wp-content\/uploads\/2025\/01\/cp2a-768x565.jpg 768w\" sizes=\"auto, (max-width: 936px) 100vw, 936px\" \/><\/a><figcaption class=\"wp-element-caption\">Na tomto m\u00edst\u011b st\u00e1val d\u016fm s \u010d.p. 2<\/figcaption><\/figure>\n<\/div>\n\n\n<p><\/p>\n","protected":false},"excerpt":{"rendered":"<p>D\u016fm ji\u017e&nbsp; neexistuje. Nev\u00edme kdy byl zbo\u0159en. Na map\u011b z roku 1938 se je\u0161t\u011b objevuje. Pam\u011btn\u00edci \u0159\u00edkaj\u00ed, \u017ee zde je\u0161t\u011b v roce 1946 \u017eila jak\u00e1si star\u00e1 pan\u00ed se spoustou ko\u010dek.&nbsp; Podle z\u00e1znam\u016f pana Mare\u0161e&nbsp; byl dr\u017eitelem p.Putta, dozorce p\u0159i hospod\u00e1\u0159stv\u00ed, v letech kolem 1840 pan\u00ed Marie Vesel\u00e1 provd.T\u016fmov\u00e1. Je pops\u00e1n jako b\u00fdval\u00fd kostelnick\u00fd domek.<\/p>\n","protected":false},"author":1,"featured_media":974,"comment_status":"open","ping_status":"open","sticky":false,"template":"","format":"standard","meta":{"_exactmetrics_skip_tracking":false,"_exactmetrics_sitenote_active":false,"_exactmetrics_sitenote_note":"","_exactmetrics_sitenote_category":0,"footnotes":""},"categories":[3],"tags":[],"post_folder":[],"class_list":["post-976","post","type-post","status-publish","format-standard","has-post-thumbnail","hentry","category-redakce"],"_links":{"self":[{"href":"https:\/\/www.periferieprahy.cz\/blog\/wp-json\/wp\/v2\/posts\/976","targetHints":{"allow":["GET"]}}],"collection":[{"href":"https:\/\/www.periferieprahy.cz\/blog\/wp-json\/wp\/v2\/posts"}],"about":[{"href":"https:\/\/www.periferieprahy.cz\/blog\/wp-json\/wp\/v2\/types\/post"}],"author":[{"embeddable":true,"href":"https:\/\/www.periferieprahy.cz\/blog\/wp-json\/wp\/v2\/users\/1"}],"replies":[{"embeddable":true,"href":"https:\/\/www.periferieprahy.cz\/blog\/wp-json\/wp\/v2\/comments?post=976"}],"version-history":[{"count":4,"href":"https:\/\/www.periferieprahy.cz\/blog\/wp-json\/wp\/v2\/posts\/976\/revisions"}],"predecessor-version":[{"id":2505,"href":"https:\/\/www.periferieprahy.cz\/blog\/wp-json\/wp\/v2\/posts\/976\/revisions\/2505"}],"wp:featuredmedia":[{"embeddable":true,"href":"https:\/\/www.periferieprahy.cz\/blog\/wp-json\/wp\/v2\/media\/974"}],"wp:attachment":[{"href":"https:\/\/www.periferieprahy.cz\/blog\/wp-json\/wp\/v2\/media?parent=976"}],"wp:term":[{"taxonomy":"category","embeddable":true,"href":"https:\/\/www.periferieprahy.cz\/blog\/wp-json\/wp\/v2\/categories?post=976"},{"taxonomy":"post_tag","embeddable":true,"href":"https:\/\/www.periferieprahy.cz\/blog\/wp-json\/wp\/v2\/tags?post=976"},{"taxonomy":"post_folder","embeddable":true,"href":"https:\/\/www.periferieprahy.cz\/blog\/wp-json\/wp\/v2\/post_folder?post=976"}],"curies":[{"name":"wp","href":"https:\/\/api.w.org\/{rel}","templated":true}]}}