{"id":995,"date":"2025-01-22T23:21:04","date_gmt":"2025-01-22T22:21:04","guid":{"rendered":"https:\/\/www.periferieprahy.cz\/blog\/?p=995"},"modified":"2025-07-08T22:44:47","modified_gmt":"2025-07-08T20:44:47","slug":"c-p-3-chalupa-sokolovna","status":"publish","type":"post","link":"https:\/\/www.periferieprahy.cz\/blog\/2025\/01\/22\/c-p-3-chalupa-sokolovna\/","title":{"rendered":"\u010c. p. 3 chalupa &#8222;Sokolovna&#8220;"},"content":{"rendered":"\n<p align=\"justify\">\n\t\t\t<img loading=\"lazy\" decoding=\"async\" border=\"0\" src=\"https:\/\/www.periferieprahy.cz\/blog\/wp-content\/uploads\/2024\/12\/pismo7_15.gif\" width=\"111\" height=\"147\" align=\"left\"><span style=\"visibility: hidden\"><font size=\"1\">P<\/font><\/span>odle \n\t\t\tpam\u011bt\u00ed a z\u00e1znam\u016f pana Mare\u0161e a podle matrik narozen\u00fdch zde kolem \n\t\t\troku 1828 \u017eil V\u00e1clav Kn\u00ed\u017ee krej\u010d\u00ed a ml\u00edka\u0159 1872 V\u00e1clav Kn\u00ed\u017ee \n\t\t\tkov\u00e1\u0159;1889 Franti\u0161ek Kn\u00ed\u017ee kov\u00e1\u0159 ;1903 Josef Sokolovsk\u00fd (<b>odsud \n\t\t\tasi n\u00e1zev &quot;Sokolovna&quot;<\/b>) cukr\u00e1\u0159 a redaktor P\u0159edm\u011bstsk\u00fdch list\u016f; \n\t\t\tp\u0159ed 1908 Josef Jandovsk\u00fd kov\u00e1\u0159; 1908 Josef Jandovsk\u00fd, \u0159et\u011bzokov\u00e1\u0159. \n\t\t\tV meziv\u00e1le\u010dn\u00e9m obdob\u00ed \u0160\u0165astn\u00fd Karel. Staven\u00ed nese \n\t\t\tletopo\u010det 1825 a a stoj\u00ed ve star\u00e9 libock\u00e9 z\u00e1stavb\u011b na k\u0159i\u017eovatce \n\t\t\tuli\u010dek \u0160ebesti\u00e1nsk\u00e1 a V Domc\u00edch . B\u00fdvalo zde i uhl\u00ed\u0159stv\u00ed pana \n\t\t\tVejlupka.<p align=\"justify\">\n\t\t\tVe star\u0161\u00edch matrik\u00e1ch jsem nep\u00e1tral, proto\u017ee nelze jednozna\u010dn\u011b ur\u010dit \n\t\t\tzda se jedn\u00e1 v dan\u00e9m p\u0159\u00edpad\u011b o Horn\u00ed \u010di Doln\u00ed Liboc.&nbsp;\n\n\n<div class=\"wp-block-image\">\n<figure class=\"aligncenter size-full is-resized\"><img loading=\"lazy\" decoding=\"async\" width=\"800\" height=\"538\" src=\"https:\/\/www.periferieprahy.cz\/blog\/wp-content\/uploads\/2025\/01\/cp3_sokolovna.jpg\" alt=\"\" class=\"wp-image-998\" style=\"width:596px;height:auto\" srcset=\"https:\/\/www.periferieprahy.cz\/blog\/wp-content\/uploads\/2025\/01\/cp3_sokolovna.jpg 800w, https:\/\/www.periferieprahy.cz\/blog\/wp-content\/uploads\/2025\/01\/cp3_sokolovna-300x202.jpg 300w, https:\/\/www.periferieprahy.cz\/blog\/wp-content\/uploads\/2025\/01\/cp3_sokolovna-768x516.jpg 768w\" sizes=\"auto, (max-width: 800px) 100vw, 800px\" \/><figcaption class=\"wp-element-caption\">Z libock\u00e9 kroniky &#8211; &#8222;Sokolovna&#8220; na p\u016fvabn\u00e9m obr\u00e1zku sl. Rzivn\u00e1\u010dov\u00e9 z roku 1906. To zde pr\u00e1v\u011b \u017eila i rodina Josefa Sokolovsk\u00e9ho. Odsud asi ten n\u00e1zev. \u00a9Hol\u00e1-\u0160est\u00e1kov\u00e1<\/figcaption><\/figure>\n<\/div>\n\n<div class=\"wp-block-image\">\n<figure class=\"aligncenter size-full is-resized\"><img loading=\"lazy\" decoding=\"async\" width=\"464\" height=\"486\" src=\"https:\/\/www.periferieprahy.cz\/blog\/wp-content\/uploads\/2025\/01\/cp3_2.jpg\" alt=\"\" class=\"wp-image-997\" style=\"width:588px;height:auto\" srcset=\"https:\/\/www.periferieprahy.cz\/blog\/wp-content\/uploads\/2025\/01\/cp3_2.jpg 464w, https:\/\/www.periferieprahy.cz\/blog\/wp-content\/uploads\/2025\/01\/cp3_2-286x300.jpg 286w\" sizes=\"auto, (max-width: 464px) 100vw, 464px\" \/><figcaption class=\"wp-element-caption\">\u010c. p. 3 &#8222;Sokolovna&#8220; dnes<\/figcaption><\/figure>\n<\/div>\n\n<div class=\"wp-block-image\">\n<figure class=\"aligncenter size-full is-resized\"><img loading=\"lazy\" decoding=\"async\" width=\"338\" height=\"498\" src=\"https:\/\/www.periferieprahy.cz\/blog\/wp-content\/uploads\/2025\/01\/cp3_1.jpg\" alt=\"\" class=\"wp-image-996\" style=\"width:478px;height:auto\" srcset=\"https:\/\/www.periferieprahy.cz\/blog\/wp-content\/uploads\/2025\/01\/cp3_1.jpg 338w, https:\/\/www.periferieprahy.cz\/blog\/wp-content\/uploads\/2025\/01\/cp3_1-204x300.jpg 204w\" sizes=\"auto, (max-width: 338px) 100vw, 338px\" \/><figcaption class=\"wp-element-caption\">Jarda Hole\u010dek ml\u00edka\u0159 , Olda Vejlupek uhl\u00ed\u0159, kter\u00fd v &#8222;Sokolovn\u011b&#8220; provozoval svou \u017eivnost . Bohu\u017eel nev\u00edme, kde fotka vznikla. Nev\u00ed n\u011bkdo co je to za d\u016fm za nimi? Foto 1935 [Mare\u0161]<\/figcaption><\/figure>\n<\/div>\n\n\n<h2 class=\"wp-block-heading\"><strong>N\u011bkolik z\u00e1znam\u016f z matrik narozen\u00fdch, aby bylo mo\u017eno ur\u010dit, kdo v dom\u011b \u017eil<\/strong><\/h2>\n\n\n<div class=\"wp-block-image\">\n<figure class=\"aligncenter size-full is-resized\"><img loading=\"lazy\" decoding=\"async\" width=\"868\" height=\"609\" src=\"https:\/\/www.periferieprahy.cz\/blog\/wp-content\/uploads\/2025\/01\/image-4.png\" alt=\"\" class=\"wp-image-1000\" style=\"width:800px\" srcset=\"https:\/\/www.periferieprahy.cz\/blog\/wp-content\/uploads\/2025\/01\/image-4.png 868w, https:\/\/www.periferieprahy.cz\/blog\/wp-content\/uploads\/2025\/01\/image-4-300x210.png 300w, https:\/\/www.periferieprahy.cz\/blog\/wp-content\/uploads\/2025\/01\/image-4-768x539.png 768w\" sizes=\"auto, (max-width: 868px) 100vw, 868px\" \/><\/figure>\n<\/div>\n\n<div class=\"wp-block-image\">\n<figure class=\"aligncenter size-full is-resized\"><img loading=\"lazy\" decoding=\"async\" width=\"867\" height=\"599\" src=\"https:\/\/www.periferieprahy.cz\/blog\/wp-content\/uploads\/2025\/01\/image-5.png\" alt=\"\" class=\"wp-image-1002\" style=\"width:800px\" srcset=\"https:\/\/www.periferieprahy.cz\/blog\/wp-content\/uploads\/2025\/01\/image-5.png 867w, https:\/\/www.periferieprahy.cz\/blog\/wp-content\/uploads\/2025\/01\/image-5-300x207.png 300w, https:\/\/www.periferieprahy.cz\/blog\/wp-content\/uploads\/2025\/01\/image-5-768x531.png 768w\" sizes=\"auto, (max-width: 867px) 100vw, 867px\" \/><\/figure>\n<\/div>\n\n<div class=\"wp-block-image\">\n<figure class=\"aligncenter size-full is-resized\"><img loading=\"lazy\" decoding=\"async\" width=\"872\" height=\"610\" src=\"https:\/\/www.periferieprahy.cz\/blog\/wp-content\/uploads\/2025\/01\/image-6.png\" alt=\"\" class=\"wp-image-1003\" style=\"width:800px\" srcset=\"https:\/\/www.periferieprahy.cz\/blog\/wp-content\/uploads\/2025\/01\/image-6.png 872w, https:\/\/www.periferieprahy.cz\/blog\/wp-content\/uploads\/2025\/01\/image-6-300x210.png 300w, https:\/\/www.periferieprahy.cz\/blog\/wp-content\/uploads\/2025\/01\/image-6-768x537.png 768w\" sizes=\"auto, (max-width: 872px) 100vw, 872px\" \/><\/figure>\n<\/div>\n\n<div class=\"wp-block-image\">\n<figure class=\"aligncenter size-full is-resized\"><img loading=\"lazy\" decoding=\"async\" width=\"877\" height=\"505\" src=\"https:\/\/www.periferieprahy.cz\/blog\/wp-content\/uploads\/2025\/01\/image-7.png\" alt=\"\" class=\"wp-image-1004\" style=\"width:800px\" srcset=\"https:\/\/www.periferieprahy.cz\/blog\/wp-content\/uploads\/2025\/01\/image-7.png 877w, https:\/\/www.periferieprahy.cz\/blog\/wp-content\/uploads\/2025\/01\/image-7-300x173.png 300w, https:\/\/www.periferieprahy.cz\/blog\/wp-content\/uploads\/2025\/01\/image-7-768x442.png 768w\" sizes=\"auto, (max-width: 877px) 100vw, 877px\" \/><\/figure>\n<\/div>\n\n<div class=\"wp-block-image\">\n<figure class=\"aligncenter size-full is-resized\"><img loading=\"lazy\" decoding=\"async\" width=\"869\" height=\"483\" src=\"https:\/\/www.periferieprahy.cz\/blog\/wp-content\/uploads\/2025\/01\/image-8.png\" alt=\"\" class=\"wp-image-1005\" style=\"width:800px\" srcset=\"https:\/\/www.periferieprahy.cz\/blog\/wp-content\/uploads\/2025\/01\/image-8.png 869w, https:\/\/www.periferieprahy.cz\/blog\/wp-content\/uploads\/2025\/01\/image-8-300x167.png 300w, https:\/\/www.periferieprahy.cz\/blog\/wp-content\/uploads\/2025\/01\/image-8-768x427.png 768w\" sizes=\"auto, (max-width: 869px) 100vw, 869px\" \/><\/figure>\n<\/div>\n\n<div class=\"wp-block-image\">\n<figure class=\"aligncenter size-full is-resized\"><img loading=\"lazy\" decoding=\"async\" width=\"865\" height=\"483\" src=\"https:\/\/www.periferieprahy.cz\/blog\/wp-content\/uploads\/2025\/01\/image-9.png\" alt=\"\" class=\"wp-image-1006\" style=\"width:800px\" srcset=\"https:\/\/www.periferieprahy.cz\/blog\/wp-content\/uploads\/2025\/01\/image-9.png 865w, https:\/\/www.periferieprahy.cz\/blog\/wp-content\/uploads\/2025\/01\/image-9-300x168.png 300w, https:\/\/www.periferieprahy.cz\/blog\/wp-content\/uploads\/2025\/01\/image-9-768x429.png 768w\" sizes=\"auto, (max-width: 865px) 100vw, 865px\" \/><\/figure>\n<\/div>","protected":false},"excerpt":{"rendered":"<p>Podle pam\u011bt\u00ed a z\u00e1znam\u016f pana Mare\u0161e a podle matrik narozen\u00fdch zde kolem roku 1828 \u017eil V\u00e1clav Kn\u00ed\u017ee krej\u010d\u00ed a ml\u00edka\u0159 1872 V\u00e1clav Kn\u00ed\u017ee kov\u00e1\u0159;1889 Franti\u0161ek Kn\u00ed\u017ee kov\u00e1\u0159 ;1903 Josef Sokolovsk\u00fd (odsud asi n\u00e1zev &quot;Sokolovna&quot;) cukr\u00e1\u0159 a redaktor P\u0159edm\u011bstsk\u00fdch list\u016f; p\u0159ed 1908 Josef Jandovsk\u00fd kov\u00e1\u0159; 1908 Josef Jandovsk\u00fd, \u0159et\u011bzokov\u00e1\u0159. V meziv\u00e1le\u010dn\u00e9m obdob\u00ed \u0160\u0165astn\u00fd Karel. Staven\u00ed nese &hellip;<br \/><a href=\"https:\/\/www.periferieprahy.cz\/blog\/2025\/01\/22\/c-p-3-chalupa-sokolovna\/\" class=\"more-link pen_button pen_element_default pen_icon_arrow_double\">Pokra\u010dovat ve\u00a0\u010dten\u00ed <span class=\"screen-reader-text\">\u010c. p. 3 chalupa &#8222;Sokolovna&#8220;<\/span><\/a><\/p>\n","protected":false},"author":1,"featured_media":996,"comment_status":"open","ping_status":"open","sticky":false,"template":"","format":"standard","meta":{"_exactmetrics_skip_tracking":false,"_exactmetrics_sitenote_active":false,"_exactmetrics_sitenote_note":"","_exactmetrics_sitenote_category":0,"footnotes":""},"categories":[35,3],"tags":[],"post_folder":[],"class_list":["post-995","post","type-post","status-publish","format-standard","has-post-thumbnail","hentry","category-kovari","category-redakce"],"_links":{"self":[{"href":"https:\/\/www.periferieprahy.cz\/blog\/wp-json\/wp\/v2\/posts\/995","targetHints":{"allow":["GET"]}}],"collection":[{"href":"https:\/\/www.periferieprahy.cz\/blog\/wp-json\/wp\/v2\/posts"}],"about":[{"href":"https:\/\/www.periferieprahy.cz\/blog\/wp-json\/wp\/v2\/types\/post"}],"author":[{"embeddable":true,"href":"https:\/\/www.periferieprahy.cz\/blog\/wp-json\/wp\/v2\/users\/1"}],"replies":[{"embeddable":true,"href":"https:\/\/www.periferieprahy.cz\/blog\/wp-json\/wp\/v2\/comments?post=995"}],"version-history":[{"count":3,"href":"https:\/\/www.periferieprahy.cz\/blog\/wp-json\/wp\/v2\/posts\/995\/revisions"}],"predecessor-version":[{"id":2504,"href":"https:\/\/www.periferieprahy.cz\/blog\/wp-json\/wp\/v2\/posts\/995\/revisions\/2504"}],"wp:featuredmedia":[{"embeddable":true,"href":"https:\/\/www.periferieprahy.cz\/blog\/wp-json\/wp\/v2\/media\/996"}],"wp:attachment":[{"href":"https:\/\/www.periferieprahy.cz\/blog\/wp-json\/wp\/v2\/media?parent=995"}],"wp:term":[{"taxonomy":"category","embeddable":true,"href":"https:\/\/www.periferieprahy.cz\/blog\/wp-json\/wp\/v2\/categories?post=995"},{"taxonomy":"post_tag","embeddable":true,"href":"https:\/\/www.periferieprahy.cz\/blog\/wp-json\/wp\/v2\/tags?post=995"},{"taxonomy":"post_folder","embeddable":true,"href":"https:\/\/www.periferieprahy.cz\/blog\/wp-json\/wp\/v2\/post_folder?post=995"}],"curies":[{"name":"wp","href":"https:\/\/api.w.org\/{rel}","templated":true}]}}